{"id":123207,"date":"2025-09-18T14:29:09","date_gmt":"2025-09-18T14:29:09","guid":{"rendered":"https:\/\/www.europesays.com\/es\/123207\/"},"modified":"2025-09-18T14:29:09","modified_gmt":"2025-09-18T14:29:09","slug":"luz-gabas-ganadora-del-planeta-vuelve-con-corazon-de-oro","status":"publish","type":"post","link":"https:\/\/www.europesays.com\/es\/123207\/","title":{"rendered":"Luz Gab\u00e1s, ganadora del Planeta, vuelve con \u2018Coraz\u00f3n de oro\u2019"},"content":{"rendered":"<p class=\"\"><b>Luz Gab\u00e1s<\/b>, la autora de \u00e9xitos como Lejos de Luisiana (premio Planeta en 2022) y Palmeras en la nieve, <b>est\u00e1 de vuelta con <\/b><b>Coraz\u00f3n de oro<\/b> (Planeta), una historia de amor, aventuras y venganza ambientada en la fiebre del oro de California, un fen\u00f3meno apasionante de mediados del siglo XIX que sedujo a miles de personas de todo el mundo. <\/p>\n<p class=\"\">Gracias a una <b>rica labor de documentaci\u00f3n<\/b>, Gab\u00e1s logra que el lector viaje en el tiempo hasta una \u00e9poca convulsa, la de la fiebre del oro y la guerra de Secesi\u00f3n americana, y a lugares de un estado en plena transformaci\u00f3n, como los asentamientos mineros en la cordillera Sierra Nevada, la emergente ciudad de San Francisco y los ranchos del valle de San Luis Obispo. Adem\u00e1s, pisamos La Habana y Nueva Orleans, recorremos vastas llanuras y desiertos en una caravana de viajeros, navegamos por el r\u00edo Misisipi y vislumbramos monta\u00f1as imponentes como las Rocosas.<\/p>\n<p class=\"\">Su protagonista, <b>un joven emigrante espa\u00f1ol<\/b> <b>tentado por el sue\u00f1o americano<\/b> y un futuro mejor, luchar\u00e1 contra las adversidades y las injusticias en una tierra inh\u00f3spita mientras crece en \u00e9l un deseo tan irrefrenable como inesperado. Los buscadores del oro en el Lejano Oeste americano, los colonos que ocuparon las tierras de los nativos y los pueblos ind\u00edgenas habitan esta trepidante novela coral que refleja la complejidad social y las disputas por tierras con pasado espa\u00f1ol y mexicano. <\/p>\n<p class=\"\">La elecci\u00f3n del contexto no ha sido al azar: \u201cEn mi anterior novela, Lejos de Luisiana, <b>miles de lectores descubrieron aquel territorio entonces inmenso<\/b> que, durante cuarenta a\u00f1os, de 1763 a 1803, fue <b>gobernado por espa\u00f1oles<\/b>. El final coincide en el tiempo con el comienzo del desplazamiento de los estadounidenses hacia el oeste de Misisipi. De la extensa bibliograf\u00eda que manej\u00e9 y ampli\u00e9 con nuevas lecturas y de mi propia experiencia personal surgi\u00f3 el deseo de trasladarme literariamente hacia el oeste y ubicar mi nueva historia, Coraz\u00f3n de oro, en California\u201d, explica en las p\u00e1ginas de libro la autora, cuyo libro se encuentra ya a la venta desde esta semana. <\/p>\n<p class=\"\">Adem\u00e1s, esta novela <b>arranca en Pasolobino, el pueblo ficticio del Pirineo aragon\u00e9s de <\/b><b>Palmeras en la nieve<\/b>, la obra con la que debut\u00f3 la autora y se convirti\u00f3 en un fen\u00f3meno de p\u00fablico y cr\u00edtica. Con esta novela, la autora recupera un pasado desconocido: el de los espa\u00f1oles que vivieron la aventura del oro en California y trabajaron luego en ranchos de la regi\u00f3n en aquellos momentos de mediados del siglo XIX. <\/p>\n<p>Sinopsis <\/p>\n<p class=\"\">California, 1849. <b>La fiebre del oro enloquece a los hombres<\/b> que, <b>llegados desde todas las partes del mundo<\/b>, alcanzan los r\u00edos y monta\u00f1as donde se esconde el metal m\u00e1s codiciado. Entre ellos est\u00e1 <b>Lori\u00e9n<\/b>, un <b>joven espa\u00f1ol<\/b> a quien, tras una desesperada traves\u00eda mar\u00edtima y terrestre, el azar le regala la aventura m\u00e1s apasionante que jam\u00e1s pudo imaginar: <b>un amor inmenso por una mujer valerosa<\/b>, una amistad inquebrantable que supera cualquier prejuicio y una haza\u00f1a poco convencional en una tierra inh\u00f3spita en plena efervescencia. <\/p>\n<p class=\"\">Como Lori\u00e9n, muchos otros se lanzar\u00e1n con <b>la esperanza de asegurarse un futuro pr\u00f3spero<\/b> en un territorio estadounidense con pasado mexicano, espa\u00f1ol y nativo. Pero \u00e9l no tardar\u00e1 en vivir en carne propia la <b>incomprensi\u00f3n de un entorno tan hostil como lleno de oportunidades<\/b>. Mientras su tes\u00f3n ser\u00e1 puesto a prueba, comprobar\u00e1 que nada ser\u00e1 tal y como hab\u00eda imaginado.<\/p>\n<p>Noticias relacionadas<a href=\"https:\/\/as.com\/meristation\/libros\/vuelve-john-boyne-el-aclamado-autor-de-el-nino-con-el-pijama-de-rayas-la-ia-nunca-reemplazara-la-imaginacion-de-un-ser-humano-n\/\" class=\"mm__wr\" title=\"El escritor acaba de publicar \u2018Una escalera hacia el cielo\u2019, una novela ambientada en el mundo editorial con una mirada mordaz hacia lo que significa la gloria literaria.\" data-tb-link=\"\" rel=\"nofollow noopener\" target=\"_blank\"><img decoding=\"async\" src=\"https:\/\/www.europesays.com\/es\/wp-content\/uploads\/2025\/09\/3VQSU6NBQZFALG7HVO2QMORKJU.jpeg\" alt=\"Vuelve John Boyne, el aclamado autor de \u2018El ni\u00f1o con el pijama de rayas\u2019: \u201cLa IA nunca reemplazar\u00e1 la imaginaci\u00f3n de un ser humano\u201d\" class=\"mm__img\" height=\"9\" width=\"16\"   loading=\"lazy\" data-tb-thumbnail=\"\"\/><\/a><a href=\"https:\/\/as.com\/meristation\/libros\/sylvester-stallone-publicara-en-mayo-de-2026-sus-esperadas-memorias-los-escalones-n\/\" class=\"mm__wr\" title=\"Plaza &amp; Jan\u00e9s sacar\u00e1 las memorias en papel, en formato digital y en audiolibro de uno de los actores, guionistas y directores m\u00e1s venerados de todos los tiempos.\" data-tb-link=\"\" rel=\"nofollow noopener\" target=\"_blank\"><img decoding=\"async\" src=\"https:\/\/www.europesays.com\/es\/wp-content\/uploads\/2025\/09\/Q7N6VESN4VHNFAM2JSHDCAI7H4.jpeg\" alt=\"Sylvester Stallone publicar\u00e1 en mayo de 2026 sus esperadas memorias: \u2018Los escalones\u2019\" class=\"mm__img\" height=\"9\" width=\"16\"   loading=\"lazy\" data-tb-thumbnail=\"\"\/><\/a><\/p>\n<p class=\"\">Suscr\u00edbete al <a href=\"https:\/\/www.youtube.com\/@meristation\" target=\"_self\" rel=\"nofollow noopener\" title=\"https:\/\/www.youtube.com\/@meristation\">canal de MeriStation en YouTube<\/a>, tu web de videojuegos y entretenimiento para conocer todas las noticias y novedades sobre el mundo del videojuego, cine, series, manga y anime. An\u00e1lisis, entrevistas, tr\u00e1ileres, gameplays, p\u00f3dcast y mucho m\u00e1s. Tambi\u00e9n te animamos a seguir <a href=\"https:\/\/www.tiktok.com\/@meristation\" rel=\"nofollow noopener\" title=\"https:\/\/www.tiktok.com\/@meristation\" target=\"_blank\">nuestra cuenta de TikTok<\/a>. <\/p>\n<p class=\"\">\u00a1S\u00edguenos en ambas y, si est\u00e1s interesado en licenciar este contenido, pincha <a href=\"https:\/\/profesional.elpais.com\/soluciones-sindicacion?utm_medium=interno&amp;utm_source=crosslinking&amp;utm_campaign=sindicacion_as_pie_articulos\" target=\"_blank\" rel=\"nofollow noopener\" title=\"https:\/\/profesional.elpais.com\/soluciones-sindicacion?utm_medium=interno&amp;utm_source=crosslinking&amp;utm_campaign=sindicacion_as_pie_articulos\">aqu\u00ed<\/a>!<\/p>\n<p><script async src=\"\/\/www.tiktok.com\/embed.js\"><\/script><\/p>\n","protected":false},"excerpt":{"rendered":"Luz Gab\u00e1s, la autora de \u00e9xitos como Lejos de Luisiana (premio Planeta en 2022) y Palmeras en la&hellip;\n","protected":false},"author":2,"featured_media":123208,"comment_status":"","ping_status":"","sticky":false,"template":"","format":"standard","meta":{"footnotes":""},"categories":[172],"tags":[224,146,147,25,24,225,23],"class_list":{"0":"post-123207","1":"post","2":"type-post","3":"status-publish","4":"format-standard","5":"has-post-thumbnail","7":"category-libros","8":"tag-books","9":"tag-entertainment","10":"tag-entretenimiento","11":"tag-es","12":"tag-espana","13":"tag-libros","14":"tag-spain"},"share_on_mastodon":{"url":"","error":""},"_links":{"self":[{"href":"https:\/\/www.europesays.com\/es\/wp-json\/wp\/v2\/posts\/123207","targetHints":{"allow":["GET"]}}],"collection":[{"href":"https:\/\/www.europesays.com\/es\/wp-json\/wp\/v2\/posts"}],"about":[{"href":"https:\/\/www.europesays.com\/es\/wp-json\/wp\/v2\/types\/post"}],"author":[{"embeddable":true,"href":"https:\/\/www.europesays.com\/es\/wp-json\/wp\/v2\/users\/2"}],"replies":[{"embeddable":true,"href":"https:\/\/www.europesays.com\/es\/wp-json\/wp\/v2\/comments?post=123207"}],"version-history":[{"count":0,"href":"https:\/\/www.europesays.com\/es\/wp-json\/wp\/v2\/posts\/123207\/revisions"}],"wp:featuredmedia":[{"embeddable":true,"href":"https:\/\/www.europesays.com\/es\/wp-json\/wp\/v2\/media\/123208"}],"wp:attachment":[{"href":"https:\/\/www.europesays.com\/es\/wp-json\/wp\/v2\/media?parent=123207"}],"wp:term":[{"taxonomy":"category","embeddable":true,"href":"https:\/\/www.europesays.com\/es\/wp-json\/wp\/v2\/categories?post=123207"},{"taxonomy":"post_tag","embeddable":true,"href":"https:\/\/www.europesays.com\/es\/wp-json\/wp\/v2\/tags?post=123207"}],"curies":[{"name":"wp","href":"https:\/\/api.w.org\/{rel}","templated":true}]}}