{"id":123213,"date":"2025-09-18T14:35:09","date_gmt":"2025-09-18T14:35:09","guid":{"rendered":"https:\/\/www.europesays.com\/es\/123213\/"},"modified":"2025-09-18T14:35:09","modified_gmt":"2025-09-18T14:35:09","slug":"lo-casi-nunca-visto-guillermo-y-kate-middleton-cogidos-de-la-mano-en-un-momento-intimo-durante-el-banquete-de-estado","status":"publish","type":"post","link":"https:\/\/www.europesays.com\/es\/123213\/","title":{"rendered":"Lo (casi) nunca visto: Guillermo y Kate Middleton, cogidos de la mano en un momento \u00edntimo durante el banquete de Estado"},"content":{"rendered":"<p>Donald Trump y Kate MiddletonIAN VOGLER\/Getty Images<\/p>\n<p>Lo curioso es que por la ma\u00f1ana, <a href=\"https:\/\/www.revistavanityfair.es\/articulos\/por-que-guillermo-y-kate-middleton-primeros-en-saludar-a-donald-y-melania-trump\" rel=\"nofollow noopener\" target=\"_blank\">al recibir a los Trump<\/a> tras su aterrizaje con el Marine One, la propia Middleton coment\u00f3 con su marido lo tierno que le parec\u00eda que la pareja hubiera aparecido ante de ellos de una forma muy cari\u00f1osa, pues se\u00f1al\u00f3 que le encantaba \u00abla manera en que se toman de la mano\u00bb. En realidad, no fue la de anoche la primera vez que el pr\u00edncipe Guillermo y Kate Middleton comparten momentos \u00edntimos en sus redes sociales, pues en su reciente visita a Pontypridd, una ciudad de Gales, tambi\u00e9n compartieron en Instagram una imagen similar en la que se ve a la pareja de espaldas caminando de la mano junto al texto \u201c\u00a1Gracias, Pontypridd!\u201d.<\/p>\n<p><a href=\"https:\/\/www.revistavanityfair.es\/poder\/articulos\/jill-biden-ya-ha-elegido-al-gabinete-de-su-ala-este-mayoria-de-mujeres-para-una-primera-dama-a-tiempo-parcial\/48441\" rel=\"nofollow noopener\" target=\"_blank\">Melania Trump<\/a> apost\u00f3 para la velada por un vestido de Carolina Herrera mientras que <a href=\"https:\/\/www.revistavanityfair.es\/articulos\/kate-middleton-reina-camilla-melania-cena-gala-trump-windsor\" rel=\"nofollow noopener\" target=\"_blank\">Kate Middleton acapar\u00f3 todas las miradas<\/a> enfundada en un impresionante vestido de encaje de la dise\u00f1adora brit\u00e1nica Phillipa Lepley que combin\u00f3 con la que fuera la tiara preferida de la princesa Diana, la <a href=\"https:\/\/www.revistavanityfair.es\/articulos\/kate-middleton-vuelve-a-llevar-tiara-la-lovers-knot-la-favorita-de-diana-de-gales-en-la-cena-de-estado-con-los-macron-acompanada-de-un-espectacular-vestido-rojo-de-givenchy\" rel=\"nofollow noopener\" target=\"_blank\">tiara Lover&#8217;s Knot<\/a>.<\/p>\n","protected":false},"excerpt":{"rendered":"Donald Trump y Kate MiddletonIAN VOGLER\/Getty Images Lo curioso es que por la ma\u00f1ana, al recibir a los&hellip;\n","protected":false},"author":2,"featured_media":123214,"comment_status":"","ping_status":"","sticky":false,"template":"","format":"standard","meta":{"footnotes":""},"categories":[91],"tags":[146,147,25,24,5868,5869,18700,23],"class_list":{"0":"post-123213","1":"post","2":"type-post","3":"status-publish","4":"format-standard","5":"has-post-thumbnail","7":"category-entretenimiento","8":"tag-entertainment","9":"tag-entretenimiento","10":"tag-es","11":"tag-espana","12":"tag-familia-real-britanica","13":"tag-guillermo-windsor","14":"tag-kate-middleton","15":"tag-spain"},"share_on_mastodon":{"url":"","error":""},"_links":{"self":[{"href":"https:\/\/www.europesays.com\/es\/wp-json\/wp\/v2\/posts\/123213","targetHints":{"allow":["GET"]}}],"collection":[{"href":"https:\/\/www.europesays.com\/es\/wp-json\/wp\/v2\/posts"}],"about":[{"href":"https:\/\/www.europesays.com\/es\/wp-json\/wp\/v2\/types\/post"}],"author":[{"embeddable":true,"href":"https:\/\/www.europesays.com\/es\/wp-json\/wp\/v2\/users\/2"}],"replies":[{"embeddable":true,"href":"https:\/\/www.europesays.com\/es\/wp-json\/wp\/v2\/comments?post=123213"}],"version-history":[{"count":0,"href":"https:\/\/www.europesays.com\/es\/wp-json\/wp\/v2\/posts\/123213\/revisions"}],"wp:featuredmedia":[{"embeddable":true,"href":"https:\/\/www.europesays.com\/es\/wp-json\/wp\/v2\/media\/123214"}],"wp:attachment":[{"href":"https:\/\/www.europesays.com\/es\/wp-json\/wp\/v2\/media?parent=123213"}],"wp:term":[{"taxonomy":"category","embeddable":true,"href":"https:\/\/www.europesays.com\/es\/wp-json\/wp\/v2\/categories?post=123213"},{"taxonomy":"post_tag","embeddable":true,"href":"https:\/\/www.europesays.com\/es\/wp-json\/wp\/v2\/tags?post=123213"}],"curies":[{"name":"wp","href":"https:\/\/api.w.org\/{rel}","templated":true}]}}