{"id":123219,"date":"2025-09-18T14:38:04","date_gmt":"2025-09-18T14:38:04","guid":{"rendered":"https:\/\/www.europesays.com\/es\/123219\/"},"modified":"2025-09-18T14:38:04","modified_gmt":"2025-09-18T14:38:04","slug":"eurovision-2026-francia-y-australia-confirman-su-participacion-pese-a-la-polemica-presencia-de-israel","status":"publish","type":"post","link":"https:\/\/www.europesays.com\/es\/123219\/","title":{"rendered":"Eurovisi\u00f3n 2026: Francia y Australia confirman su participaci\u00f3n pese a la pol\u00e9mica presencia de Israel"},"content":{"rendered":"<p>\n                    Publicado                 18\/09\/2025 &#8211; 16:27 CEST<br \/>\n                \u2022Ultima actualizaci\u00f3n<br \/>\n                                     16:35\n                                        <\/p>\n<p>          <img decoding=\"async\" class=\"c-ad__placeholder__logo\" src=\"https:\/\/static.euronews.com\/website\/images\/logos\/logo-euronews-stacked-outlined-72x72-grey-9.svg\" width=\"72\" height=\"72\" alt=\"\" loading=\"lazy\"\/><br \/>\n          PUBLICIDAD<\/p>\n<p>Mientras siguen aumentando las tensiones por el creciente n\u00famero de pa\u00edses que amenazan con abandonar el <strong>Festival de Eurovisi\u00f3n<\/strong> del pr\u00f3ximo a\u00f1o si se mantiene a Israel en el cartel, Francia y Australia han confirmado que acudir\u00e1n a Viena el pr\u00f3ximo mes de mayo.<\/p>\n<p>El Servicio Especial de Radiodifusi\u00f3n de <strong>Australia<\/strong> (SBS) ha declarado que tiene la intenci\u00f3n de retransmitir Eurovisi\u00f3n 2026 \u00abindependientemente de si la UER [Uni\u00f3n Europea de Radiodifusi\u00f3n, que organiza el concurso] permite o no la participaci\u00f3n de Israel\u00bb, destacando la cadena en un comunicado que <strong>continuar\u00e1 con su tradici\u00f3n de celebrar \u00abla diversidad<\/strong> y la inclusi\u00f3n con todos los australianos\u00bb.<\/p>\n<p>\u00ab&#8216;France T\u00e9l\u00e9visions&#8217; se complace en confirmar su participaci\u00f3n en el Festival de Eurovisi\u00f3n 2026 el 16 de mayo en Viena, junto a otros medios de comunicaci\u00f3n de servicio p\u00fablico miembros de la <strong>UER<\/strong>\u00ab, escribi\u00f3 la cadena francesa en un comunicado, sin comentarios sobre la presencia de Israel en el concurso. \u00abEl grupo reafirma su apoyo a la creaci\u00f3n musical, a los artistas y a este acontecimiento \u00fanico\u00bb.<\/p>\n<p>Francia es uno de los Cinco Grandes, los cinco mayores contribuyentes financieros al concurso, junto con Italia, Reino Unido, Alemania y Espa\u00f1a. A principios de esta semana, la radiotelevisi\u00f3n p\u00fablica espa\u00f1ola &#8216;RTVE&#8217; <a href=\"https:\/\/es.euronews.com\/cultura\/2025\/09\/16\/el-consejo-de-rtve-acuerda-que-espana-se-retire-de-eurovision-2026-por-la-participacion-is\" rel=\"nofollow noopener\" target=\"_blank\"><strong>anunci\u00f3 oficialmente que no participar\u00eda si lo hac\u00eda Israel<\/strong><\/a>, con el <a href=\"https:\/\/es.euronews.com\/cultura\/2025\/05\/19\/pedro-sanchez-pide-que-se-excluya-a-israel-de-eurovision-y-rtve-quiere-una-auditoria-de-lo\" rel=\"nofollow noopener\" target=\"_blank\"><strong>apoyo del Presidente del Gobierno<\/strong><\/a> y <a href=\"https:\/\/es.euronews.com\/cultura\/2025\/09\/10\/espana-amenaza-con-retirarse-de-eurovision-2026-si-israel-participa\" rel=\"nofollow noopener\" target=\"_blank\"><strong>la Ministra de Cultura<\/strong><\/a>. Teniendo en cuenta que Espa\u00f1a es uno de los Cinco Grandes, la retirada del pa\u00eds podr\u00eda plantear importantes problemas financieros al concurso.<\/p>\n<p>\u00abEl genocidio que se est\u00e1 produciendo hace imposible que miremos hacia otro lado\u00bb, declar\u00f3 la cadena. Espa\u00f1a se une as\u00ed a <a href=\"https:\/\/es.euronews.com\/cultura\/2025\/09\/12\/inconcebible-irlanda-boicoteara-eurovision-2026-si-participa-israel\" rel=\"nofollow noopener\" target=\"_blank\"><strong>Irlanda<\/strong><\/a>, <a href=\"https:\/\/es.euronews.com\/cultura\/2025\/05\/07\/mas-de-70-exconcursantes-de-eurovision-piden-la-exclusion-de-israel-del-festival\" rel=\"nofollow noopener\" target=\"_blank\"><strong>Eslovenia<\/strong><\/a>, <a href=\"https:\/\/es.euronews.com\/cultura\/2025\/05\/07\/mas-de-70-exconcursantes-de-eurovision-piden-la-exclusion-de-israel-del-festival\" rel=\"nofollow noopener\" target=\"_blank\"><strong>Islandia<\/strong><\/a> y <strong>Pa\u00edses Bajos<\/strong>, que tambi\u00e9n amenazan con <strong>boicotear Eurovisi\u00f3n 2026<\/strong>.<\/p>\n<p>Adem\u00e1s, &#8216;<a href=\"https:\/\/eurovoix.com\/2025\/09\/17\/denmark-dr-sets-conditions-participation-eurovision\/\" target=\"_blank\" rel=\"noreferrer nofollow noopener\"><strong>Eurovoix<\/strong><\/a><strong>&#8216;<\/strong> informa de que la cadena danesa &#8216;DR&#8217; ha declarado que no se retirar\u00e1 de Eurovisi\u00f3n si Israel compite. Sin embargo, <strong>ha puesto condiciones para seguir participando.<\/strong><\/p>\n<p>En una declaraci\u00f3n a &#8216;DR&#8217; Nyheder, Gustav L\u00fctzh\u00f8ft, redactor jefe de &#8216;DR Cultura, Debate y M\u00fasica&#8217;, ha esbozado <strong>la postura de la cadena danesa<\/strong> sobre la participaci\u00f3n en el Festival de Eurovisi\u00f3n: \u00abNuestra participaci\u00f3n est\u00e1 condicionada a que siga habiendo una comunidad internacional fuerte, seguridad y un marco apol\u00edtico en torno al concurso. Nuestra participaci\u00f3n no es ni un apoyo ni una protesta contra pa\u00edses individuales, sino m\u00e1s bien un deseo de mantener las comunidades m\u00e1s all\u00e1 de las fronteras\u00bb.<\/p>\n<p>&#8216;KAN&#8217;, la televisi\u00f3n p\u00fablica israel\u00ed, no tiene intenci\u00f3n de echarse atr\u00e1s y planea participar en la edici\u00f3n del a\u00f1o que viene. En los \u00faltimos d\u00edas, se ha informado de <strong>una propuesta de compromiso \u00abno oficial\u00bb de la UER<\/strong>, que sugiere que Israel se retire temporalmente o compita bajo una bandera neutral.<\/p>\n<p>Aunque Eurovisi\u00f3n es supuestamente apol\u00edtica, la UER excluy\u00f3 a Rusia del concurso poco despu\u00e9s de su invasi\u00f3n de Ucrania en 2022. Sin embargo, Israel ha seguido compitiendo en los \u00faltimos dos a\u00f1os a pesar de <a href=\"https:\/\/www.euronews.com\/culture\/2025\/05\/06\/former-eurovision-contestants-call-for-israel-and-broadcaster-kan-to-be-banned\" rel=\"nofollow noopener\" target=\"_blank\"><strong>la creciente preocupaci\u00f3n internacional<\/strong><\/a> por sus acciones en Gaza.<\/p>\n<p>Desde el ataque de Ham\u00e1s contra ciudadanos israel\u00edes el 7 de octubre de 2023, m\u00faltiples expertos en derechos humanos de la ONU <a href=\"https:\/\/www.ohchr.org\/en\/press-releases\/2024\/11\/un-special-committee-finds-israels-warfare-methods-gaza-consistent-genocide\" target=\"_blank\" rel=\"noreferrer nofollow noopener\"><strong>han declarado que las acciones militares de Israel en Gaza equivalen a genocidio<\/strong><\/a>, y la Corte Internacional de Justicia ha considerado plausibles las denuncias de genocidio. La Clasificaci\u00f3n Integrada de la Fase de Seguridad Alimentaria <a href=\"https:\/\/es.euronews.com\/2025\/08\/22\/la-onu-confirma-por-primera-vez-la-hambruna-en-la-ciudad-de-gaza-y-advierte-de-su-expansio\" rel=\"nofollow noopener\" target=\"_blank\"><strong>anunci\u00f3 que la poblaci\u00f3n de la Franja de Gaza se enfrenta oficialmente a una hambruna \u00abprovocada por el hombre\u00bb<\/strong><\/a> en el territorio, a pesar de lo que ha dicho el Gobierno israel\u00ed. La decisi\u00f3n sobre la inclusi\u00f3n de Israel la tomar\u00e1 el \u00f3rgano rector del concurso en diciembre.<\/p>\n<p><strong>La edici\u00f3n del 70\u00ba aniversario de Eurovisi\u00f3n se celebrar\u00e1 en Viena (Austria). La final tendr\u00e1 lugar el 16 de mayo, tras las semifinales del 12 y 14 de mayo de 2026.<\/strong><\/p>\n","protected":false},"excerpt":{"rendered":"Publicado 18\/09\/2025 &#8211; 16:27 CEST \u2022Ultima actualizaci\u00f3n 16:35 PUBLICIDAD Mientras siguen aumentando las tensiones por el creciente n\u00famero&hellip;\n","protected":false},"author":2,"featured_media":123220,"comment_status":"","ping_status":"","sticky":false,"template":"","format":"standard","meta":{"footnotes":""},"categories":[42],"tags":[4699,17,18,10813,24121,13,14,317,11,61,62,63,64,74,19,20,9,10,15,16,1526,12,21,22,65,66,67],"class_list":{"0":"post-123219","1":"post","2":"type-post","3":"status-publish","4":"format-standard","5":"has-post-thumbnail","7":"category-internacional","8":"tag-australia","9":"tag-breaking-news","10":"tag-breakingnews","11":"tag-conflicto-palestino-israeli","12":"tag-eurovision","13":"tag-featured-news","14":"tag-featurednews","15":"tag-francia","16":"tag-headlines","17":"tag-internacional","18":"tag-international","19":"tag-international-news","20":"tag-internationalnews","21":"tag-israel","22":"tag-latest-news","23":"tag-latestnews","24":"tag-news","25":"tag-noticias","26":"tag-noticias-destacadas","27":"tag-noticiasdestacadas","28":"tag-polemica","29":"tag-titulares","30":"tag-ultimas-noticias","31":"tag-ultimasnoticias","32":"tag-world","33":"tag-world-news","34":"tag-worldnews"},"share_on_mastodon":{"url":"","error":""},"_links":{"self":[{"href":"https:\/\/www.europesays.com\/es\/wp-json\/wp\/v2\/posts\/123219","targetHints":{"allow":["GET"]}}],"collection":[{"href":"https:\/\/www.europesays.com\/es\/wp-json\/wp\/v2\/posts"}],"about":[{"href":"https:\/\/www.europesays.com\/es\/wp-json\/wp\/v2\/types\/post"}],"author":[{"embeddable":true,"href":"https:\/\/www.europesays.com\/es\/wp-json\/wp\/v2\/users\/2"}],"replies":[{"embeddable":true,"href":"https:\/\/www.europesays.com\/es\/wp-json\/wp\/v2\/comments?post=123219"}],"version-history":[{"count":0,"href":"https:\/\/www.europesays.com\/es\/wp-json\/wp\/v2\/posts\/123219\/revisions"}],"wp:featuredmedia":[{"embeddable":true,"href":"https:\/\/www.europesays.com\/es\/wp-json\/wp\/v2\/media\/123220"}],"wp:attachment":[{"href":"https:\/\/www.europesays.com\/es\/wp-json\/wp\/v2\/media?parent=123219"}],"wp:term":[{"taxonomy":"category","embeddable":true,"href":"https:\/\/www.europesays.com\/es\/wp-json\/wp\/v2\/categories?post=123219"},{"taxonomy":"post_tag","embeddable":true,"href":"https:\/\/www.europesays.com\/es\/wp-json\/wp\/v2\/tags?post=123219"}],"curies":[{"name":"wp","href":"https:\/\/api.w.org\/{rel}","templated":true}]}}