{"id":123221,"date":"2025-09-18T14:39:09","date_gmt":"2025-09-18T14:39:09","guid":{"rendered":"https:\/\/www.europesays.com\/es\/123221\/"},"modified":"2025-09-18T14:39:09","modified_gmt":"2025-09-18T14:39:09","slug":"fotos-asi-ha-sido-el-viaje-de-los-reyes-de-espana-por-el-magico-egipto","status":"publish","type":"post","link":"https:\/\/www.europesays.com\/es\/123221\/","title":{"rendered":"FOTOS: As\u00ed ha sido el viaje de los Reyes de Espa\u00f1a por el m\u00e1gico Egipto"},"content":{"rendered":"<p>          <img decoding=\"async\" class=\"c-ad__placeholder__logo\" src=\"https:\/\/static.euronews.com\/website\/images\/logos\/logo-euronews-stacked-outlined-72x72-grey-9.svg\" width=\"72\" height=\"72\" alt=\"\" loading=\"lazy\"\/><br \/>\n          PUBLICIDAD<\/p>\n<p>Los <strong>Reyes de Espa\u00f1a acaban su primer viaje de Estado a <a href=\"https:\/\/es.euronews.com\/viajes\/2025\/04\/25\/el-proyecto-egipcio-de-45000000-de-euros-en-las-piramides-de-guiza-que-busca-frenar-el-com\" rel=\"nofollow noopener\" target=\"_blank\">Egipto<\/a><\/strong> tras ser invitados por el presidente Abdelfatah El Sisi. Sus Majestades han ido acompa\u00f1adas del ministro de Asuntos Exteriores, Uni\u00f3n Europea y Cooperaci\u00f3n, Jos\u00e9 Manuel <strong>Albares<\/strong> y de la secretaria de Estado de Comercio, Mar\u00eda Amparo L\u00f3pez Senovilla.<\/p>\n<p>Este viaje ha tenido como objetivo <strong>reforzar la relaci\u00f3n entre ambas naciones<\/strong> y continuar estrechando los profundos lazos hist\u00f3ricos, pol\u00edticos, econ\u00f3micos, culturales, cient\u00edficos y de cooperaci\u00f3n existentes entre la tierra de los faraones y Espa\u00f1a. <\/p>\n<p>En esta visita, el rey Felipe VI ha aprovechado para <strong>pedir la paz en Oriente Medio<\/strong> y una convivencia pac\u00edfica, di\u00e1logo y reconciliaci\u00f3n, en una clara referencia al <a href=\"https:\/\/es.euronews.com\/2025\/09\/18\/la-ofensiva-israeli-en-gaza-deja-mas-de-65000-muertos-y-medio-millon-de-desplazados\" rel=\"nofollow noopener\" target=\"_blank\">conflicto entre Israel y Ham\u00e1s en la Franja de Gaza.<\/a><\/p>\n<p>Una oportunidad de estrechar los v\u00ednculos econ\u00f3micos<\/p>\n<p>Los monarcas espa\u00f1oles organizaron una recepci\u00f3n con la <strong>colonia espa\u00f1ola residente en Egipto<\/strong>, a la que asistieron 300 personas. Entre las actividades, destac\u00f3 el foro empresarial Espa\u00f1a-Egipto que reuni\u00f3 empresarios, autoridades espa\u00f1olas y egipcias para explorar oportunidades de cooperaci\u00f3n econ\u00f3mica.<\/p>\n<p>Adem\u00e1s, tanto don Felipe como do\u00f1a Letizia se han reunido con numerosas personalidades, como el presidente El Sisi y otras autoridades egipcias como el primer ministro, ministros de relaciones exteriores, inversi\u00f3n, comercio, as\u00ed como la primera dama del pa\u00eds, Entissar Amer El Sisi. <\/p>\n<p>Tambi\u00e9n tuvo lugar un encuentro con la <strong>C\u00e1mara de Representantes egipcia<\/strong> y su presidente, con una sesi\u00f3n simb\u00f3lica de entrega de la Medalla de Oro del Parlamento espa\u00f1ol al Rey.<\/p>\n","protected":false},"excerpt":{"rendered":"PUBLICIDAD Los Reyes de Espa\u00f1a acaban su primer viaje de Estado a Egipto tras ser invitados por el&hellip;\n","protected":false},"author":2,"featured_media":123222,"comment_status":"","ping_status":"","sticky":false,"template":"","format":"standard","meta":{"footnotes":""},"categories":[8],"tags":[17,18,15229,5284,25,24,13,14,244,11,19,20,11440,9,10,15,16,8140,23,12,21,22],"class_list":{"0":"post-123221","1":"post","2":"type-post","3":"status-publish","4":"format-standard","5":"has-post-thumbnail","7":"category-espana","8":"tag-breaking-news","9":"tag-breakingnews","10":"tag-diplomacia","11":"tag-egipto","12":"tag-es","13":"tag-espana","14":"tag-featured-news","15":"tag-featurednews","16":"tag-fotografia","17":"tag-headlines","18":"tag-latest-news","19":"tag-latestnews","20":"tag-letizia-ortiz","21":"tag-news","22":"tag-noticias","23":"tag-noticias-destacadas","24":"tag-noticiasdestacadas","25":"tag-rey-felipe-vi","26":"tag-spain","27":"tag-titulares","28":"tag-ultimas-noticias","29":"tag-ultimasnoticias"},"share_on_mastodon":{"url":"","error":""},"_links":{"self":[{"href":"https:\/\/www.europesays.com\/es\/wp-json\/wp\/v2\/posts\/123221","targetHints":{"allow":["GET"]}}],"collection":[{"href":"https:\/\/www.europesays.com\/es\/wp-json\/wp\/v2\/posts"}],"about":[{"href":"https:\/\/www.europesays.com\/es\/wp-json\/wp\/v2\/types\/post"}],"author":[{"embeddable":true,"href":"https:\/\/www.europesays.com\/es\/wp-json\/wp\/v2\/users\/2"}],"replies":[{"embeddable":true,"href":"https:\/\/www.europesays.com\/es\/wp-json\/wp\/v2\/comments?post=123221"}],"version-history":[{"count":0,"href":"https:\/\/www.europesays.com\/es\/wp-json\/wp\/v2\/posts\/123221\/revisions"}],"wp:featuredmedia":[{"embeddable":true,"href":"https:\/\/www.europesays.com\/es\/wp-json\/wp\/v2\/media\/123222"}],"wp:attachment":[{"href":"https:\/\/www.europesays.com\/es\/wp-json\/wp\/v2\/media?parent=123221"}],"wp:term":[{"taxonomy":"category","embeddable":true,"href":"https:\/\/www.europesays.com\/es\/wp-json\/wp\/v2\/categories?post=123221"},{"taxonomy":"post_tag","embeddable":true,"href":"https:\/\/www.europesays.com\/es\/wp-json\/wp\/v2\/tags?post=123221"}],"curies":[{"name":"wp","href":"https:\/\/api.w.org\/{rel}","templated":true}]}}