{"id":123223,"date":"2025-09-18T14:40:15","date_gmt":"2025-09-18T14:40:15","guid":{"rendered":"https:\/\/www.europesays.com\/es\/123223\/"},"modified":"2025-09-18T14:40:15","modified_gmt":"2025-09-18T14:40:15","slug":"el-csic-celebra-la-noche-europea-de-los-investigadores-y-las-investigadoras-con-mas-de-200-actividades","status":"publish","type":"post","link":"https:\/\/www.europesays.com\/es\/123223\/","title":{"rendered":"El CSIC celebra La Noche Europea de los Investigadores y las Investigadoras con m\u00e1s de 200 actividades"},"content":{"rendered":"<p><img decoding=\"async\" src=\"https:\/\/www.europesays.com\/es\/wp-content\/uploads\/2025\/09\/BANNER 2025.png\" data-entity-uuid=\"18b8e3b8-bae7-4d50-afd7-1cd621b1ea2f\" data-entity-type=\"file\"\/><\/p>\n<p class=\"MsoNormal\">El\u00a0<strong>viernes 26 de septiembre<\/strong> 2025\u00a0se celebra la\u00a0<a href=\"https:\/\/marie-sklodowska-curie-actions.ec.europa.eu\/actions\/msca-citizens\/join-a-celebration-of-science\" rel=\"nofollow noopener\" target=\"_blank\"><strong>Noche Europea de los Investigadores y las Investigadoras<\/strong><\/a> en unas 375 ciudades de Europa, un encuentro entre ciudadan\u00eda y personal investigador de todas las \u00e1reas del conocimiento\u00a0que cada a\u00f1o se celebra el \u00faltimo viernes y s\u00e1bado del mes de septiembre. Como cada a\u00f1o,\u00a0especialistas del CSIC comparten su ciencia\u00a0con personas de todas las edades en<strong> actividades gratuitas\u00a0y en m\u00faltiples formatos<\/strong>. \u00a0Encuentros, talleres, juegos infantiles, yincanas, charlas, exhibiciones, visitas guiadas, experimentos, observaciones astron\u00f3micas y espect\u00e1culos\u00a0de artes y ciencia se dan cita en numerosas localidades de toda la geograf\u00eda espa\u00f1ola.<\/p>\n<p class=\"MsoNormal\">Aqu\u00ed te dejamos\u00a0un\u00a0listado organizado por comunidades aut\u00f3nomas, donde podr\u00e1s consultar las actividades que tendr\u00e1n lugar cerca de ti. Adem\u00e1s, puedes seguir\u00a0todas las novedades a trav\u00e9s de las\u00a0redes sociales\u00a0con el hashtag\u00a0<a href=\"https:\/\/www.google.es\/search?sxsrf=ACYBGNRLs3-WABEohRsOzkXoQyW8JndHhw%3A1583158361805&amp;ei=WRRdXtziMIGAjLsP8oOHgAs&amp;q=%23NIGHTSpain&amp;oq=%23NIGHTSpain&amp;gs_l=psy-ab.3..35i39l3.0.0..165280...1.0..0.70.70.1......0......gws-wiz.aoXouuiac3w&amp;ved=0ahUKEwic85y-_PvnAhUBAGMBHfLBAbAQ4dUDCAo&amp;uact=5\" target=\"_blank\" rel=\"nofollow noopener\"><strong>#NIGHTSpain<\/strong><\/a>\u00a0(tambi\u00e9n #NocheEuropeaInvestigadores y #EuropeanResearchersNight).<\/p>\n<p><img decoding=\"async\" src=\"https:\/\/www.europesays.com\/es\/wp-content\/uploads\/2025\/09\/IAS.jpg\" data-entity-uuid=\"dbd2df2f-00ed-41f4-a858-f41891402dab\" data-entity-type=\"file\" width=\"99.83%\"\/><\/p>\n<p><strong>ANDALUC\u00cdA<\/strong><\/p>\n<p class=\"MsoNormal\"><img decoding=\"async\" src=\"https:\/\/www.europesays.com\/es\/wp-content\/uploads\/2025\/09\/mesa-exp-4-768x576.jpg\" data-entity-uuid=\"6711147d-bfba-4708-9f47-befdf7e1ef79\" data-entity-type=\"file\" width=\"46.37%\" class=\"align-right\"\/>En <strong>C\u00e1diz<\/strong>, tanto el Instituto Espa\u00f1ol Oceanogr\u00e1fico (IEO-CSIC) como el Instituto de Ciencias Marinas de Andaluc\u00eda (ICMAN-CSIC) organizan numerosas <a href=\"https:\/\/lanochedelosinvestigadores.fundaciondescubre.es\/cadiz\/plaza-del-rey-san-fernando\/?\" rel=\"nofollow noopener\" target=\"_blank\">actividades en la Plaza del Rey<\/a> en San Fernando, que acercan las ciencias oce\u00e1nicas a la ciudadan\u00eda. En ellas podr\u00e1s, por ejemplo, elaborar un <a href=\"https:\/\/lanochedelosinvestigadores.fundaciondescubre.es\/actividades\/el-fondo-marino-a-tu-alcance\/\" rel=\"nofollow noopener\" target=\"_blank\">mapa del fondo del mar<\/a>, dar un <a href=\"https:\/\/lanochedelosinvestigadores.fundaciondescubre.es\/actividades\/un-paseo-microscopico-por-el-fondo-costero\/\" rel=\"nofollow noopener\" target=\"_blank\">paseo microsc\u00f3pico<\/a> por el fondo costero, identificar y ubicar <a href=\"https:\/\/lanochedelosinvestigadores.fundaciondescubre.es\/actividades\/que-se-mueve-en-los-oceanos\/\" rel=\"nofollow noopener\" target=\"_blank\">animales marinos<\/a>, entender las <a href=\"https:\/\/lanochedelosinvestigadores.fundaciondescubre.es\/actividades\/corrientes-marinas\/\" rel=\"nofollow noopener\" target=\"_blank\">corrientes marinas<\/a>, ver de cerca<a href=\"https:\/\/lanochedelosinvestigadores.fundaciondescubre.es\/actividades\/explorando-el-oceano-desde-el-cielo-hasta-el-fondo-del-mar\/\" rel=\"nofollow noopener\" target=\"_blank\"> equipamiento real de exploraci\u00f3n oce\u00e1nica<\/a>, identificar las <a href=\"https:\/\/lanochedelosinvestigadores.fundaciondescubre.es\/actividades\/medusa-a-babor-navegando-entre-mitos-y-tentaculos\/\" rel=\"nofollow noopener\" target=\"_blank\">medusas comunes<\/a> en nuestras costas.<\/p>\n<p class=\"MsoNormal\">En\u00a0<strong>C\u00f3rdoba<\/strong>, el Instituto de Agricultura Sostenible (IAS-CSIC) celebra la 7\u00aa edici\u00f3n del evento\u00a0<a href=\"https:\/\/lanochedelosinvestigadores.fundaciondescubre.es\/actividades\/ciencia-y-musica-bajo-las-estrellas\/\" rel=\"nofollow noopener\" target=\"_blank\">Ciencia y m\u00fasica bajo las estrellas<\/a>, que re\u00fane observaciones astron\u00f3micas, visitas guiadas, charlas contrarreloj, experimentos, m\u00fasica al aire libre e incluso demostraciones de esgrima para dar a conocer la investigaci\u00f3n agraria. Por su parte, el Instituto de Estudios Avanzados (IESA-CSIC) participa en los\u00a0<a href=\"https:\/\/lanochedelosinvestigadores.fundaciondescubre.es\/cordoba\/patios-de-ciencia-patios-cordobeses\/\" rel=\"nofollow noopener\" target=\"_blank\">Patios de ciencia\u00a0<\/a>con numerosos microencuentros con tem\u00e1ticas como las\u00a0<a href=\"https:\/\/lanochedelosinvestigadores.fundaciondescubre.es\/actividades\/las-encuestas-fallan-tu-tienes-la-culpa\/\" rel=\"nofollow noopener\" target=\"_blank\">encuestas<\/a>, la\u00a0<a href=\"https:\/\/lanochedelosinvestigadores.fundaciondescubre.es\/actividades\/ciencia-ciudadana-y-conocimiento-experto-para-el-estudio-del-medio-ambiente\/\" rel=\"nofollow noopener\" target=\"_blank\">ciencia ciudadana<\/a> para la conservaci\u00f3n ambiental o la potabilidad del<a href=\"https:\/\/lanochedelosinvestigadores.fundaciondescubre.es\/actividades\/agua-que-no-has-de-beber-volveran-en-los-pedroches-a-confiar-en-el-agua-del-grifo\/\" rel=\"nofollow noopener\" target=\"_blank\"> agua<\/a> en el mundo rural.<\/p>\n<p class=\"MsoNormal\"><a href=\"https:\/\/lanochedelosinvestigadores.fundaciondescubre.es\/actividades\/5-sigma-podcast\/\" rel=\"nofollow noopener\" target=\"_blank\"><img decoding=\"async\" src=\"https:\/\/www.europesays.com\/es\/wp-content\/uploads\/2025\/09\/sigma.png\" data-entity-uuid=\"8b97cfd0-f209-4ca4-a18e-66a542fe6969\" data-entity-type=\"file\" width=\"36.92%\" class=\"align-right\"\/><\/a>En\u00a0<strong>Granada<\/strong>, las propuestas del CSIC son muy numerosas y se celebran en el <a href=\"https:\/\/lanochedelosinvestigadores.fundaciondescubre.es\/granada\/paseo-del-salon\/\" rel=\"nofollow noopener\" target=\"_blank\">Paseo del Sal\u00f3n<\/a>, donde se instalar\u00e1n carpas\u00a0para realizar actividades con estudiantes por la ma\u00f1ana y encuentros con el p\u00fablico general por la tarde. Entre las diferentes propuestas, merece destacar las actividades accesibles, como <a href=\"https:\/\/lanochedelosinvestigadores.fundaciondescubre.es\/actividades\/astronomia-accesible-el-universo-en-tus-manos\/\" rel=\"nofollow noopener\" target=\"_blank\">Astronom\u00eda accesible, el Universo en tus manos<\/a>, y las iniciativas juveniles, en las que ni\u00f1as, ni\u00f1os y j\u00f3venes podr\u00e1n elaborar <a href=\"https:\/\/lanochedelosinvestigadores.fundaciondescubre.es\/actividades\/pulseras-de-adn\/\" rel=\"nofollow noopener\" target=\"_blank\">pulseras de ADN<\/a>, jugar al <a href=\"https:\/\/lanochedelosinvestigadores.fundaciondescubre.es\/actividades\/come-cocos-cientifico\/\" rel=\"nofollow noopener\" target=\"_blank\">come-cocos cient\u00edfico<\/a>, hacer <a href=\"https:\/\/lanochedelosinvestigadores.fundaciondescubre.es\/actividades\/el-dulce-justo-ciencia-en-terrones-de-azucar\/\" rel=\"nofollow noopener\" target=\"_blank\">ciencia con terrones de az\u00facar<\/a>, asistir a un <a href=\"https:\/\/lanochedelosinvestigadores.fundaciondescubre.es\/actividades\/pintacaras-la-ciencia-se-te-nota-en-la-cara\/\" rel=\"nofollow noopener\" target=\"_blank\">pintacaras<\/a>, <a href=\"https:\/\/lanochedelosinvestigadores.fundaciondescubre.es\/actividades\/pregunta-a-una-tecnica\/\" rel=\"nofollow noopener\" target=\"_blank\">preguntar a cient\u00edficas<\/a>, <a href=\"https:\/\/lanochedelosinvestigadores.fundaciondescubre.es\/actividades\/taller-de-escritura-arabe\/\" rel=\"nofollow noopener\" target=\"_blank\">escribir<\/a> y pintar su <a href=\"https:\/\/lanochedelosinvestigadores.fundaciondescubre.es\/actividades\/lenguas-que-se-pintan-tu-primera-letra-en-arabe\/\" rel=\"nofollow noopener\" target=\"_blank\">primera letra en \u00e1rabe<\/a>, conocer el <a href=\"https:\/\/lanochedelosinvestigadores.fundaciondescubre.es\/actividades\/5-sigma-podcast\/\" rel=\"nofollow noopener\" target=\"_blank\">podcast 5 Sigma<\/a> o <a href=\"https:\/\/lanochedelosinvestigadores.fundaciondescubre.es\/actividades\/exploradores-del-pasado-descubre-el-palacio-perdido\/\" rel=\"nofollow noopener\" target=\"_blank\">explorar el pasado<\/a>. El p\u00fablico adulto adem\u00e1s podr\u00e1 explorar la <a href=\"https:\/\/lanochedelosinvestigadores.fundaciondescubre.es\/actividades\/taller-cosmico-cual-es-la-forma-del-universo\/\" rel=\"nofollow noopener\" target=\"_blank\">forma del Universo<\/a>, acercarse al <a href=\"https:\/\/lanochedelosinvestigadores.fundaciondescubre.es\/actividades\/el-sufismo-en-la-granada-nazari\/\" rel=\"nofollow noopener\" target=\"_blank\">sufismo en la Granada nazar\u00ed<\/a>, escribir en <a href=\"https:\/\/lanochedelosinvestigadores.fundaciondescubre.es\/actividades\/taller-de-escritura-arabe-con-arcilla\/\" rel=\"nofollow noopener\" target=\"_blank\">\u00e1rabe con arcilla<\/a>, predecir el futuro con <a href=\"https:\/\/lanochedelosinvestigadores.fundaciondescubre.es\/actividades\/detectives-del-genoma-del-crimen-a-la-prediccion-del-futuro\/\" rel=\"nofollow noopener\" target=\"_blank\">gen\u00e9tica y bioinform\u00e1tica<\/a>, <a href=\"https:\/\/lanochedelosinvestigadores.fundaciondescubre.es\/actividades\/cuando-los-datos-suenan\/\" rel=\"nofollow noopener\" target=\"_blank\">traducir en sonidos<\/a> los datos del universo, y hasta ver, en espect\u00e1culos teatrales, a la reina <a href=\"https:\/\/lanochedelosinvestigadores.fundaciondescubre.es\/actividades\/hoy-no-estoy-muy-catolica-romance-del-testamento-de-la-reina-isabel-de-castilla\/\" rel=\"nofollow noopener\" target=\"_blank\">Isabel de Castilla recitar en romance<\/a> su propio testamento, o diluirse en lo que hoy sabemos sobre el Universo m\u00e1s cercano explicado con <a href=\"https:\/\/lanochedelosinvestigadores.fundaciondescubre.es\/actividades\/clementina-y-los-planetas\/\" rel=\"nofollow noopener\" target=\"_blank\">m\u00e1scaras, t\u00edteres y marionetas<\/a>.<\/p>\n<p class=\"MsoNormal\"><img decoding=\"async\" data-entity-uuid=\"2510b52b-8cdb-4571-b466-4102a82c5748\" data-entity-type=\"file\" src=\"https:\/\/www.europesays.com\/es\/wp-content\/uploads\/2025\/09\/Grupo-NdI_2024_b-760x470.jpg\" width=\"35.34%\" class=\"align-right\"\/>En\u00a0<strong>M\u00e1laga<\/strong>, puedes asistir a una de las tres visitas guiadas al <a href=\"https:\/\/lanochedelosinvestigadores.fundaciondescubre.es\/actividades\/visita-al-centro-oceanografico-de-malaga-ieo-csic-l-primera-sesion\/\" rel=\"nofollow noopener\" target=\"_blank\">Centro Oceanogr\u00e1fico de M\u00e1laga<\/a> (IEO, CSIC).<\/p>\n<p class=\"MsoNormal\">En\u00a0<strong>Sevilla<\/strong>, a la celebraci\u00f3n tendr\u00e1 lugar el 26 de septiembre en varias localizaciones de la ciudad y con la participaci\u00f3n conjunta de diez entidades. En el\u00a0<a href=\"https:\/\/lanochedelosinvestigadores.fundaciondescubre.es\/sevilla\/museo-casa-de-la-ciencia-de-sevilla\/\" rel=\"nofollow noopener\" target=\"_blank\">Museo Casa de la Ciencia del CSIC<\/a> encontrar\u00e1s m\u00e1s de 50 actividades. Dentro de las ofrecidas por especialistas y centros del CSIC, encontrar\u00e1s unas 20 actividades infantiles y para p\u00fablico adulto. Podr\u00e1s aprender a hacer un buen <a href=\"https:\/\/lanochedelosinvestigadores.fundaciondescubre.es\/actividades\/conociendo-el-compost-para-el-uso-agricola\/\" rel=\"nofollow noopener\" target=\"_blank\">compost para el uso agr\u00edcola<\/a>, jugar en una <a href=\"https:\/\/lanochedelosinvestigadores.fundaciondescubre.es\/actividades\/mision-carrera-por-el-higado-sano\/\" rel=\"nofollow noopener\" target=\"_blank\">carrera por un h\u00edgado sano<\/a>, extraer <a href=\"https:\/\/lanochedelosinvestigadores.fundaciondescubre.es\/actividades\/el-color-de-la-ciencia-explorando-los-pigmentos-de-los-alimentos\/\" rel=\"nofollow noopener\" target=\"_blank\">pigmentos naturales<\/a> de los alimentos, <a href=\"https:\/\/lanochedelosinvestigadores.fundaciondescubre.es\/actividades\/conviertete-en-un-experto-en-compras-saludables-con-carronil\/\" rel=\"nofollow noopener\" target=\"_blank\">jugar con CarroNil<\/a> para conocer cu\u00e1n saludable es un alimento antes de comprarlo, jugar al \u00bfQui\u00e9n es qui\u00e9n? de la <a href=\"https:\/\/lanochedelosinvestigadores.fundaciondescubre.es\/actividades\/quien-es-quien-literario-version-literatura-hispanoamericana-en-la-guerra-fria\/\" rel=\"nofollow noopener\" target=\"_blank\">literatura hispanoamericana de la Guerra Fr\u00eda<\/a>, asistir a una <a href=\"https:\/\/lanochedelosinvestigadores.fundaciondescubre.es\/actividades\/aroma-del-aceite-de-oliva-virgen-un-enfoque-desde-la-quimica-del-flavor-y-la-percepcion-sensorial\/\" rel=\"nofollow noopener\" target=\"_blank\">cata de aceite de oliva virgen<\/a>, conocer el importante <a href=\"https:\/\/lanochedelosinvestigadores.fundaciondescubre.es\/actividades\/una-invasion-rosa\/\" rel=\"nofollow noopener\" target=\"_blank\">rol ecol\u00f3gico de las artemias nativas<\/a> y el amenazado equilibrio de los ecosistemas donde habitan, buscar <a href=\"https:\/\/lanochedelosinvestigadores.fundaciondescubre.es\/actividades\/taller-el-sentido-de-la-vista-y-la-lucha-contra-la-ceguera\/\" rel=\"nofollow noopener\" target=\"_blank\">alternativas terap\u00e9uticas para la ceguera,<\/a> comprender el valor de los <a href=\"https:\/\/lanochedelosinvestigadores.fundaciondescubre.es\/actividades\/el-juego-del-nicho-la-distribucion-pasada-presente-y-futura-de-las-especies\/\" rel=\"nofollow noopener\" target=\"_blank\">nichos ecol\u00f3gicos<\/a> ante un escenario de cambio clim\u00e1tico, o convertirte en un <a href=\"https:\/\/lanochedelosinvestigadores.fundaciondescubre.es\/actividades\/la-liga-de-la-tierra\/\" rel=\"nofollow noopener\" target=\"_blank\">guardi\u00e1n de la Tierra<\/a>.<\/p>\n<p class=\"MsoNormal\">Todas los eventos de la noche en Andaluc\u00eda se celebran bajo el lema \u2018Personas que hacen ciencia para ti\u2019 y pueden consultarse en la web:\u00a0<a href=\"https:\/\/lanochedelosinvestigadores.fundaciondescubre.es\/?fbclid=IwAR3QPqxxlw_k9M3GFvOoRGk2B_H1-6JOWFO4I6t_SL83HemXlVUXNHD-fSQ\" rel=\"nofollow noopener\" target=\"_blank\">https:\/\/lanochedelosinvestigadores.fundaciondescubre.es<\/a>.<\/p>\n<p><strong>ARAG\u00d3N<\/strong><\/p>\n<p class=\"MsoNormal\"><img decoding=\"async\" src=\"https:\/\/www.europesays.com\/es\/wp-content\/uploads\/2025\/09\/banner_300x300px_1.jpg\" data-entity-uuid=\"8cfb0f6f-9b0f-4c89-a937-09c5c05d5785\" data-entity-type=\"file\" width=\"27%\" class=\"align-right\"\/>El CSIC en Arag\u00f3n organiza junto a la Universidad de Zaragoza la celebraci\u00f3n de esta Noche Europea de los Investigadores y las Investigadoras, los d\u00edas <a href=\"https:\/\/aragoninvestiga.es\/divulgacion-cientifica\/noche-de-los-investigadores-2025\/\" rel=\"nofollow noopener\" target=\"_blank\">26 y 27 de septiembre en la <strong>Plaza del Pilar de Zaragoza<\/strong><\/a>, este a\u00f1o, unida a la celebraci\u00f3n del XV Training Day de la Legi\u00f3n 501st y el universo Star Wars. Investigadoras e investigadores del CSIC participan con talleres, actividades l\u00fadicas, experimentos y charlas para todos los p\u00fablicos.<\/p>\n<p class=\"MsoNormal\">El Instituto de Nanociencia y Nanomateriales de Arag\u00f3n (INMA, CSIC-UNIZAR) ofrece dos experiencias gal\u00e1cticas inspiradas en el universo Star Wars y la Estaci\u00f3n Experimental Aula Dei (EEAD-CSIC) un experimento a partir de la fluorescencia de la clorofila. El Instituto de Carboqu\u00edmica (ICB-CSIC) una demostraci\u00f3n con el hidr\u00f3geno, el combustible de las estrellas, y otra con plasma, el cuarto estado de la materia. Por su parte, el Instituto de S\u00edntesis Qu\u00edmica y Cat\u00e1lisis Homog\u00e9nea (ISQCH, CSIC-UNIZAR) un taller con sables de luz qu\u00edmicos y otro con cristales interestelares, y en su stand podr\u00e1s experimentar el aroma de la Fuerza gracias a la quiralidad y a los enanti\u00f3meros, descubrir un\u00a0holograma de mol\u00e9culas qu\u00edmicas reales y la arena gal\u00e1ctica que nunca se moja.<\/p>\n<p class=\"MsoNormal\">Encuentra m\u00e1s informaci\u00f3n\u00a0<a href=\"https:\/\/aragoninvestiga.es\/divulgacion-cientifica\/noche-de-los-investigadores-2025\/\" rel=\"nofollow noopener\" target=\"_blank\">aqu\u00ed<\/a> y <a href=\"https:\/\/delegacion.aragon.csic.es\/noche-europea-de-los-investigadores-e-investigadoras\/\" rel=\"nofollow noopener\" target=\"_blank\">aqu\u00ed.<\/a><\/p>\n<p><strong>CANTABRIA<\/strong><\/p>\n<p class=\"MsoNormal\"><img decoding=\"async\" src=\"https:\/\/www.europesays.com\/es\/wp-content\/uploads\/2025\/09\/NEI 2024.jpg\" data-entity-uuid=\"ed93894e-540d-4bdc-bbd5-7b8fde61b095\" data-entity-type=\"file\" width=\"20.01%\" class=\"align-right\"\/>En <strong>Santander<\/strong>, la tarde del viernes 26 de septiembre, investigadoras e investigadores del Instituto de F\u00edsica de Cantabria (IFCA, CSIC-UC) y el Centro Oceanogr\u00e1fico de Santander (IEO-CSIC) participan con talleres, demostraciones y experimentos en sus propios stands en en la\u00a0<a href=\"https:\/\/web.unican.es\/unidades\/cultura-cientifica\/la-noche\" rel=\"nofollow noopener\" target=\"_blank\">Feria que tendr\u00e1 lugar\u00a0en la Plaza de Pombo<\/a> y que organiza la Universidad de Cantabria. Adem\u00e1s, ofrecer\u00e1n talleres, encuentros y charlas <a href=\"https:\/\/web.unican.es\/unidades\/cultura-cientifica\/la-noche\" rel=\"nofollow noopener\" target=\"_blank\">en la Librer\u00eda Gil<\/a>.<\/p>\n<p class=\"MsoNormal\">Localiza toda la informaci\u00f3n e inscr\u00edbete a trav\u00e9s de\u00a0<a href=\"https:\/\/web.unican.es\/unidades\/cultura-cientifica\/la-noche\" rel=\"nofollow noopener\" target=\"_blank\">este enlace<\/a>.<\/p>\n<p><strong>CASTILLA Y LE\u00d3N<\/strong><\/p>\n<p class=\"MsoNormal\"><a href=\"https:\/\/www.icmab.es\/european-researchers-night-in-soria-lab-tour-project\" rel=\"nofollow noopener\" target=\"_blank\"><img decoding=\"async\" src=\"https:\/\/www.europesays.com\/es\/wp-content\/uploads\/2025\/09\/labtour_soria-169be0c5 (1).jpeg\" data-entity-uuid=\"b2ab5cae-011e-4394-a528-483f21f667dc\" data-entity-type=\"file\" width=\"37.75%\" class=\"align-right\"\/><\/a>En el C\u00edrculo Amistad Numancia de Soria, el Instituto de Ciencia de Materiales de Barcelona (ICMAB-CSIC) presenta el <a href=\"https:\/\/labtour.icmab.es\/\" rel=\"nofollow noopener\" target=\"_blank\">proyecto LabTour<\/a>, que llevar\u00e1 la ciencia y la tecnolog\u00eda a territorios despoblados.\u00a0Junto a esta presentaci\u00f3n, se ofrecer\u00e1 <a href=\"https:\/\/www.icmab.es\/european-researchers-night-in-soria-lab-tour-project\" rel=\"nofollow noopener\" target=\"_blank\">demostraciones y talleres cient\u00edficos<\/a>.<\/p>\n<p class=\"MsoNormal\">Toda la informaci\u00f3n\u00a0en\u00a0<a href=\"https:\/\/www.icmab.es\/european-researchers-night-in-soria-lab-tour-project\" rel=\"nofollow noopener\" target=\"_blank\">este enlace.<\/a><\/p>\n<p><strong>CATALU\u00d1A<\/strong><\/p>\n<p class=\"MsoNormal\">Centros y especialistas del CSIC participan en la\u00a0<a href=\"https:\/\/lanitdelarecerca.cat\/programacio\/\" rel=\"nofollow noopener\" target=\"_blank\">Nit Europea de la Recerca\u00a0<\/a>en muchas y diferentes localizaciones de la geograf\u00eda catalana. Os dejamos algunos ejemplos:<\/p>\n<p class=\"MsoNormal\"><img decoding=\"async\" src=\"https:\/\/www.europesays.com\/es\/wp-content\/uploads\/2025\/09\/ceab-night-III.jpg\" data-entity-uuid=\"1422eb6f-fb32-4452-84dd-737b956f9312\" data-entity-type=\"file\" width=\"33.35%\" class=\"align-right\"\/>En\u00a0diferentes puntos de <strong>Barcelona y el Vall\u00e9s<\/strong>, el Instituto de Microelectr\u00f3nica de Barcelona (IMC-CNM-CSIC) <a href=\"https:\/\/www.imb-cnm.csic.es\/es\/noticias-divulgacion\/noticias\/el-imb-cnm-participa-en-la-noche-europea-de-la-investigacion-2025-con\" rel=\"nofollow noopener\" target=\"_blank\">participa<\/a> en la Noche de la Investigaci\u00f3n <a href=\"https:\/\/lanochedelainvestigacion.com\/sede\/barcelona-2025\/\" rel=\"nofollow noopener\" target=\"_blank\">en CosmoCaixa<\/a>, con <a href=\"https:\/\/www.imb-cnm.csic.es\/es\/noticias-divulgacion\/noticias\/el-imb-cnm-participa-en-la-noche-europea-de-la-investigacion-2025-con\" rel=\"nofollow noopener\" target=\"_blank\">actividades<\/a> dise\u00f1adas para despertar la curiosidad y fomentar el pensamiento cient\u00edfico, como demostraciones tecnol\u00f3gicas, talleres divulgativos y una charla en clave de humor. Adem\u00e1s, en otras localizaciones habr\u00e1 encuentros y microcharlas cient\u00edficas donde personal del Instituto de Diagn\u00f3stico Ambiental y Estudios del Agua (IDAEA-CSIC) explicar\u00e1 el peligro de la <a href=\"https:\/\/lanitdelarecerca.cat\/bloc-de-microxerrades-cientifiques-a-casa-golferichs\/\" rel=\"nofollow noopener\" target=\"_blank\">crema solar<\/a> para los ecosistemas marinos y <a href=\"https:\/\/lanitdelarecerca.cat\/bloc-de-microxerrades-i-taula-rodona-noves-tecnologies-i-coneixement-cientific-per-a-millorar-lagricultura\/\" rel=\"nofollow noopener\" target=\"_blank\">conversar\u00e1<\/a> sobre nuevas tecnolog\u00edas para la agricultura, personal del Instituto de Biolog\u00eda Evolutiva (IBE, UPF-CSIC) presentar\u00e1 el <a href=\"https:\/\/lanitdelarecerca.cat\/bloc-de-microxerrades-cientifiques-a-villa-urania\/\" rel=\"nofollow noopener\" target=\"_blank\">proyecto Earth BioGenome<\/a> y personal del Instituto de Ciencias del Mar (ICM-CSIC) hablar\u00e1 sobre <a href=\"https:\/\/lanitdelarecerca.cat\/bloc-de-xerrades-cientifiques-a-lauditori-barradas-lhospitalet\/\" rel=\"nofollow noopener\" target=\"_blank\">enzimas que degradan pl\u00e1stico<\/a>.\u00a0<\/p>\n<p class=\"MsoNormal\">En\u00a0<strong>Girona<\/strong> el IDAEA hablar\u00e1 sobre la <a href=\"https:\/\/www.udg.edu\/en\/investiga\/udgdivulga\/divulgacio-i-foment-de-vocacions-cientifiques\/nit-de-la-recerca\/microxerrades\" rel=\"nofollow noopener\" target=\"_blank\">calidad del aire<\/a>, prevenci\u00f3n de <a href=\"https:\/\/lanitdelarecerca.cat\/taula-rodona-prevencio-enfront-dels-riscos-naturals-responsabilitat-publica-o-personal\/\" rel=\"nofollow noopener\" target=\"_blank\">riesgos naturales<\/a>, y en Blanes el Centro de Estudios Avanzados de Blanes (CEAB-CSIC) dedica la Noche de este a\u00f1o a la ecolog\u00eda y su complejidad, a trav\u00e9s de una <a href=\"https:\/\/www.ceab.csic.es\/es\/agenda\/nit-del-ceab-2025\/\" rel=\"nofollow noopener\" target=\"_blank\">velada diferente<\/a>, con 4 estaciones tem\u00e1ticas y un piscolabis con su personal investigador.<\/p>\n<p class=\"MsoNormal\">Consulta la informaci\u00f3n sobre \u00e9stas y otras actividades en la\u00a0<a href=\"https:\/\/lanitdelarecerca.cat\/programacio\/\" rel=\"nofollow noopener\" target=\"_blank\">Nit Europea de la Recerca<\/a>.<\/p>\n<p><strong>COMUNIDAD DE MADRID<\/strong><\/p>\n<p class=\"MsoNormal\">La ciencia de los numerosos centros del CSIC en la capital se acerca a la ciudadan\u00eda en diferentes ubicaciones emblem\u00e1ticas de la ciudad de Madrid.<\/p>\n<p class=\"MsoNormal\"><a href=\"https:\/\/projects.ift.uam-csic.es\/outreach_new\/el-csic-te-llama-esta-noche-noche-europea-de-los-invesigadores-y-las-investigadoras-2025\/\" rel=\"nofollow noopener\" target=\"_blank\"><img decoding=\"async\" src=\"https:\/\/www.europesays.com\/es\/wp-content\/uploads\/2025\/09\/FundacionTelefonica-web-2025-scaled.jpg\" data-entity-uuid=\"0783bac9-f022-40b1-a8be-86245cf7be1a\" data-entity-type=\"file\" alt=\"Cartel de 'El CSIC te llama esta noche'\" width=\"38.35%\" class=\"align-right\"\/><\/a>En el\u00a0<strong>Espacio Fundaci\u00f3n Telef\u00f3nica<\/strong>, los 10 centros del CSIC del campus de Cantoblanco vuelven a unirse para celebrar un\u00a0multitudinario evento de divulgaci\u00f3n\u00a0bajo el t\u00edtulo: \u2018<a href=\"https:\/\/www.icmm.csic.es\/en\/actualidad-y-divulgacion\/el-csic-te-llama-esta-noche-noche-europea-de-los-y-las-investigadoras-2025\" rel=\"nofollow noopener\" target=\"_blank\">El CSIC te llama esta noche<\/a>\u2019. El evento, totalmente gratuito, reserva la ma\u00f1ana para centros educativos y la tarde para p\u00fablico general sin reserva previa y con entrada libre. El <a href=\"https:\/\/www.icmm.csic.es\/sites\/default\/files\/2025-08\/0026S_Programa%20noche%20investigadores%2025_tarde.pdf\" rel=\"nofollow noopener\" target=\"_blank\">extenso programa<\/a> incluye circuitos cient\u00edficos con demostraciones, talleres y hasta un cuentacuentos, escape road con exposici\u00f3n y yincana, un concierto y un talent show.<\/p>\n<p class=\"MsoNormal\">V\u00eddeo: <a href=\"https:\/\/www.youtube.com\/watch?v=xvsqZWntmhA\" rel=\"nofollow noopener\" target=\"_blank\">https:\/\/www.youtube.com\/watch?v=xvsqZWntmhA<\/a><\/p>\n<p class=\"MsoNormal\">Por su parte, el\u00a0<strong>Centro de Investigaciones Biol\u00f3gicas Margarita Salas\u00a0(CIB-CSIC)<\/strong> y los dem\u00e1s centros de investigaci\u00f3n del CSIC ubicados en el Campus Moncloa -el Centro Nacional de Investigaciones Metal\u00fargicas (CENIM), el Instituto de Ciencia y Tecnolog\u00eda de Alimentos y Nutrici\u00f3n (ICTAN) y el Instituto de Geociencias (IGEO)-, han\u00a0preparado\u00a0una <a href=\"https:\/\/www.madrimasd.org\/lanochedelosinvestigadores2025\/actividad\/cibms-feria-de-la-ciencia-del-campus-moncloa-del-csic-cib-margarita-salas-cenim-ictan\" rel=\"nofollow noopener\" target=\"_blank\">Feria Cient\u00edfica<\/a> en el CIB-CSIC, donde <a href=\"https:\/\/docs.google.com\/forms\/d\/e\/1FAIpQLScdOgJIl6Qxk0FR_MQFvaeVMwP4_yiMfwoUeBoQsmj3ACMU6w\/viewform\" rel=\"nofollow noopener\" target=\"_blank\">encontrar\u00e1s<\/a> diferentes stands con charlas, juegos y demostraciones en las que podr\u00e1s profundizar en la lucha entre plantas y virus, la qu\u00edmica de los is\u00f3meros, la ciencia cardiopulmonar y la magia del pH, proteger el patrimonio cultural y conocer la ciencia tras la corrosi\u00f3n o c\u00f3mo nos pueden ayudar las frutas o la impresi\u00f3n 3D. Adem\u00e1s, habr\u00e1 una serie de <a href=\"https:\/\/www.cib.csic.es\/es\/news\/divulgacion\/el-cib-margarita-salas-participa-en-la-decimosexta-edicion-de-la-noche-de-los\" rel=\"nofollow noopener\" target=\"_blank\"><strong>conferencias en el\u00a0Moe Club<\/strong><\/a>, donde especialistas del CSIC hablar\u00e1n sobre la qu\u00edmica y los interruptores de la vida, el Madrid de hace millones de a\u00f1os, metales imposibles y bulos nutricionales.<\/p>\n<p class=\"MsoNormal\">El\u00a0<strong>Museo Nacional de Ciencias Naturales\u00a0(MNCN-CSIC)\u00a0<\/strong>ofrece\u00a0<a href=\"https:\/\/www.mncn.csic.es\/es\/Comunicaci%C3%B3n\/el-mncn-participa-en-la-decimosexta-edicion-de-la-noche-europea-de-los-investigadores\" rel=\"nofollow noopener\" target=\"_blank\">actividades gratuitas<\/a> en torno a las aves y las colecciones cient\u00edficas, un carnaval de animales, su ya tradicional Acampada en el Museo y una yincana.<\/p>\n<p class=\"MsoNormal\">El\u00a0<strong>Real Jard\u00edn Bot\u00e1nico\u00a0(RJB-CSIC)<\/strong> organiza un\u00a0<a href=\"https:\/\/www.madrimasd.org\/lanochedelosinvestigadores2025\/actividad\/rjb-csic-retos-cientificos-haciendo-ciencia-en-el-botanico\" rel=\"nofollow noopener\" target=\"_blank\">escape garden\u00a0<\/a>en el que\u00a0estudiantes de 4\u00baESO y Bachillerato tendr\u00e1n que de dar con la clave y resolver el reto cient\u00edfico de qu\u00e9 tiene que cambiar para un desarrollo verdaderamente sostenible.<\/p>\n<p class=\"MsoNormal\">Adem\u00e1s, el\u00a0<strong>Instituto de Ciencias Agrarias\u00a0(ICA-CSIC)<\/strong>\u00a0<a href=\"https:\/\/www.madrimasd.org\/lanochedelosinvestigadores\/actividad\/ica-agricultura-en-accion-sembrando-nuestro-futuro\" target=\"_blank\" rel=\"nofollow noopener\">abre uno de sus invernaderos<\/a>\u00a0en el coraz\u00f3n de Madrid para ofrecer un recorrido en el que el p\u00fablico podr\u00e1 aprender a identificar cultivos, descubrir la importancia de los suelos para el planeta y conocer la agricultura de precisi\u00f3n.<\/p>\n<p class=\"MsoNormal\">El\u00a0<strong>Centro de Ciencias Humanas y Sociales\u00a0(CCHS-CSIC)<\/strong>, por su parte, te lleva a <a href=\"https:\/\/www.cchs.csic.es\/es\/nocheinvestigadores-madrid-recorre-culturas-medievales\" rel=\"nofollow noopener\" target=\"_blank\">recorrer las culturas medievales<\/a> y su diversidad, y la <a href=\"https:\/\/www.cchs.csic.es\/es\/nocheinvestigadores-madrid-ruy-clavijo\" rel=\"nofollow noopener\" target=\"_blank\">expedici\u00f3n de Ruy Gonz\u00e1lez de Clavijo<\/a> a la corte del sult\u00e1n Tamerl\u00e1n entre los a\u00f1os 1403 y 1406; todo ello, sin moverte de Madrid.<\/p>\n<p><strong>COMUNIDAD VALENCIANA<\/strong><\/p>\n<p class=\"MsoNormal\"><a href=\"https:\/\/delegacion.comunitatvalenciana.csic.es\/evento\/nit-europea-de-la-investigacio-2025\/\" rel=\"nofollow noopener\" target=\"_blank\"><img decoding=\"async\" src=\"https:\/\/www.europesays.com\/es\/wp-content\/uploads\/2025\/09\/Foto-Nit-iata-2023.jpg\" data-entity-uuid=\"71987d29-b9dc-4de0-bd1d-68510bf819e5\" data-entity-type=\"file\" width=\"39%\" class=\"align-right\"\/><\/a>La Delegaci\u00f3n del CSIC en la Comunitat Valenciana celebra junto con otras entidades la\u00a0<a href=\"https:\/\/delegacion.comunitatvalenciana.csic.es\/evento\/nit-europea-de-la-investigacio-2025\/\" rel=\"nofollow noopener\" target=\"_blank\">Nit Europea de la Investigaci\u00f3<\/a>\u00a0en los Jardines de Viveros, junto al Museo de Ciencias Naturales de Valencia. A lo largo de toda la jornada, los centros del CSIC realizar\u00e1n talleres en los que podr\u00e1s asomarte a lo que hay dentro de una planta, viajar al centro de la c\u00e9lula y conocer los superpoderes de las bacterias que comemos, la revoluci\u00f3n de los juegos cu\u00e1nticos y los aceleradores de part\u00edculas.<\/p>\n<p class=\"MsoNormal\">Consulta las actividades\u00a0en\u00a0<a href=\"https:\/\/delegacion.comunitatvalenciana.csic.es\/evento\/nit-europea-de-la-investigacio-2025\/\" rel=\"nofollow noopener\" target=\"_blank\">este\u00a0enlace<\/a>.<\/p>\n<p><strong>GALICIA<\/strong><\/p>\n<p><a href=\"https:\/\/gnight.gal\/\" rel=\"nofollow noopener\" target=\"_blank\"><img decoding=\"async\" src=\"https:\/\/www.europesays.com\/es\/wp-content\/uploads\/2025\/09\/NOITE_galicia.png\" data-entity-uuid=\"4f187f2e-5163-440d-ae07-2e646c9ab9fe\" data-entity-type=\"file\" class=\"align-right\"\/><\/a>Los centros del CISC en Galicia participan un a\u00f1o m\u00e1s en la\u00a0Noite Galega das Persoas Investigadoras\u00a0<a href=\"https:\/\/gnight.gal\/\" rel=\"nofollow noopener\" target=\"_blank\">G-Night<\/a>, este a\u00f1o bajo el lema \u2018Conciencias creativas\u2019.<\/p>\n<p class=\"MsoNormal\">En\u00a0<strong>La Coru\u00f1a<\/strong>, el Centro Oceanogr\u00e1fico de La Coru\u00f1a (IEO-CSIC) imparte\u00a0<a href=\"https:\/\/gnight.gal\/cidades\/a-coruna\/\" rel=\"nofollow noopener\" target=\"_blank\">talleres<\/a>\u00a0sobre pescas sustentables y sobre el impacto del\u00a0plancton oce\u00e1nico\u00a0en el clima mundial.<\/p>\n<p class=\"MsoNormal\">En\u00a0<strong>Pontevedra<\/strong>, la Misi\u00f3n Biol\u00f3gica de Galicia (MBG-CSIC) celebra el\u00a0<a href=\"https:\/\/gnight.gal\/escape-room-biomision\/\" rel=\"nofollow noopener\" target=\"_blank\">escape room \u2018\u00bfUn futuro habitable?\u2019,<\/a> en el que los participantes tendr\u00e1n que adoptar el papel de un grupo de investigadores en un mundo apocal\u00edptico donde los recursos fitogen\u00e9ticos casi han desaparecido.<\/p>\n<p class=\"MsoNormal\">En\u00a0<strong>Santiago de Compostela<\/strong>, el Instituto de Ciencias del Patrimonio (INCIPIT-CSIC) ofrece una <a href=\"https:\/\/gnight.gal\/tarde-de-portas-abertas-no-incipit\/\" rel=\"nofollow noopener\" target=\"_blank\">tarde de puertas abiertas<\/a> y el Instituto de Estudios Gallegos Padre Sarmiento (IEGPS-CSIC) abre sus puertas con juegos y actividades l\u00fadicas bajo el t\u00edtulo \u2018<a href=\"https:\/\/gnight.gal\/portas-abertas-o-seminario-de-estudos-galegos-aprende-xogando\/\" rel=\"nofollow noopener\" target=\"_blank\">Aprende xogando<\/a>\u2019.<\/p>\n<p class=\"MsoNormal\">En<strong>\u00a0Vigo<\/strong>, el Centro Oceanogr\u00e1fico de Vigo (IEO, CSIC) organiza una tarde de\u00a0talleres bajo el lema \u2018<a href=\"https:\/\/gnight.gal\/talleres-cientificos-ieo-no-local-de-emaus\/\" rel=\"nofollow noopener\" target=\"_blank\">Da investigaci\u00f3n \u00e1 acci\u00f3n<\/a>\u2019\u00a0y el Instituto de Investigaciones Marinas (IIM-CSIC) organiza una <a href=\"https:\/\/gnight.gal\/xornada-de-portas-abertas-iim-csic\/\" rel=\"nofollow noopener\" target=\"_blank\">jornada de puertas abiertas<\/a> con los comerciantes do Concello de Vigo implicados en el proyecto \u2018Escaparates Oce\u00e1nicos 202\u2019.<\/p>\n<p class=\"MsoNormal\">Estas y otras actividades en la web:\u00a0<a href=\"https:\/\/gnight.gal\/\" target=\"_blank\" rel=\"nofollow noopener\">https:\/\/gnight.gal<\/a>.<\/p>\n<p><strong>ILLES BALEARS<\/strong><\/p>\n<p class=\"MsoNormal\"><a href=\"https:\/\/www.caib.es\/sites\/nitdelarecerca\/ca\/nit_de_la_recerca_2025\/?campa=yes\" rel=\"nofollow noopener\" target=\"_blank\"><img decoding=\"async\" src=\"https:\/\/www.europesays.com\/es\/wp-content\/uploads\/2025\/09\/NIT_DE_LA_RECERCA_2025_banner_1920x1080__(2).jpg\" data-entity-uuid=\"6eb986bf-3f10-439d-9d7e-41edeb9d6dad\" data-entity-type=\"file\" alt=\"Cartel de la Nit de la Recerca en Baleares\" width=\"41.56%\" class=\"align-right\"\/><\/a>Bajo el hashtag\u00a0<a href=\"https:\/\/medium.com\/@nitdelsinvestigadors?source=---------1-----------------------\" target=\"_blank\" rel=\"nofollow noopener\">#NitdelaRecercaIB<\/a>, por tercera vez se celebra <a href=\"https:\/\/www.caib.es\/sites\/nitdelarecerca\/ca\/nit_de_la_recerca_2025\/\" rel=\"nofollow noopener\" target=\"_blank\">la\u00a0Nit de la Recerca\u00a0en las Islas Baleares<\/a> de manera unitaria y simult\u00e1nea\u00a0en\u00a0Mallorca, Menorca\u00a0e\u00a0Ibiza, con la participaci\u00f3n del CSIC.<\/p>\n<p class=\"MsoNormal\">En <strong>Mallorca<\/strong>, se celebrar\u00e1 una <a href=\"https:\/\/www.caib.es\/sites\/nitdelarecerca\/ca\/programacia_mallorca\/\" rel=\"nofollow noopener\" target=\"_blank\">Fireta investigadora<\/a> con demostraciones, encuentros en vivo con personal investigador y microcharlas de parte de investigadores del Instituto de F\u00edsica Interdisciplinar y de Sistemas Complejos (IFISC-CSIC), el Instituto Mediterr\u00e1neo de Estudios Avanzados (IMEDEA-CSIC) y el Instituto Espa\u00f1ol Oceanogr\u00e1fico (IEO-CSIC), el Sistema de Observaci\u00f3n y Predicci\u00f3n Costero de las Illes Balears (ICTS SOCIB) y la Unidad Territorial del IGME-CSIC en Baleares. Tambi\u00e9n en\u00a0Palma de Mallorca, el IMEDEA participa un a\u00f1o m\u00e1s en la <a href=\"https:\/\/lanochedelainvestigacion.com\/sede\/palma-2025\/\" rel=\"nofollow noopener\" target=\"_blank\">Noche de la Investigaci\u00f3n<\/a> organizada por CaixaForum Palma.<\/p>\n<p class=\"MsoNormal\">En <strong>Menorca<\/strong>, el IEO participa de los <a href=\"https:\/\/www.caib.es\/sites\/nitdelarecerca\/ca\/programacia_menorca\/\" rel=\"nofollow noopener\" target=\"_blank\">eventos organizados<\/a> para esta fecha, donde habr\u00e1 charlas y exposiciones, actividades l\u00fadicas y observaciones del cielo nocturno.<\/p>\n<p class=\"MsoNormal\">Encuentra esta y otras actividades en\u00a0<a href=\"https:\/\/www.caib.es\/sites\/nitdelarecerca\/ca\/nit_de_la_recerca_2025\/\" rel=\"nofollow noopener\" target=\"_blank\">este enlace<\/a>.\u00a0<\/p>\n<p><strong>ISLAS CANARIAS<\/strong><\/p>\n<p class=\"MsoNormal\">Especialistas del Centro Oceanogr\u00e1fico de Canarias (IEO-CSIC) participa en los talleres y la\u00a0<a href=\"https:\/\/drive.google.com\/drive\/folders\/1wk8rPHAo74vITh_m8xH_4Y9WwOKKdR0J\" rel=\"nofollow noopener\" target=\"_blank\">Feria de las Vocaciones Cient\u00edficas<\/a> de Canarias\u00a0y el\u00a0evento\u00a0que se celebran en el marco\u00a0del proyecto\u00a0<a href=\"https:\/\/macaronight.eu\/\" rel=\"nofollow noopener\" target=\"_blank\"><strong>MacaroNight 2025<\/strong><\/a>, que une distintas geograf\u00edas de la Macaronesia: Azores,\u00a0Gran Canaria, Madeira y\u00a0Tenerife.\u00a0<\/p>\n<p><strong>ROMA<\/strong><\/p>\n<p class=\"MsoNormal\"><img decoding=\"async\" src=\"https:\/\/www.europesays.com\/es\/wp-content\/uploads\/2025\/09\/leaf-trasparente-copia-500x227.png\" data-entity-uuid=\"26170479-4145-493f-8126-e3ac833d7598\" data-entity-type=\"file\" class=\"align-right\"\/>La Escuela Espa\u00f1ola de Historia y Arqueolog\u00eda en Roma (EEHAR-CSIC) participa este a\u00f1o con <a href=\"https:\/\/www.eehar.csic.es\/\" rel=\"nofollow noopener\" target=\"_blank\">varias actividades<\/a> con las que conocer a fondo el trabajo de investigaci\u00f3n en arqueolog\u00eda: una visita y demostraci\u00f3n en el <a href=\"https:\/\/www.frascatiscienza.it\/dallo-scavo-al-georadar-levoluzione-di-un-progetto-archeologico-e-la-riscoperta-di-tuscolo\/\" rel=\"nofollow noopener\" target=\"_blank\">Parque Arqueol\u00f3gico y Cultural Tusculum<\/a>, visitas al <a href=\"https:\/\/www.frascatiscienza.it\/fsapp\/evento\/1826\/26\" rel=\"nofollow noopener\" target=\"_blank\">laboratorio de materiales<\/a> del proyecto Tusculum, una visita donde conocer el paso de la investigaci\u00f3n arqueol\u00f3gica a las colecciones del <a href=\"https:\/\/www.frascatiscienza.it\/fsapp\/evento\/1960\/26\" rel=\"nofollow noopener\" target=\"_blank\">Museo Tuscolano Scuderie Aldobrandini<\/a> en Frascati y un encuentro <a href=\"https:\/\/www.frascatiscienza.it\/fsapp\/evento\/1673\/26\" rel=\"nofollow noopener\" target=\"_blank\">en vivo con las arque\u00f3logas<\/a> del CSIC, para conocer de cerca los treinta a\u00f1os del Proyecto Tusculum.<\/p>\n","protected":false},"excerpt":{"rendered":"El\u00a0viernes 26 de septiembre 2025\u00a0se celebra la\u00a0Noche Europea de los Investigadores y las Investigadoras en unas 375 ciudades&hellip;\n","protected":false},"author":2,"featured_media":123224,"comment_status":"","ping_status":"","sticky":false,"template":"","format":"standard","meta":{"footnotes":""},"categories":[5],"tags":[17,18,119,10475,25,24,13,14,11,1816,1294,40415,19,20,9,10,15,16,23,120,12,21,22],"class_list":{"0":"post-123223","1":"post","2":"type-post","3":"status-publish","4":"format-standard","5":"has-post-thumbnail","7":"category-titulares","8":"tag-breaking-news","9":"tag-breakingnews","10":"tag-ciencia","11":"tag-csic","12":"tag-es","13":"tag-espana","14":"tag-featured-news","15":"tag-featurednews","16":"tag-headlines","17":"tag-innovacion","18":"tag-investigacion","19":"tag-investigaciones-cientificas","20":"tag-latest-news","21":"tag-latestnews","22":"tag-news","23":"tag-noticias","24":"tag-noticias-destacadas","25":"tag-noticiasdestacadas","26":"tag-spain","27":"tag-tecnologia","28":"tag-titulares","29":"tag-ultimas-noticias","30":"tag-ultimasnoticias"},"share_on_mastodon":{"url":"","error":""},"_links":{"self":[{"href":"https:\/\/www.europesays.com\/es\/wp-json\/wp\/v2\/posts\/123223","targetHints":{"allow":["GET"]}}],"collection":[{"href":"https:\/\/www.europesays.com\/es\/wp-json\/wp\/v2\/posts"}],"about":[{"href":"https:\/\/www.europesays.com\/es\/wp-json\/wp\/v2\/types\/post"}],"author":[{"embeddable":true,"href":"https:\/\/www.europesays.com\/es\/wp-json\/wp\/v2\/users\/2"}],"replies":[{"embeddable":true,"href":"https:\/\/www.europesays.com\/es\/wp-json\/wp\/v2\/comments?post=123223"}],"version-history":[{"count":0,"href":"https:\/\/www.europesays.com\/es\/wp-json\/wp\/v2\/posts\/123223\/revisions"}],"wp:featuredmedia":[{"embeddable":true,"href":"https:\/\/www.europesays.com\/es\/wp-json\/wp\/v2\/media\/123224"}],"wp:attachment":[{"href":"https:\/\/www.europesays.com\/es\/wp-json\/wp\/v2\/media?parent=123223"}],"wp:term":[{"taxonomy":"category","embeddable":true,"href":"https:\/\/www.europesays.com\/es\/wp-json\/wp\/v2\/categories?post=123223"},{"taxonomy":"post_tag","embeddable":true,"href":"https:\/\/www.europesays.com\/es\/wp-json\/wp\/v2\/tags?post=123223"}],"curies":[{"name":"wp","href":"https:\/\/api.w.org\/{rel}","templated":true}]}}