{"id":123226,"date":"2025-09-18T14:44:10","date_gmt":"2025-09-18T14:44:10","guid":{"rendered":"https:\/\/www.europesays.com\/es\/123226\/"},"modified":"2025-09-18T14:44:10","modified_gmt":"2025-09-18T14:44:10","slug":"cuesta-convencerlo-pero-saldra-bien","status":"publish","type":"post","link":"https:\/\/www.europesays.com\/es\/123226\/","title":{"rendered":"\u00abCuesta convencerlo, pero saldr\u00e1 bien\u00bb"},"content":{"rendered":"<p><img decoding=\"async\" class=\"voc-author__img\" src=\"https:\/\/www.europesays.com\/es\/wp-content\/uploads\/2025\/09\/1757997548_254_autor-1617-foto-9.jpeg\" alt=\"\u00c1lvaro Colmenero\"\/><\/p>\n<p class=\"voc-p\" style=\"\">Cuando<a href=\"https:\/\/www.abc.es\/deportes\/mma\/ilia-topuria-responde-terence-crawford-quiera-medir-20250916044318-nt.html\" target=\"_self\" data-voc-vtm-id=\"in-text-traffic\" title=\" Ilia Topuria se pone un objetivo entre ceja y ceja\" rel=\"nofollow noopener\"> Ilia Topuria se pone un objetivo entre ceja y ceja<\/a>, termina consigui\u00e9ndolo, al menos as\u00ed ha sucedido hasta el momento. El hispanogeorgiano comenz\u00f3 hace ya un par de a\u00f1os a trasladar su intenci\u00f3n de hacer alg\u00fan d\u00eda una pelea muy grande dentro del cuadril\u00e1tero. La realidad es que, en la actualidad, es el campe\u00f3n del peso ligero de la UFC y la compa\u00f1\u00eda estadounidense le llamar\u00e1 pronto para sentarse a negociar su primera defensa del cintur\u00f3n de las 155 libras (70,3 kilos). <\/p>\n<p class=\"voc-p\" style=\"\">Sin embargo, mientras aguarda el instante para hablar acerca de su siguiente compromiso dentro del oct\u00e1gono, ya ha comenzado una campa\u00f1a medi\u00e1tica para cerrar un futuro combate ante ciertas superestrellas de pugilismo internacional. De hecho, <strong>Ilia Topuria ya ha nombrado en varias ocasiones al mexicano Canelo \u00c1lvarez<\/strong>, atleta al que admira, como posible rival en una hipot\u00e9tica transici\u00f3n al boxeo. M\u00e1s reciente es <a href=\"https:\/\/www.abc.es\/deportes\/mma\/ilia-topuria-responde-terence-crawford-quiera-medir-20250916044318-nt.html\" target=\"_self\" data-voc-vtm-id=\"in-text-traffic\" title=\"su intercambio de palabras con el estadounidense Terence Crawford\" rel=\"nofollow noopener\">su intercambio de palabras con el estadounidense Terence Crawford<\/a>, uno de los mejores libra por libra del planeta.<\/p>\n<p class=\"voc-p\" style=\"\">Durante la promoci\u00f3n de la pelea entre Canelo y Crawford, el CEO de la UFC y de Zuffa Boxing, Dana White, fue preguntado al respecto de un posible enfrentamiento entre Topuria y Crawford, haci\u00e9ndole una comparaci\u00f3n con lo que ya ocurriera entre Floyd Mayweather y Conor McGregor en su d\u00eda. \u00abEspero realmente que no suceda\u00bb, contest\u00f3 tajante el mandam\u00e1s de la UFC. <\/p>\n<p class=\"voc-p\" style=\"\">Ante esta respuesta, ABC MMA le pregunt\u00f3 a Ilia Topuria en la rueda de prensa posterior a WOW 22, en el Madrid Arena, por las declaraciones que hab\u00eda vertido el CEO de la UFC. \u00ab\u00bfSi Dana White me apoyar\u00e1 para boxear? Es algo que quiero hacer y no creo que me diga que no quiere ayudarme a conseguir mi sue\u00f1o&#8230; <strong>Contar\u00e9 con su apoyo, no me cabe duda. Cuesta convencerlo, pero estoy seguro de que saldr\u00e1 bien<\/strong>\u00bb, apostill\u00f3 El Matador. <\/p>\n<p class=\"voc-p\" style=\"\">Es presumible que, para que ese pleito llegue a darse, primero tendr\u00e1 que continuar con su carrera dentro del oct\u00e1gono y mantenerse activo como campe\u00f3n del peso ligero. Ser\u00e1 entonces cuando podr\u00e1 sentarse seriamente con Dana White para valorar<a href=\"https:\/\/www.abc.es\/deportes\/mma\/ilia-topuria-responde-terence-crawford-quiera-medir-20250916044318-nt.html\" target=\"_self\" data-voc-vtm-id=\"in-text-traffic\" title=\" su futuro acerca del boxeo\" rel=\"nofollow noopener\"> su futuro acerca del boxeo<\/a>. <\/p>\n<p>Reportar un error<\/p>\n","protected":false},"excerpt":{"rendered":"Cuando Ilia Topuria se pone un objetivo entre ceja y ceja, termina consigui\u00e9ndolo, al menos as\u00ed ha sucedido&hellip;\n","protected":false},"author":2,"featured_media":123227,"comment_status":"","ping_status":"","sticky":false,"template":"","format":"standard","meta":{"footnotes":""},"categories":[276],"tags":[14649,4791,40417,35636,5191,1681,168,25,24,347,11449,40416,14145,57,23,167,348,343,3797],"class_list":{"0":"post-123226","1":"post","2":"type-post","3":"status-publish","4":"format-standard","5":"has-post-thumbnail","7":"category-ufc","8":"tag-bien","9":"tag-boxeo","10":"tag-convencerlo","11":"tag-crawford","12":"tag-cuesta","13":"tag-dana","14":"tag-deportes","15":"tag-es","16":"tag-espana","17":"tag-ilia","18":"tag-negativa","19":"tag-pelee","20":"tag-saldra","21":"tag-sobre","22":"tag-spain","23":"tag-sports","24":"tag-topuria","25":"tag-ufc","26":"tag-white"},"share_on_mastodon":{"url":"","error":""},"_links":{"self":[{"href":"https:\/\/www.europesays.com\/es\/wp-json\/wp\/v2\/posts\/123226","targetHints":{"allow":["GET"]}}],"collection":[{"href":"https:\/\/www.europesays.com\/es\/wp-json\/wp\/v2\/posts"}],"about":[{"href":"https:\/\/www.europesays.com\/es\/wp-json\/wp\/v2\/types\/post"}],"author":[{"embeddable":true,"href":"https:\/\/www.europesays.com\/es\/wp-json\/wp\/v2\/users\/2"}],"replies":[{"embeddable":true,"href":"https:\/\/www.europesays.com\/es\/wp-json\/wp\/v2\/comments?post=123226"}],"version-history":[{"count":0,"href":"https:\/\/www.europesays.com\/es\/wp-json\/wp\/v2\/posts\/123226\/revisions"}],"wp:featuredmedia":[{"embeddable":true,"href":"https:\/\/www.europesays.com\/es\/wp-json\/wp\/v2\/media\/123227"}],"wp:attachment":[{"href":"https:\/\/www.europesays.com\/es\/wp-json\/wp\/v2\/media?parent=123226"}],"wp:term":[{"taxonomy":"category","embeddable":true,"href":"https:\/\/www.europesays.com\/es\/wp-json\/wp\/v2\/categories?post=123226"},{"taxonomy":"post_tag","embeddable":true,"href":"https:\/\/www.europesays.com\/es\/wp-json\/wp\/v2\/tags?post=123226"}],"curies":[{"name":"wp","href":"https:\/\/api.w.org\/{rel}","templated":true}]}}