{"id":123228,"date":"2025-09-18T14:46:09","date_gmt":"2025-09-18T14:46:09","guid":{"rendered":"https:\/\/www.europesays.com\/es\/123228\/"},"modified":"2025-09-18T14:46:09","modified_gmt":"2025-09-18T14:46:09","slug":"aparte-de-alcaraz-y-sinner-no-veo","status":"publish","type":"post","link":"https:\/\/www.europesays.com\/es\/123228\/","title":{"rendered":"Aparte de Alcaraz y Sinner, no veo&#8230;"},"content":{"rendered":"<p><b>Carlos Alcaraz y Jannik Sinner <\/b>se han repartido los \u00faltimos ocho grand slam que se han disputado, siendo Novak Djokovic (<b><a title=\"US Open 2023\" href=\"https:\/\/www.antena3.com\/noticias\/deportes\/tenis\/djokovic-desactiva-medvedev-agranda-leyenda-conquistando-24-grand-slam-carrera_2023091164febc71d60bc60001c4a41e.html\" target=\"_blank\" rel=\"nofollow noopener\">US Open 2023<\/a><\/b>) el \u00faltimo jugador capaz de ganar en un gran escenario al margen del espa\u00f1ol y el italiano. Y es que el circuito parece haber entrado en un duopolio en el que apenas queda nada para el resto de tenistas: el de San C\u00e1ndido ha levantado dos Open de Australia (<b><a title=\"2024\" href=\"https:\/\/www.antena3.com\/noticias\/deportes\/tenis\/sinner-licencia-medvedev-remonta-dos-sets-conquistar-australia-primer-grand-slam_2024012865b64951c3cb300001096a3a.html\" target=\"_blank\" rel=\"nofollow noopener\">2024<\/a><\/b> y <b><a title=\"2025\" href=\"https:\/\/www.antena3.com\/noticias\/deportes\/tenis\/jannik-sinner-opciones-zverev-revalida-titulo-australia_2025012667961f4d47e9a00001e93280.html\" target=\"_blank\" rel=\"nofollow noopener\">2025<\/a><\/b>), un Wimbledon (<b><a title=\"2025\" href=\"https:\/\/www.antena3.com\/noticias\/deportes\/tenis\/jannik-sinner-carlos-alcaraz-directo-resultado-ultima-hora-final-tenis-wimbledon_20250713687397003c6d9a1f9476e95c.html\" target=\"_blank\" rel=\"nofollow noopener\">2025<\/a><\/b>) y un US Open (<b><a title=\"2024\" href=\"https:\/\/www.antena3.com\/noticias\/deportes\/tenis\/jannik-sinner-frustra-sueno-americano-fritz-open-gana-segundo-grand-slam_2024090866de1a603c878700017ed1d4.html\" target=\"_blank\" rel=\"nofollow noopener\">2024<\/a><\/b>); mientras que el fen\u00f3meno de El Palmar se ha hecho, en las dos \u00faltimas temporadas, con dos Roland Garros (<b><a title=\"2024\" href=\"https:\/\/www.antena3.com\/noticias\/deportes\/tenis\/carlos-alcaraz-alexander-zverev-final-roland-garros-directo_20240609666596058fd52100010b609e.html\" target=\"_blank\" rel=\"nofollow noopener\">2024<\/a><\/b> y <b><a title=\"2025\" href=\"https:\/\/www.antena3.com\/noticias\/deportes\/tenis\/alcaraz-sinner-final-roland-garros-2025-directo-resultado-minuto-minuto-ultima-hora-partido-hoy_20250608684579984c9357775b853cb6.html\" target=\"_blank\" rel=\"nofollow noopener\">2025<\/a><\/b>), un Wimbledon (<b><a title=\"2024\" href=\"https:\/\/www.antena3.com\/noticias\/deportes\/tenis\/carlos-alcaraz-novak-djokovic-final-wimbledon-2024-hoy-directo_202407146693c01cc53ff80001bfa0f5.html\" target=\"_blank\" rel=\"nofollow noopener\">2024<\/a><\/b>) y el \u00faltimo US Open (<b><a title=\"2025\" href=\"https:\/\/www.antena3.com\/noticias\/deportes\/tenis\/jannik-sinner-carlos-alcaraz-directo-resultado-ultima-hora-final-tenis-open_2025090768bd7ade8f77821956b9044b.html\" target=\"_blank\" rel=\"nofollow noopener\">2025<\/a><\/b>).<\/p>\n<p>En este escenario ya son muchas las voces que coinciden en <b><a title=\"augurar una nueva \u00e9poca\" href=\"https:\/\/www.antena3.com\/noticias\/deportes\/tenis\/reflexion-extenista-impacto-alcaraz-tenis-tiene-ese-factor-como-jordan_2025091268c47babd8e2796664502311.html\" target=\"_blank\" rel=\"nofollow noopener\">augurar una nueva \u00e9poca<\/a><\/b> en el tenis en la que Carlos Alcaraz y Jannik Sinner se van a repartir los principales torneos en los pr\u00f3ximos a\u00f1os, incluso el debate ya ha pasado a ser <b><a title=\"cu\u00e1l de los dos\" href=\"https:\/\/www.antena3.com\/noticias\/deportes\/tenis\/john-isner-cree-que-alcaraz-lograra-antes-que-sinner-career-grand-slam-nivel-que-vimos-open_2025091668c910e2d8e27966645fb7a9.html\" target=\"_blank\" rel=\"nofollow noopener\">cu\u00e1l de los dos<\/a><\/b> completar\u00e1 antes el &#8216;Career Grand Slam&#8217; (ganar los cuatro grand slam del calendario): el murciano podr\u00eda lograron el pr\u00f3ximo mes de enero en Melbourne, mientras el de San C\u00e1ndido deber\u00e1 esperar al pr\u00f3ximo Roland Garros para tratar de cerrar el c\u00edrculo.<\/p>\n<p>Este fin de semana las miradas del tenis se fijar\u00e1n en San Francisco, donde se disputa la octava edici\u00f3n de la Laver Cup, con Carlos Alcaraz como la gran atracci\u00f3n del torneo entre el equipo de Europa y el del resto del mundo. <b>Yannick Noah<\/b> es el capit\u00e1n del equipo europeo y ha hablado sobre el dominio del murciano y Sinner en las dos \u00faltimas temporadas.<\/p>\n<p>\u00abAparte de Alcaraz y Sinner, no veo a nadie que pueda ganar uno de los ocho pr\u00f3ximos torneos del Grand Slam. Incluso <b>pueden alcanzar los 20 t\u00edtulos<\/b>. Evidentemente, si no est\u00e1n lesionados, pero creo que est\u00e1n frescos. Por el momento, hay dos, no tres como en aquella \u00e9poca, con un Murray adicional\u00bb, apunta el ganador de Roland Garros 1983 en el &#8216;Super Moscato Show&#8217; de RMC<\/p>\n<p>\u00abTambi\u00e9n pienso que el equipo de ambos es de gran calidad. La estructura est\u00e1 realmente bien consolidada. El espa\u00f1ol est\u00e1 en buena salud mental. Es feliz. El italiano, por su parte, da la impresi\u00f3n de, con 24 a\u00f1os, tener la madurez de un hombre de 35 a\u00f1os. Es incre\u00edble ver todo esto\u00bb, admite el extensita franc\u00e9s.<\/p>\n<p>Alcaraz en Alcatraz antes de la Laver Cup<\/p>\n<p>El reciente ganador del US Open y <b><a title=\"ganador de seis grand slam\" href=\"https:\/\/www.antena3.com\/noticias\/deportes\/tenis\/brutal-record-carlos-alcaraz-ganar-sexto-grand-slam-22-anos-125-dias_2025090868befbf5c752286abd9ea3cf.html\" target=\"_blank\" rel=\"nofollow noopener\">ganador de seis grand slam<\/a><\/b> lleva ya algunos d\u00edas en San Francisco, donde <b><a title=\"ha visitado\" href=\"https:\/\/www.antena3.com\/noticias\/deportes\/tenis\/alcaraz-alcatraz-visita-roca-antes-laver-cup_2025091768cafe76bc8f701b2f73741a.html\" target=\"_blank\" rel=\"nofollow noopener\">ha visitado<\/a><\/b> la emblem\u00e1tica prisi\u00f3n de Alcatraz y donde ha jugado al golf con Roger Federer, leyenda del tenis con 20 majors.<\/p>\n<p>\u00abLa Laver Cup es un evento diferente y \u00fanico, donde compartes vestuario y equipo con tus rivales normalmente. Eso es lo bonito, me siento un privilegiado de poder vivir este tipo de situaciones y, obviamente, poder jugar contra el resto del mundo es algo \u00fanico\u00bb, explic\u00f3 Alcaraz en un acto promocional de la Laver Cup en San Francisco.<\/p>\n<p>\u00abLlevo pocos d\u00edas (en San Francisco). Fui a Alcatraz a visitar la isla y fue incr\u00edble. Poder jugar al golf con Sasha (Zverev), Casper (Ruud) y Roger (Federer). Fue incre\u00edble poder desconectar un poco para volver m\u00e1s fuerte a las pistas y muy contento de estos d\u00edas en San Francisco\u00bb, reconoci\u00f3 el murciano.<\/p>\n<p>S\u00edguenos en nuestro <a title=\"canal de WhatsApp\" href=\"https:\/\/www.whatsapp.com\/channel\/0029Va6BhYH2phHPnlatwW3b\" target=\"_blank\" rel=\"nofollow noopener\">canal de WhatsApp<\/a> y no te pierdas la \u00faltima hora y toda la actualidad de antena3noticias.com<\/p>\n<p>   <img decoding=\"async\" title=\"Chevi Guzm\u00e1n con el oro en el podio de China\" alt=\"Chevi Guzm\u00e1n con el oro en el podio de China\" width=\"480\" height=\"270\" src=\"https:\/\/www.europesays.com\/es\/wp-content\/uploads\/2025\/09\/chevi-guzman-oro-podio-china_70.jpg\" loading=\"lazy\" class=\"lazy\"\/><\/p>\n","protected":false},"excerpt":{"rendered":"Carlos Alcaraz y Jannik Sinner se han repartido los \u00faltimos ocho grand slam que se han disputado, siendo&hellip;\n","protected":false},"author":2,"featured_media":123229,"comment_status":"","ping_status":"","sticky":false,"template":"","format":"standard","meta":{"footnotes":""},"categories":[274],"tags":[168,25,24,23,167,327,326],"class_list":{"0":"post-123228","1":"post","2":"type-post","3":"status-publish","4":"format-standard","5":"has-post-thumbnail","7":"category-tenis","8":"tag-deportes","9":"tag-es","10":"tag-espana","11":"tag-spain","12":"tag-sports","13":"tag-tenis","14":"tag-tennis"},"share_on_mastodon":{"url":"","error":""},"_links":{"self":[{"href":"https:\/\/www.europesays.com\/es\/wp-json\/wp\/v2\/posts\/123228","targetHints":{"allow":["GET"]}}],"collection":[{"href":"https:\/\/www.europesays.com\/es\/wp-json\/wp\/v2\/posts"}],"about":[{"href":"https:\/\/www.europesays.com\/es\/wp-json\/wp\/v2\/types\/post"}],"author":[{"embeddable":true,"href":"https:\/\/www.europesays.com\/es\/wp-json\/wp\/v2\/users\/2"}],"replies":[{"embeddable":true,"href":"https:\/\/www.europesays.com\/es\/wp-json\/wp\/v2\/comments?post=123228"}],"version-history":[{"count":0,"href":"https:\/\/www.europesays.com\/es\/wp-json\/wp\/v2\/posts\/123228\/revisions"}],"wp:featuredmedia":[{"embeddable":true,"href":"https:\/\/www.europesays.com\/es\/wp-json\/wp\/v2\/media\/123229"}],"wp:attachment":[{"href":"https:\/\/www.europesays.com\/es\/wp-json\/wp\/v2\/media?parent=123228"}],"wp:term":[{"taxonomy":"category","embeddable":true,"href":"https:\/\/www.europesays.com\/es\/wp-json\/wp\/v2\/categories?post=123228"},{"taxonomy":"post_tag","embeddable":true,"href":"https:\/\/www.europesays.com\/es\/wp-json\/wp\/v2\/tags?post=123228"}],"curies":[{"name":"wp","href":"https:\/\/api.w.org\/{rel}","templated":true}]}}