{"id":123242,"date":"2025-09-18T14:54:11","date_gmt":"2025-09-18T14:54:11","guid":{"rendered":"https:\/\/www.europesays.com\/es\/123242\/"},"modified":"2025-09-18T14:54:11","modified_gmt":"2025-09-18T14:54:11","slug":"retiran-indefinidamente-del-aire-el-programa-de-jimmy-kimmel-tras-comentarios-sobre-charlie-kirk","status":"publish","type":"post","link":"https:\/\/www.europesays.com\/es\/123242\/","title":{"rendered":"Retiran \u00abindefinidamente\u00bb del aire el programa de Jimmy Kimmel tras comentarios sobre Charlie Kirk"},"content":{"rendered":"<p>      CNN<br \/>\n        \u00a0\u2014\u00a0<\/p>\n<p class=\"paragraph inline-placeholder vossi-paragraph\" data-uri=\"es.cms.cnn.com\/_components\/paragraph\/instances\/cmfokk73o0002356nhov99140@published\" data-editable=\"text\" data-component-name=\"paragraph\" data-article-gutter=\"true\">\n            La cadena de televisi\u00f3n ABC de Disney est\u00e1 retirando indefinidamente del aire el programa nocturno de entrevistas de Jimmy Kimmel en medio de una controversia por sus recientes comentarios sobre el presunto asesino de Charlie Kirk.\n    <\/p>\n<p class=\"paragraph inline-placeholder vossi-paragraph\" data-uri=\"es.cms.cnn.com\/_components\/paragraph\/instances\/cmfoq3ap4000e356n5sg3bbw3@published\" data-editable=\"text\" data-component-name=\"paragraph\" data-article-gutter=\"true\">\n            \u201cJimmy Kimmel Live ser\u00e1 suspendido indefinidamente\u201d, dijo un portavoz de ABC, neg\u00e1ndose a compartir m\u00e1s detalles.\n    <\/p>\n<p class=\"paragraph inline-placeholder vossi-paragraph\" data-uri=\"es.cms.cnn.com\/_components\/paragraph\/instances\/cmfoq3ap4000f356nyxzl6op3@published\" data-editable=\"text\" data-component-name=\"paragraph\" data-article-gutter=\"true\">\n            Un representante de Kimmel no respondi\u00f3 de inmediato a una solicitud de comentarios.\n    <\/p>\n<p class=\"paragraph inline-placeholder vossi-paragraph\" data-uri=\"es.cms.cnn.com\/_components\/paragraph\/instances\/cmfoq3ap4000g356n0vx89fgx@published\" data-editable=\"text\" data-component-name=\"paragraph\" data-article-gutter=\"true\">\n            La sorprendente decisi\u00f3n lleg\u00f3 solo unas horas despu\u00e9s de que el funcionario del Gobierno de Trump responsable de otorgar licencias a las estaciones locales de ABC presionara p\u00fablicamente a la compa\u00f1\u00eda para que sancionara a Kimmel.\n    <\/p>\n<p class=\"paragraph inline-placeholder vossi-paragraph\" data-uri=\"es.cms.cnn.com\/_components\/paragraph\/instances\/cmfoq3ap4000h356nseukce11@published\" data-editable=\"text\" data-component-name=\"paragraph\" data-article-gutter=\"true\">\n            Al menos dos grandes propietarios de estaciones afiliadas a ABC dijeron posteriormente que suspender\u00edan el programa de Kimmel, lo que provoc\u00f3 especulaciones de que los propietarios intentaban congraciarse con el Gobierno. Esos conglomerados medi\u00e1ticos locales buscan fusiones que requerir\u00edan la aprobaci\u00f3n de la administraci\u00f3n.\n    <\/p>\n<p class=\"paragraph inline-placeholder vossi-paragraph\" data-uri=\"es.cms.cnn.com\/_components\/paragraph\/instances\/cmfoq3ap4000i356nsgpij38u@published\" data-editable=\"text\" data-component-name=\"paragraph\" data-article-gutter=\"true\">\n            Mientras Kimmel se preparaba para grabar el episodio del mi\u00e9rcoles por la noche en Hollywood, ABC decidi\u00f3 cancelar el programa, para asombro de la industria del entretenimiento.\n    <\/p>\n<p class=\"paragraph inline-placeholder vossi-paragraph\" data-uri=\"es.cms.cnn.com\/_components\/paragraph\/instances\/cmfoq3ap4000j356nytxocy7a@published\" data-editable=\"text\" data-component-name=\"paragraph\" data-article-gutter=\"true\">\n            Grupos a favor de la libertad de expresi\u00f3n condenaron inmediatamente a ABC, calificando la suspensi\u00f3n de cobarde, mientras que el presidente Trump, quien frecuentemente se enfrentaba con Kimmel, celebr\u00f3 desde el Reino Unido, donde se encuentra en <a href=\"https:\/\/cnnespanol.cnn.com\/2025\/09\/17\/eeuu\/visita-trump-reino-unido-protestas-londres-trax\" rel=\"nofollow noopener\" target=\"_blank\">una visita de Estado<\/a>.\n    <\/p>\n<p class=\"paragraph inline-placeholder vossi-paragraph\" data-uri=\"es.cms.cnn.com\/_components\/paragraph\/instances\/cmfoq3ap4000k356nnb1amc0w@published\" data-editable=\"text\" data-component-name=\"paragraph\" data-article-gutter=\"true\">\n            \u201cFelicitaciones a ABC por finalmente tener el valor de hacer lo que deb\u00eda hacerse\u201d, escribi\u00f3 Trump en una publicaci\u00f3n en su plataforma Truth Social. \u201cEso deja a Jimmy (Fallon) y Seth, dos perdedores totales, en Fake News NBC. Sus \u00edndices de audiencia tambi\u00e9n son horribles. \u00a1\u00a1\u00a1Hazlo NBC!!!\u201d\n    <\/p>\n<p class=\"paragraph inline-placeholder vossi-paragraph\" data-uri=\"es.cms.cnn.com\/_components\/paragraph\/instances\/cmfoq3ap4000l356nmhj7k65f@published\" data-editable=\"text\" data-component-name=\"paragraph\" data-article-gutter=\"true\">\n            La suspensi\u00f3n indefinida subraya cu\u00e1n politizadas se han vuelto las opiniones y comentarios en torno al asesinato del activista conservador Charlie Kirk, con campa\u00f1as de alto perfil instando a los empleadores a despedir a personas que hagan comentarios percibidos como desfavorables hacia Kirk.\n    <\/p>\n<p class=\"paragraph inline-placeholder vossi-paragraph\" data-uri=\"es.cms.cnn.com\/_components\/paragraph\/instances\/cmfoq3ap4000m356n4g0rc4w1@published\" data-editable=\"text\" data-component-name=\"paragraph\" data-article-gutter=\"true\">\n            Y el presidente tambi\u00e9n ha arremetido contra las empresas de medios, espec\u00edficamente, cuando lo disgustan, como con la <a href=\"https:\/\/cnnespanol.cnn.com\/2025\/09\/16\/economia\/trump-demanda-new-york-times-trax\" rel=\"nofollow noopener\" target=\"_blank\">demanda por difamaci\u00f3n de US$ 15.000 millones<\/a> que present\u00f3 esta semana contra el New York Times y demandas contra otros medios.\n    <\/p>\n<p>       <img loading=\"lazy\" decoding=\"async\" src=\"https:\/\/www.europesays.com\/es\/wp-content\/uploads\/2025\/09\/gettyimages-2197173936.jpg\" alt=\"GettyImages-2197173936.jpg\" class=\"image__dam-img image__dam-img--loading\" onload=\"this.classList.remove('image__dam-img--loading')\" onerror=\"imageLoadError(this)\" height=\"3333\" width=\"5000\"\/><\/p>\n<p>Esto dijo el funcionario del Gobierno de Trump que presion\u00f3 para suspender el show de Jimmy Kimmel\n                <\/p>\n<p>Esto dijo el funcionario del Gobierno de Trump que presion\u00f3 para suspender el show de Jimmy Kimmel<\/p>\n<p>01:48     <\/p>\n<p class=\"paragraph inline-placeholder vossi-paragraph\" data-uri=\"es.cms.cnn.com\/_components\/paragraph\/instances\/cmfoq3ap4000n356n75c7ou0t@published\" data-editable=\"text\" data-component-name=\"paragraph\" data-article-gutter=\"true\">\n            Durante su mon\u00f3logo del lunes por la noche, Kimmel dijo que el movimiento MAGA estaba tratando de obtener puntos pol\u00edticos al intentar demostrar que el presunto asesino de Kirk, Tyler Robinson, no era uno de los suyos.\n    <\/p>\n<p class=\"paragraph inline-placeholder vossi-paragraph\" data-uri=\"es.cms.cnn.com\/_components\/paragraph\/instances\/cmfoq3ap4000o356n6ww8wm9h@published\" data-editable=\"text\" data-component-name=\"paragraph\" data-article-gutter=\"true\">\n            \u201cLa pandilla MAGA est\u00e1 desesperadamente tratando de caracterizar a este chico que asesin\u00f3 a Charlie Kirk como cualquier cosa menos uno de ellos y haciendo todo lo posible para sacar r\u00e9dito pol\u00edtico de ello\u201d, dijo Kimmel. \u201cEntre las acusaciones, hubo duelo\u201d.\n    <\/p>\n<p class=\"paragraph inline-placeholder vossi-paragraph\" data-uri=\"es.cms.cnn.com\/_components\/paragraph\/instances\/cmfoq3ap4000p356n8exmbpam@published\" data-editable=\"text\" data-component-name=\"paragraph\" data-article-gutter=\"true\">\n            Los comentarios del presentador nocturno de ABC constituyeron \u201cla conducta m\u00e1s enfermiza posible\u201d, dijo el presidente de la Comisi\u00f3n Federal de Comunicaciones (FCC, por sus siglas en ingl\u00e9s), Brendan Carr, al podcaster de derecha Benny Johnson el mi\u00e9rcoles.\n    <\/p>\n<p class=\"paragraph inline-placeholder vossi-paragraph\" data-uri=\"es.cms.cnn.com\/_components\/paragraph\/instances\/cmfoz84bl0003356npmgg2off@published\" data-editable=\"text\" data-component-name=\"paragraph\" data-article-gutter=\"true\">\n             Carr sugiri\u00f3 que el FCC podr\u00eda proceder a revocar las licencias de las afiliadas de ABC como una forma de obligar a Disney a castigar a Kimmel.\n    <\/p>\n<p class=\"paragraph inline-placeholder vossi-paragraph\" data-uri=\"es.cms.cnn.com\/_components\/paragraph\/instances\/cmfoq3ap4000q356neloh9o90@published\" data-editable=\"text\" data-component-name=\"paragraph\" data-article-gutter=\"true\">\n            \u201cPodemos hacer esto por las buenas o por las malas\u201d, dijo Carr. \u201cEstas empresas pueden encontrar formas de cambiar su conducta y tomar medidas respecto a Kimmel, o habr\u00e1 m\u00e1s trabajo para la FCC\u201d.\n    <\/p>\n<p class=\"paragraph inline-placeholder vossi-paragraph\" data-uri=\"es.cms.cnn.com\/_components\/paragraph\/instances\/cmfoz2sev0000356nfivkr6xp@published\" data-editable=\"text\" data-component-name=\"paragraph\" data-article-gutter=\"true\">\n            Y hablando en Fox el mi\u00e9rcoles por la noche, Carr sugiri\u00f3 que los locutores ver\u00edan m\u00e1s de este tipo de presi\u00f3n en el futuro.\n    <\/p>\n<p class=\"paragraph inline-placeholder vossi-paragraph\" data-uri=\"es.cms.cnn.com\/_components\/paragraph\/instances\/cmfoz9n0x0008356n2wzgs4bn@published\" data-editable=\"text\" data-component-name=\"paragraph\" data-article-gutter=\"true\">\n            En la FCC vamos a imponer la obligaci\u00f3n de inter\u00e9s p\u00fablico. Si hay emisoras a las que no les gusta, pueden entregar su licencia a la FCC \u2014dijo Carr\u2014. Pero ese es nuestro trabajo. De nuevo, estamos logrando avances.\n    <\/p>\n<p class=\"paragraph inline-placeholder vossi-paragraph\" data-uri=\"es.cms.cnn.com\/_components\/paragraph\/instances\/cmfoq3ap4000r356n73br8bud@published\" data-editable=\"text\" data-component-name=\"paragraph\" data-article-gutter=\"true\">\n            Pero Anna Gomez, la \u00fanica comisionada dem\u00f3crata de la FCC, escribi\u00f3 en X que aunque \u201cun acto imperdonable de violencia pol\u00edtica por parte de un individuo perturbado nunca debe ser explotado como justificaci\u00f3n para una censura y control m\u00e1s amplios\u201d, el Gobierno de Trump \u201cest\u00e1 usando cada vez m\u00e1s el peso del poder gubernamental para suprimir la expresi\u00f3n legal\u201d.\n    <\/p>\n<p class=\"paragraph inline-placeholder vossi-paragraph\" data-uri=\"es.cms.cnn.com\/_components\/paragraph\/instances\/cmfoq3ap4000s356nmjfkfoe5@published\" data-editable=\"text\" data-component-name=\"paragraph\" data-article-gutter=\"true\">\n            Hablando con Erin Burnett de CNN despu\u00e9s de que el programa de Kimmel fuera retirado del aire, Gomez dijo: \u201cLa Primera Enmienda no nos permite, a la FCC, decirles a los radiodifusores qu\u00e9 pueden transmitir\u201d.\n    <\/p>\n<p class=\"paragraph inline-placeholder vossi-paragraph\" data-uri=\"es.cms.cnn.com\/_components\/paragraph\/instances\/cmfoq3ap4000t356nqvlnhukg@published\" data-editable=\"text\" data-component-name=\"paragraph\" data-article-gutter=\"true\">\n            \u201cVi el clip. No hizo ninguna afirmaci\u00f3n sin fundamento, pero s\u00ed hizo una broma, una que algunos pueden considerar grosera, pero eso no es ilegal ni motivo para que las empresas capitulen ante esta administraci\u00f3n de manera que violen la Primera Enmienda\u201d, dijo Gomez a CNN. \u201cEsto sienta un nuevo y peligroso precedente, y las empresas deben mantenerse firmes contra cualquier intento de negociar la libertad de la Primera Enmienda\u201d.\n    <\/p>\n<p class=\"paragraph inline-placeholder vossi-paragraph\" data-uri=\"es.cms.cnn.com\/_components\/paragraph\/instances\/cmfoq3ap4000u356ns9bwjqco@published\" data-editable=\"text\" data-component-name=\"paragraph\" data-article-gutter=\"true\">\n            Sitios web y programas de televisi\u00f3n pro-Trump comenzaron a criticar a Kimmel por sus comentarios el martes, y a medida que la historia gan\u00f3 tracci\u00f3n el mi\u00e9rcoles, algunos propietarios de estaciones afiliadas a ABC sintieron la necesidad de pronunciarse.\n    <\/p>\n<p class=\"paragraph inline-placeholder vossi-paragraph\" data-uri=\"es.cms.cnn.com\/_components\/paragraph\/instances\/cmfoq3ap4000v356nvrq54o4n@published\" data-editable=\"text\" data-component-name=\"paragraph\" data-article-gutter=\"true\">\n            Nexstar, que opera alrededor de dos docenas de afiliadas de ABC, emiti\u00f3 un comunicado de prensa diciendo que \u201cse opone firmemente\u201d a los comentarios de Kimmel y que sus estaciones \u201creemplazar\u00e1n el programa con otra programaci\u00f3n en sus mercados afiliados a ABC.\u201d\n    <\/p>\n<p class=\"paragraph inline-placeholder vossi-paragraph\" data-uri=\"es.cms.cnn.com\/_components\/paragraph\/instances\/cmfoq3ap4000w356n4rgnf1li@published\" data-editable=\"text\" data-component-name=\"paragraph\" data-article-gutter=\"true\">\n            Cabe destacar que Nexstar est\u00e1 buscando la aprobaci\u00f3n del Gobierno de Trump para adquirir otro gran grupo de estaciones en EE.UU., Tegna. El acuerdo requiere que la FCC flexibilice los l\u00edmites gubernamentales sobre la propiedad de estaciones de radiodifusi\u00f3n.\n    <\/p>\n<p class=\"paragraph inline-placeholder vossi-paragraph\" data-uri=\"es.cms.cnn.com\/_components\/paragraph\/instances\/cmfoq3ap4000x356nxrvw7sbb@published\" data-editable=\"text\" data-component-name=\"paragraph\" data-article-gutter=\"true\">\n            Minutos despu\u00e9s de que Nexstar criticara p\u00fablicamente a Kimmel, ABC dijo que el programa ser\u00eda suspendido a nivel nacional.\n    <\/p>\n<p class=\"paragraph inline-placeholder vossi-paragraph\" data-uri=\"es.cms.cnn.com\/_components\/paragraph\/instances\/cmfoq3ap4000y356n6nyb4hrc@published\" data-editable=\"text\" data-component-name=\"paragraph\" data-article-gutter=\"true\">\n            M\u00e1s tarde esa noche, otro gran grupo de estaciones, Sinclair, dijo que tambi\u00e9n le hab\u00eda comunicado a ABC que interrumpir\u00eda la emisi\u00f3n del programa de Kimmel en sus estaciones afiliadas a ABC antes de que la cadena anunciara su decisi\u00f3n a nivel nacional.\n    <\/p>\n<p class=\"paragraph inline-placeholder vossi-paragraph\" data-uri=\"es.cms.cnn.com\/_components\/paragraph\/instances\/cmfoq3ap4000z356nxddxmmyf@published\" data-editable=\"text\" data-component-name=\"paragraph\" data-article-gutter=\"true\">\n            Sinclair, tambi\u00e9n, tiene negocios pendientes ante el Gobierno de Trump. La compa\u00f1\u00eda anunci\u00f3 el mi\u00e9rcoles por la noche que emitir\u00e1 un especial de una hora en homenaje a Kirk el viernes por la noche en el horario habitual de Kimmel.\n    <\/p>\n<p class=\"paragraph inline-placeholder vossi-paragraph\" data-uri=\"es.cms.cnn.com\/_components\/paragraph\/instances\/cmfoz9k080006356n413ilf9b@published\" data-editable=\"text\" data-component-name=\"paragraph\" data-article-gutter=\"true\">\n            Luego de la decisi\u00f3n de ABC de retirar del aire indefinidamente el programa de Kimmel, Sinclair emiti\u00f3 un <a href=\"https:\/\/x.com\/WeAreSinclair\/status\/1968471160359645658\" target=\"_blank\" rel=\"nofollow\">comunicado<\/a> diciendo que la suspensi\u00f3n del presentador nocturno \u201cno es suficiente\u201d y pidi\u00f3 a la cadena, a la FCC y a Kimmel que vayan m\u00e1s all\u00e1.\n    <\/p>\n<p class=\"paragraph inline-placeholder vossi-paragraph\" data-uri=\"es.cms.cnn.com\/_components\/paragraph\/instances\/cmfozfcbw000g356n6rgq0iwx@published\" data-editable=\"text\" data-component-name=\"paragraph\" data-article-gutter=\"true\">\n            \u201cSinclair no levantar\u00e1 la suspensi\u00f3n de Jimmy Kimmel Live! en nuestras estaciones hasta que se celebren conversaciones formales con ABC sobre el compromiso de la cadena con el profesionalismo y la responsabilidad\u201d, declar\u00f3 la compa\u00f1\u00eda en su comunicado. \u201cIndependientemente de los planes de ABC para el futuro del programa, Sinclair tiene la intenci\u00f3n de no volver a emitir Jimmy Kimmel Live! hasta que tengamos la certeza de que se han tomado las medidas adecuadas para mantener los est\u00e1ndares esperados de una plataforma de transmisi\u00f3n nacional\u201d.\n    <\/p>\n<p class=\"paragraph inline-placeholder vossi-paragraph\" data-uri=\"es.cms.cnn.com\/_components\/paragraph\/instances\/cmfozgnj6000l356n6w2w2r7x@published\" data-editable=\"text\" data-component-name=\"paragraph\" data-article-gutter=\"true\">\n            Sinclair dijo que exigi\u00f3 que Kimmel se disculpara directamente con la familia Kirk y hiciera una donaci\u00f3n \u201csignificativa\u201d a la familia de Kirk y a su organizaci\u00f3n, Turning Point USA.\n    <\/p>\n<p class=\"paragraph inline-placeholder vossi-paragraph\" data-uri=\"es.cms.cnn.com\/_components\/paragraph\/instances\/cmfozgj9z000j356nygden1q9@published\" data-editable=\"text\" data-component-name=\"paragraph\" data-article-gutter=\"true\">\n            La FCC regula las ondas de radio p\u00fablicas, incluyendo las se\u00f1ales y el contenido de las transmisiones.\n    <\/p>\n<p class=\"paragraph inline-placeholder vossi-paragraph\" data-uri=\"es.cms.cnn.com\/_components\/paragraph\/instances\/cmfozike9000s356nzlrev3k4@published\" data-editable=\"text\" data-component-name=\"paragraph\" data-article-gutter=\"true\">\n            Antes de que Trump nombrara a Carr al frente de la agencia, la FCC, en general, hab\u00eda adoptado una postura de no intervenci\u00f3n respecto al contenido pol\u00edtico de las emisoras en los \u00faltimos a\u00f1os.\n    <\/p>\n<p class=\"paragraph inline-placeholder vossi-paragraph\" data-uri=\"es.cms.cnn.com\/_components\/paragraph\/instances\/cmfozi5qo000q356nduu6rcuh@published\" data-editable=\"text\" data-component-name=\"paragraph\" data-article-gutter=\"true\">\n            Pero Carr ha adoptado una visi\u00f3n m\u00e1s amplia del cometido de la FCC de servir al inter\u00e9s p\u00fablico y se ha comportado como perro de ataque pol\u00edtico de Trump, amenazando a sus percibidos enemigos en los medios de difusi\u00f3n.\n    <\/p>\n<p class=\"paragraph inline-placeholder vossi-paragraph\" data-uri=\"es.cms.cnn.com\/_components\/paragraph\/instances\/cmfozixoe000x356nekallvdf@published\" data-editable=\"text\" data-component-name=\"paragraph\" data-article-gutter=\"true\">\n            \u201cNo me imagino otra ocasi\u00f3n en la que las emisoras locales le digan a un programador nacional como Disney que su contenido ya no satisface las necesidades ni los valores de nuestra comunidad\u201d, declar\u00f3 Carr a Sean Hannity de Fox News el mi\u00e9rcoles. \u201cAs\u00ed que este es un punto de inflexi\u00f3n importante\u201d.\n    <\/p>\n<p class=\"paragraph inline-placeholder vossi-paragraph\" data-uri=\"es.cms.cnn.com\/_components\/paragraph\/instances\/cmfoq3ap40010356ndpl4zmql@published\" data-editable=\"text\" data-component-name=\"paragraph\" data-article-gutter=\"true\">\n            El Center for American Rights, que previamente ha presentado quejas de parcialidad contra NBC, ABC y CBS, present\u00f3 el mi\u00e9rcoles una queja ante la FCC por los comentarios de Kimmel, escribiendo que \u201cno son defendibles por decir que Kimmel estaba haciendo s\u00e1tira o comedia nocturna en lugar de noticias tradicionales\u201d.\n    <\/p>\n<p class=\"paragraph inline-placeholder vossi-paragraph\" data-uri=\"es.cms.cnn.com\/_components\/paragraph\/instances\/cmfoq16kz0000356nl4pa70gp@published\" data-editable=\"text\" data-component-name=\"paragraph\" data-article-gutter=\"true\">\n            \u201cLos afiliados de ABC deben intensificar sus esfuerzos y responsabilizar a ABC como cadena por transmitir material que no respeta el est\u00e1ndar de inter\u00e9s p\u00fablico al que est\u00e1n sujetos\u201d, escribi\u00f3 Daniel Suhr, presidente del Center for American Rights, en la queja. \u201cDisney, como propietario corporativo de ABC, debe actuar directamente para corregir este problema\u201d.\n    <\/p>\n<p class=\"paragraph inline-placeholder vossi-paragraph\" data-uri=\"es.cms.cnn.com\/_components\/paragraph\/instances\/cmfoziuq3000v356nxik4wvix@published\" data-editable=\"text\" data-component-name=\"paragraph\" data-article-gutter=\"true\">\n            SAG-AFTRA, el sindicato de actores, dijo el mi\u00e9rcoles por la noche que \u201ccondena\u201d la suspensi\u00f3n del programa de Kimmel.\n    <\/p>\n<p class=\"paragraph inline-placeholder vossi-paragraph\" data-uri=\"es.cms.cnn.com\/_components\/paragraph\/instances\/cmfozkiya0012356n3cz4kya4@published\" data-editable=\"text\" data-component-name=\"paragraph\" data-article-gutter=\"true\">\n            \u201cNuestra sociedad depende de la libertad de expresi\u00f3n. La supresi\u00f3n de la libertad de expresi\u00f3n y las represalias por expresarse sobre temas importantes de inter\u00e9s p\u00fablico contravienen los derechos fundamentales de todos\u201d, declar\u00f3 el sindicato en su comunicado.\n    <\/p>\n<p class=\"paragraph inline-placeholder vossi-paragraph\" data-uri=\"es.cms.cnn.com\/_components\/paragraph\/instances\/cmfozkiya0013356ny87tqlo4@published\" data-editable=\"text\" data-component-name=\"paragraph\" data-article-gutter=\"true\">\n            \u201cLa decisi\u00f3n de suspender la transmisi\u00f3n de Jimmy Kimmel Live! es el tipo de represi\u00f3n y represalia que pone en peligro las libertades de todos\u201d, subray\u00f3.\n    <\/p>\n<p class=\"paragraph inline-placeholder vossi-paragraph\" data-uri=\"es.cms.cnn.com\/_components\/paragraph\/instances\/cmfoqg4620017356nmsxbf23m@published\" data-editable=\"text\" data-component-name=\"paragraph\" data-article-gutter=\"true\">\n            Kimmel tambi\u00e9n ha sido un blanco frecuente de la ira del presidente Trump. Poco despu\u00e9s de que CBS anunciara la cancelaci\u00f3n del programa nocturno de Stephen Colbert \u2014una decisi\u00f3n que Carr celebr\u00f3 p\u00fablicamente\u2014 Trump sugiri\u00f3 que \u201cEl siguiente ser\u00e1 un menos talentoso Jimmy Kimmel\u201d.\n    <\/p>\n","protected":false},"excerpt":{"rendered":"CNN \u00a0\u2014\u00a0 La cadena de televisi\u00f3n ABC de Disney est\u00e1 retirando indefinidamente del aire el programa nocturno de&hellip;\n","protected":false},"author":2,"featured_media":123243,"comment_status":"","ping_status":"","sticky":false,"template":"","format":"standard","meta":{"footnotes":""},"categories":[171],"tags":[37536,146,147,25,24,20754,40418,23,214],"class_list":{"0":"post-123242","1":"post","2":"type-post","3":"status-publish","4":"format-standard","5":"has-post-thumbnail","7":"category-tv","8":"tag-charlie-kirk","9":"tag-entertainment","10":"tag-entretenimiento","11":"tag-es","12":"tag-espana","13":"tag-jimmy-kimmel","14":"tag-muerte-de-charlie-krik","15":"tag-spain","16":"tag-tv"},"share_on_mastodon":{"url":"","error":""},"_links":{"self":[{"href":"https:\/\/www.europesays.com\/es\/wp-json\/wp\/v2\/posts\/123242","targetHints":{"allow":["GET"]}}],"collection":[{"href":"https:\/\/www.europesays.com\/es\/wp-json\/wp\/v2\/posts"}],"about":[{"href":"https:\/\/www.europesays.com\/es\/wp-json\/wp\/v2\/types\/post"}],"author":[{"embeddable":true,"href":"https:\/\/www.europesays.com\/es\/wp-json\/wp\/v2\/users\/2"}],"replies":[{"embeddable":true,"href":"https:\/\/www.europesays.com\/es\/wp-json\/wp\/v2\/comments?post=123242"}],"version-history":[{"count":0,"href":"https:\/\/www.europesays.com\/es\/wp-json\/wp\/v2\/posts\/123242\/revisions"}],"wp:featuredmedia":[{"embeddable":true,"href":"https:\/\/www.europesays.com\/es\/wp-json\/wp\/v2\/media\/123243"}],"wp:attachment":[{"href":"https:\/\/www.europesays.com\/es\/wp-json\/wp\/v2\/media?parent=123242"}],"wp:term":[{"taxonomy":"category","embeddable":true,"href":"https:\/\/www.europesays.com\/es\/wp-json\/wp\/v2\/categories?post=123242"},{"taxonomy":"post_tag","embeddable":true,"href":"https:\/\/www.europesays.com\/es\/wp-json\/wp\/v2\/tags?post=123242"}],"curies":[{"name":"wp","href":"https:\/\/api.w.org\/{rel}","templated":true}]}}