{"id":123259,"date":"2025-09-18T15:04:08","date_gmt":"2025-09-18T15:04:08","guid":{"rendered":"https:\/\/www.europesays.com\/es\/123259\/"},"modified":"2025-09-18T15:04:08","modified_gmt":"2025-09-18T15:04:08","slug":"las-victimas-siempre-han-estado-protegidas-porque-los-dispositivos-han-funcionado-en-todo-momento-prensa-actualidad-igualdad","status":"publish","type":"post","link":"https:\/\/www.europesays.com\/es\/123259\/","title":{"rendered":"\u00abLas v\u00edctimas siempre han estado protegidas porque los dispositivos han funcionado en todo momento\u00bb [Prensa\/Actualidad\/Igualdad]"},"content":{"rendered":"<p>La ministra de Igualdad, Ana Redondo, ha mandado un mensaje de tranquilidad a todas las mujeres usuarias de dispositivos de control telem\u00e1tico para el control de medidas de alejamiento en casos de violencia de g\u00e9nero. Redondo ha insistido en que \u00ablos dispositivos funcionan correctamente, en todo momento han funcionado, y la alarma que se ha generado por algunas noticias que hablan de disfunciones producidas precisamente en la itinerancia de datos del anterior adjudicatario al actual, se solucionaron en 2024\u00bb. Por otro lado, ha asegurado que \u00abel sistema est\u00e1 funcionando a pleno rendimiento y ellas pueden estar tranquilas porque est\u00e1n protegidas y seguras\u00bb.<\/p>\n<p>El Ministerio de Igualdad cuenta con todos los datos y las incidencias t\u00e9cnicas puntuales que se produjeron en la migraci\u00f3n de datos en el momento de cambio de adjudicatario del servicio, fueron solventadas. No se pudo obtener informaci\u00f3n en un momento concreto del procedimiento, pero el dispositivo funcionaba correctamente para controlar el cumplimiento de la orden de alejamiento del agresor respecto a la v\u00edctima.<\/p>\n<p>La memoria de la Fiscal\u00eda de 2025, que contempla esta incidencia, recoge datos de 2024 y se redacta con mucha antelaci\u00f3n a su publicaci\u00f3n. El problema qued\u00f3 resuelto a finales de 2024 y, de hecho, en 2025 no se ha registrado ninguna incidencia.<\/p>\n<p>Por otro lado, el Ministerio de Igualdad se ha puesto en contacto con la Fiscal\u00eda para conocer exactamente el n\u00famero de casos afectados. Los sobreseimientos provisionales se reabrieron una vez se recuperaron los datos para continuar los procedimientos en curso. El propio centro de control envi\u00f3 los datos al juzgado correspondiente en cuanto recuper\u00f3 la informaci\u00f3n.<\/p>\n<p>El Ministerio de Igualdad aclara que esta situaci\u00f3n en ning\u00fan caso ha afectado a delitos de violencia de g\u00e9nero, como puede ser una agresi\u00f3n, sino a delitos de quebrantamiento de condena, es decir, el incumplimiento de una orden de alejamiento.<\/p>\n<p>Por otro lado, cabe recordar que el informe t\u00e9cnico de Cometa no es siempre la \u00fanica prueba, sino que puede haber otros elementos probatorios. A esto se suma, que las trabajadoras del sistema fueron a declarar como testigos, siempre que han sido requeridas por el juzgado.<\/p>\n<p>La ministra de Igualdad ha recordado que estamos ante un tema de enorme sensibilidad, en el que informaciones imprecisas pueden producir inseguridad en las v\u00edctimas y alarma social. Ana Redondo insiste en que el sistema funciona y los dispositivos telem\u00e1ticos \u00absalvan vidas a diario\u00bb.<\/p>\n","protected":false},"excerpt":{"rendered":"La ministra de Igualdad, Ana Redondo, ha mandado un mensaje de tranquilidad a todas las mujeres usuarias de&hellip;\n","protected":false},"author":2,"featured_media":123260,"comment_status":"","ping_status":"","sticky":false,"template":"","format":"standard","meta":{"footnotes":""},"categories":[5],"tags":[17,18,25,24,13,14,11,19,20,9,10,15,16,23,12,21,22],"class_list":{"0":"post-123259","1":"post","2":"type-post","3":"status-publish","4":"format-standard","5":"has-post-thumbnail","7":"category-titulares","8":"tag-breaking-news","9":"tag-breakingnews","10":"tag-es","11":"tag-espana","12":"tag-featured-news","13":"tag-featurednews","14":"tag-headlines","15":"tag-latest-news","16":"tag-latestnews","17":"tag-news","18":"tag-noticias","19":"tag-noticias-destacadas","20":"tag-noticiasdestacadas","21":"tag-spain","22":"tag-titulares","23":"tag-ultimas-noticias","24":"tag-ultimasnoticias"},"share_on_mastodon":{"url":"","error":""},"_links":{"self":[{"href":"https:\/\/www.europesays.com\/es\/wp-json\/wp\/v2\/posts\/123259","targetHints":{"allow":["GET"]}}],"collection":[{"href":"https:\/\/www.europesays.com\/es\/wp-json\/wp\/v2\/posts"}],"about":[{"href":"https:\/\/www.europesays.com\/es\/wp-json\/wp\/v2\/types\/post"}],"author":[{"embeddable":true,"href":"https:\/\/www.europesays.com\/es\/wp-json\/wp\/v2\/users\/2"}],"replies":[{"embeddable":true,"href":"https:\/\/www.europesays.com\/es\/wp-json\/wp\/v2\/comments?post=123259"}],"version-history":[{"count":0,"href":"https:\/\/www.europesays.com\/es\/wp-json\/wp\/v2\/posts\/123259\/revisions"}],"wp:featuredmedia":[{"embeddable":true,"href":"https:\/\/www.europesays.com\/es\/wp-json\/wp\/v2\/media\/123260"}],"wp:attachment":[{"href":"https:\/\/www.europesays.com\/es\/wp-json\/wp\/v2\/media?parent=123259"}],"wp:term":[{"taxonomy":"category","embeddable":true,"href":"https:\/\/www.europesays.com\/es\/wp-json\/wp\/v2\/categories?post=123259"},{"taxonomy":"post_tag","embeddable":true,"href":"https:\/\/www.europesays.com\/es\/wp-json\/wp\/v2\/tags?post=123259"}],"curies":[{"name":"wp","href":"https:\/\/api.w.org\/{rel}","templated":true}]}}