{"id":123272,"date":"2025-09-18T15:13:08","date_gmt":"2025-09-18T15:13:08","guid":{"rendered":"https:\/\/www.europesays.com\/es\/123272\/"},"modified":"2025-09-18T15:13:08","modified_gmt":"2025-09-18T15:13:08","slug":"el-sporting-cambia-el-plan-del-b-tras-el-fracaso-de-los-anos-anteriores-la-voz-de-asturias","status":"publish","type":"post","link":"https:\/\/www.europesays.com\/es\/123272\/","title":{"rendered":"El Sporting cambia el plan del B tras el fracaso de los a\u00f1os anteriores &#8211; La Voz de Asturias"},"content":{"rendered":"<ol>\n<li><a href=\"https:\/\/news.google.com\/rss\/articles\/CBMi2gFBVV95cUxQS3V3RUdiM2JJOEt4X3FqLWE4S0N2LXFmV0hSWjBkckpaNWNBYWZVUlROa3FJc1JRYjVPLXFuaHZQZjBsQU1YV2lmaW1GWi1aOEk4NXd6NmN2U2FyM2haN0tOWFdNMHhuWXpKVWxQZjBGMFRXOENkR0JvZDFSd2M5aFNGLW11bWJMeVBibXJkeDdPT0o0ZEdjaVl0SUN1dWtuclF1YlhBODBlZ0pkTUVWTU50ZERoTkZPN0ltamxVY1ZXYzR6U1lhOFNtZi12VC1ORVV6TW85VEFUZ9IB9gFBVV95cUxNems1V2kzXzdCLUQwanVkbTNaUG83RWU5S0ZFOTc0WEZsbHpuUnhuZFhQZm9rRHBLTXZPZ085Rm1SVG1tNVVfUDQzdURyR1FPMVZNaER4UzhEeVJjY1dCOTRfU2R2NDRrMFpGaWo0c1R6bVVYUFVDbkR5NFhSTDZJZ1VGcE5CX19aTWZVd3VrNnl6UHBtTk1NVVd2MW1sQ3c3b0oyenpNMVlQMzZSbk45TVM5RWM0TlE1U2ROM3VHcnpMM1FkZzZucFJuMl9LbzFzd2ppYUFvY1FfdzU5UVhRbnNFdGRiZy05YjdNOFF0cnRON29neGc?oc=5\" target=\"_blank\" rel=\"nofollow noopener\">El Sporting cambia el plan del B tras el fracaso de los a\u00f1os anteriores<\/a>&nbsp;&nbsp;La Voz de Asturias<\/li>\n<li><a href=\"https:\/\/news.google.com\/rss\/articles\/CBMifEFVX3lxTFBGcFk0NVAydzRDMW1sdksxUmVJQlhKaTZDcDJFOUcwYzJLWHVRRTkzdUVBMmZYV1pvbkRObUdLRHBFRFFwa0FzQldvcW43ZnZ0TEhBT1hLOWg2OFQ0bG9UYVdFeUhOVWtveDk1SUNfamVESlpHdm95Tm93Rk0?oc=5\" target=\"_blank\" rel=\"nofollow noopener\">Organigrama del F\u00fatbol Base 2025\/26<\/a>&nbsp;&nbsp;Real Sporting<\/li>\n<li><a href=\"https:\/\/news.google.com\/rss\/articles\/CBMioAFBVV95cUxQTWVfUFgtWi1CcUU5eUhrMXN6YUNkMUFfdXFuenJpa29pQ281MjBhVFdHTGpqNmdOSUg4OE9jRF9vNE1Lek1qSVZOMG1idGszdDVsYldodU40cGotRXRUUDR1NF9idExxR210Rjg1dVA3aDdhZXBpNWxkUWJWQmJiRjh2RzEyVmdGcW45XzBhYURhSG1vOXU5N0hZanJDSExS?oc=5\" target=\"_blank\" rel=\"nofollow noopener\">El nuevo organigrama de Mareo: una profunda regeneraci\u00f3n con m\u00e1s de cincuenta trabajadores, trece equipos, y un nuevo liderazgo<\/a>&nbsp;&nbsp;LNE<\/li>\n<li><a href=\"https:\/\/news.google.com\/rss\/articles\/CBMirAFBVV95cUxNc2VXTUdSZC1fN1pLa1ZIdHNwZE5pMkp2SHJrQ3BtMnJ2aFdwNlNpZ3FhS0E2eHlrcWJjdWdNOFlVdy1yc3otTjZCcW5DSUNBbE5kQ2poRGV4ejl0RVFPUDdLWjQyc0JaWTFiRHBxdGh0dTVGSGFIZC14MEwwOWw2NThLSG4tQzRvRzJYYndROVZHeE8yUkV1ejlmZ0pqWWUwa3dwWGxLb3hKNl96?oc=5\" target=\"_blank\" rel=\"nofollow noopener\">La nueva estructura t\u00e9cnica del Sporting de Gij\u00f3n para Mareo: 40 personas y una renovaci\u00f3n en todas las \u00e1reas<\/a>&nbsp;&nbsp;El Comercio<\/li>\n<li><a href=\"https:\/\/news.google.com\/rss\/articles\/CBMingFBVV95cUxNMy0wam1OcFZOODBfdW1zRzhJcm91Y1ZTdS1QdUtzODZsNU5pRGlpRmNlNmFFMVl2NUFwZ1NCME8zbnNkSlZHUUlvZlVBaTNYMXBFZl9sQUNRQnFIaTF1WTNVNnBtaUZEcG5VSzd5MUY0TW9tUlZ4cG0yeUNnVjExWFdIT25XNWdyRlR3d0xla1Z1bmFVZmpXcDQ1Q3JXZw?oc=5\" target=\"_blank\" rel=\"nofollow noopener\">La clave del nuevo Mareo: La presencia de la casa, por el libro<\/a>&nbsp;&nbsp;Killer Asturias<\/li>\n<\/ol>\n","protected":false},"excerpt":{"rendered":"El Sporting cambia el plan del B tras el fracaso de los a\u00f1os anteriores&nbsp;&nbsp;La Voz de Asturias Organigrama&hellip;\n","protected":false},"author":2,"featured_media":123273,"comment_status":"","ping_status":"","sticky":false,"template":"","format":"standard","meta":{"footnotes":""},"categories":[268],"tags":[168,25,24,280,282,281,23,4783,167],"class_list":{"0":"post-123272","1":"post","2":"type-post","3":"status-publish","4":"format-standard","5":"has-post-thumbnail","7":"category-futbol","8":"tag-deportes","9":"tag-es","10":"tag-espana","11":"tag-football","12":"tag-futbol","13":"tag-soccer","14":"tag-spain","15":"tag-sporting-de-gijon","16":"tag-sports"},"share_on_mastodon":{"url":"","error":""},"_links":{"self":[{"href":"https:\/\/www.europesays.com\/es\/wp-json\/wp\/v2\/posts\/123272","targetHints":{"allow":["GET"]}}],"collection":[{"href":"https:\/\/www.europesays.com\/es\/wp-json\/wp\/v2\/posts"}],"about":[{"href":"https:\/\/www.europesays.com\/es\/wp-json\/wp\/v2\/types\/post"}],"author":[{"embeddable":true,"href":"https:\/\/www.europesays.com\/es\/wp-json\/wp\/v2\/users\/2"}],"replies":[{"embeddable":true,"href":"https:\/\/www.europesays.com\/es\/wp-json\/wp\/v2\/comments?post=123272"}],"version-history":[{"count":0,"href":"https:\/\/www.europesays.com\/es\/wp-json\/wp\/v2\/posts\/123272\/revisions"}],"wp:featuredmedia":[{"embeddable":true,"href":"https:\/\/www.europesays.com\/es\/wp-json\/wp\/v2\/media\/123273"}],"wp:attachment":[{"href":"https:\/\/www.europesays.com\/es\/wp-json\/wp\/v2\/media?parent=123272"}],"wp:term":[{"taxonomy":"category","embeddable":true,"href":"https:\/\/www.europesays.com\/es\/wp-json\/wp\/v2\/categories?post=123272"},{"taxonomy":"post_tag","embeddable":true,"href":"https:\/\/www.europesays.com\/es\/wp-json\/wp\/v2\/tags?post=123272"}],"curies":[{"name":"wp","href":"https:\/\/api.w.org\/{rel}","templated":true}]}}