{"id":123276,"date":"2025-09-18T15:16:06","date_gmt":"2025-09-18T15:16:06","guid":{"rendered":"https:\/\/www.europesays.com\/es\/123276\/"},"modified":"2025-09-18T15:16:06","modified_gmt":"2025-09-18T15:16:06","slug":"paco-lobaton-presenta-en-el-centro-penitenciario-puerto-i-su-libro-te-buscare-mientras-viva","status":"publish","type":"post","link":"https:\/\/www.europesays.com\/es\/123276\/","title":{"rendered":"Paco Lobat\u00f3n presenta en el Centro Penitenciario Puerto I su libro &#8216;Te buscar\u00e9 mientras viva&#8217;"},"content":{"rendered":"<p style=\"text-align:justify;\">El Centro Penitenciario Puerto I ha iniciado esta semana los actos de conmemoraci\u00f3n de la Merced 2025, patrona de Instituciones Penitenciarias, con una programaci\u00f3n cultural y educativa que se extender\u00e1 del 15 al 24 de septiembre.<\/p>\n<p style=\"text-align:justify;\">\u00a0<\/p>\n<p style=\"text-align:justify;\">El pasado lunes, 15 de septiembre, tuvo lugar la presentaci\u00f3n del libro \u201cReina de corazones\u201d, que cont\u00f3 con la presencia de sus autores, Larissa Swirski y Wayne Jamisony. Tras esta presentaci\u00f3n se desarroll\u00f3 un animado coloquio con los internos.<\/p>\n<p style=\"text-align:justify;\">\u00a0<\/p>\n<p style=\"text-align:justify;\">Este mi\u00e9rcoles 17 de septiembre, el periodista y presentador del programa \u201c\u00bfQui\u00e9n sabe d\u00f3nde?\u201d, el jerezano Paco Lobat\u00f3n, ha visitado el Centro Penitenciario Puerto I para presentar el libro \u201cTe buscar\u00e9 mientras viva\u201d. Al acto han asistido numerosos internos, as\u00ed como personal de vigilancia y miembros del equipo t\u00e9cnico, en un encuentro marcado por la alta participaci\u00f3n y el inter\u00e9s por los temas tratados.<\/p>\n<p style=\"text-align:justify;\">\u00a0<\/p>\n<p style=\"text-align:justify;\">Ambos actos se han organizado por la Subdirecci\u00f3n de Tratamiento con la colaboraci\u00f3n de personal de varias \u00e1reas. Desde la direcci\u00f3n del centro se subraya que este tipo de actividades es fundamental para la reinserci\u00f3n social de los internos, ya que fomenta el h\u00e1bito lector, el pensamiento cr\u00edtico y el di\u00e1logo, y porque ayuda a que los internos mantengan el contacto con la sociedad a trav\u00e9s de la cultura y el testimonio directo de profesionales del \u00e1mbito period\u00edstico y literario.<\/p>\n<p style=\"text-align:justify;\">\u00a0<\/p>\n<p style=\"text-align:justify;\">La programaci\u00f3n de la Merced 2025 en Puerto I continuar\u00e1 durante las pr\u00f3ximas dos semanas con nuevas propuestas culturales y formativas orientadas a impulsar competencias personales, reforzar valores de convivencia y acercar la comunidad exterior al centro y a sus internos.<\/p>\n","protected":false},"excerpt":{"rendered":"El Centro Penitenciario Puerto I ha iniciado esta semana los actos de conmemoraci\u00f3n de la Merced 2025, patrona&hellip;\n","protected":false},"author":2,"featured_media":123277,"comment_status":"","ping_status":"","sticky":false,"template":"","format":"standard","meta":{"footnotes":""},"categories":[172],"tags":[224,146,147,25,24,225,12411,23],"class_list":{"0":"post-123276","1":"post","2":"type-post","3":"status-publish","4":"format-standard","5":"has-post-thumbnail","7":"category-libros","8":"tag-books","9":"tag-entertainment","10":"tag-entretenimiento","11":"tag-es","12":"tag-espana","13":"tag-libros","14":"tag-noticias-de-el-puerto-actualidad-diario-de-cadiz-tiempo-agenda-eventos-informacion","15":"tag-spain"},"share_on_mastodon":{"url":"","error":""},"_links":{"self":[{"href":"https:\/\/www.europesays.com\/es\/wp-json\/wp\/v2\/posts\/123276","targetHints":{"allow":["GET"]}}],"collection":[{"href":"https:\/\/www.europesays.com\/es\/wp-json\/wp\/v2\/posts"}],"about":[{"href":"https:\/\/www.europesays.com\/es\/wp-json\/wp\/v2\/types\/post"}],"author":[{"embeddable":true,"href":"https:\/\/www.europesays.com\/es\/wp-json\/wp\/v2\/users\/2"}],"replies":[{"embeddable":true,"href":"https:\/\/www.europesays.com\/es\/wp-json\/wp\/v2\/comments?post=123276"}],"version-history":[{"count":0,"href":"https:\/\/www.europesays.com\/es\/wp-json\/wp\/v2\/posts\/123276\/revisions"}],"wp:featuredmedia":[{"embeddable":true,"href":"https:\/\/www.europesays.com\/es\/wp-json\/wp\/v2\/media\/123277"}],"wp:attachment":[{"href":"https:\/\/www.europesays.com\/es\/wp-json\/wp\/v2\/media?parent=123276"}],"wp:term":[{"taxonomy":"category","embeddable":true,"href":"https:\/\/www.europesays.com\/es\/wp-json\/wp\/v2\/categories?post=123276"},{"taxonomy":"post_tag","embeddable":true,"href":"https:\/\/www.europesays.com\/es\/wp-json\/wp\/v2\/tags?post=123276"}],"curies":[{"name":"wp","href":"https:\/\/api.w.org\/{rel}","templated":true}]}}