{"id":123284,"date":"2025-09-18T15:21:12","date_gmt":"2025-09-18T15:21:12","guid":{"rendered":"https:\/\/www.europesays.com\/es\/123284\/"},"modified":"2025-09-18T15:21:12","modified_gmt":"2025-09-18T15:21:12","slug":"parkinson-y-depresion-una-investigacion-revela-alteraciones-cerebrales-tempranas-vinculadas-al-riesgo-de-depresion-en-parkinson","status":"publish","type":"post","link":"https:\/\/www.europesays.com\/es\/123284\/","title":{"rendered":"P\u00c1RKINSON Y DEPRESI\u00d3N | Una investigaci\u00f3n revela alteraciones cerebrales tempranas vinculadas al riesgo de depresi\u00f3n en p\u00e1rkinson"},"content":{"rendered":"<p class=\"ft-text\"><strong>Casi un 50% de los pacientes de p\u00e1rkinson sufren de depresi\u00f3n. <\/strong>Una investigaci\u00f3n liderada desde el<strong> CSIC<\/strong> ha demostrado, por primera vez en un modelo animal, que la acumulaci\u00f3n de la prote\u00edna caracter\u00edstica del <a class=\"ft-link ft-link--decoration\" href=\"https:\/\/www.diariocordoba.com\/tags\/parkinson\/\" rel=\"nofollow noopener\" target=\"_blank\">p\u00e1rkinson<\/a> (alfa-sinucle\u00edna) en las neuronas implicadas en la <strong>regulaci\u00f3n del estado de \u00e1nimo<\/strong> puede alterar la conectividad de circuitos cerebrales emocionales mucho antes de que aparezcan los temblores u otros s\u00edntomas motores del p\u00e1rkinson.\u00a0La investigaci\u00f3n la ha liderado el Instituto de Investigaciones Biom\u00e9dicas de <a class=\"ft-link ft-link--decoration\" href=\"https:\/\/www.diariocordoba.com\/tags\/barcelona\/\" rel=\"nofollow noopener\" target=\"_blank\">Barcelona<\/a> del CSIC (IIBB-CSIC) describe nuevos <strong>mecanismos neuropatol\u00f3gicos<\/strong> de la <a class=\"ft-link ft-link--decoration\" href=\"https:\/\/www.diariocordoba.com\/tags\/depresion\/\" rel=\"nofollow noopener\" target=\"_blank\">depresi\u00f3n<\/a> en la enfermedad de Parkinson.<\/p>\n<p class=\"ft-text\">El trabajo, explica el CSIC, demuestra que la acumulaci\u00f3n de la prote\u00edna alfa-sinucle\u00edna <strong>en las neuronas<\/strong> que producen serotonina altera circuitos cerebrales relacionados con las emociones y provoca <strong>da\u00f1os tempranos en el cerebro<\/strong>. Estos cambios ocurren mucho antes de que las neuronas mueran, seg\u00fan la investigaci\u00f3n, y son una se\u00f1al muy temprana antes de la aparici\u00f3n de los s\u00edntomas motores del p\u00e1rkinson, <strong>como los temblores.<\/strong><\/p>\n<p>Base com\u00fan<\/p>\n<p class=\"ft-text\">Los resultados del estudio -publicado en la revista Parkinsons&#8217;s Disease, del grupo Nature- sugieren que el p\u00e1rkinson y la depresi\u00f3n pueden tener una base neurobiol\u00f3gica com\u00fan. A pesar de esta conexi\u00f3n, se subraya que padecer depresi\u00f3n \u00abno implica necesariamente\u00bb que se vaya a desarrollar p\u00e1rkinson en el futuro.<\/p>\n<p class=\"ft-text\">El trabajo est\u00e1 liderado por la investigadora\u00a0<strong>Analia Bortolozzi<\/strong>, del Instituto de Investigaciones Biom\u00e9dicas de Barcelona, y su primer autor es\u00a0<strong>Llu\u00eds Miquel-Rio<\/strong>, y se ha publicado en asociaci\u00f3n con la <strong>Fundaci\u00f3n Parkinson.<\/strong> La investigaci\u00f3n forma parte del trabajo de doctorado de\u00a0<strong>Judith Jeric\u00f3-Escolar<\/strong>, que firma como segunda autora y ha realizado gran parte de los experimentos.<\/p>\n<p>Baja conectividad<\/p>\n<p class=\"ft-text\">\u00abUtilizando <a class=\"ft-link ft-link--decoration\" href=\"https:\/\/www.diariocordoba.com\/sociedad\/2025\/05\/08\/nueva-diana-alzheimer-csic-proteina-deterioro-inicial-117162792.html\" rel=\"nofollow noopener\" target=\"_blank\">un modelo de rat\u00f3n<\/a> hemos observado que la acumulaci\u00f3n de alfa-sinucle\u00edna altera las conexiones sin\u00e1pticas entre neuronas y modifica la actividad en los circuitos cerebrales relacionados con las emociones\u00bb, explica Analia Bortolozzi. Para demostrarlo, los investigadores han utilizado t\u00e9cnicas de <strong>neuroimagen funcional <\/strong><strong>in vivo<\/strong> (fMRI), tal como se utilizan en los pacientes, lo que les ha permitido descubrir que esos cambios causan una \u00abdesconexi\u00f3n\u00bb o una baja conectividad en los <strong>circuitos cerebrales<\/strong> que regulan el estado de \u00e1nimo.<\/p>\n<p class=\"ft-text\">Este patr\u00f3n de desconexi\u00f3n caracter\u00edstico podr\u00eda servir de alerta sobre un riesgo elevado de desarrollar la <a class=\"ft-link ft-link--decoration\" href=\"https:\/\/www.diariocordoba.com\/tags\/enfermedad\/\" rel=\"nofollow noopener\" target=\"_blank\">enfermedad<\/a> de Parkinson y depresi\u00f3n. \u00abDe hecho, varios art\u00edculos muestran que las redes de conectividad cerebral en pacientes con depresi\u00f3n y p\u00e1rkinson son distintas de aquellas de pacientes sin <strong>depresi\u00f3n<\/strong>\u00ab, a\u00f1ade Bortolozzi.<\/p>\n<p class=\"ft-text\">Los cambios hallados en los diferentes marcadores sin\u00e1pticos fueron confirmados posteriormente en muestras de tejido cerebral\u00a0postmortem\u00a0de <a class=\"ft-link ft-link--decoration\" href=\"https:\/\/www.diariocordoba.com\/tags\/pacientes\/\" rel=\"nofollow noopener\" target=\"_blank\">pacientes<\/a> en diferentes estadios de la enfermedad\u00a0de Parkinson, lo que podr\u00edan ayudar a crear marcadores para identificar a los pacientes con riesgo de depresi\u00f3n y tratarlos a tiempo.<\/p>\n<p>S\u00edntomas comunes<\/p>\n<p class=\"ft-text\">La <a class=\"ft-link ft-link--decoration\" href=\"https:\/\/www.diariocordoba.com\/tags\/ansiedad\/\" rel=\"nofollow noopener\" target=\"_blank\">ansiedad<\/a> y la depresi\u00f3n son<strong> s\u00edntomas comunes <\/strong>en los enfermos de p\u00e1rkinson. Se estima que entre un 40 y un 50% de las personas con esta dolencia sufren depresi\u00f3n. Esta \u00faltima ha sido considerada tradicionalmente una consecuencia del avance del p\u00e1rkinson, una enfermedad <strong>progresivamente incapacitante.<\/strong><\/p>\n<p class=\"ft-text\">Sin embargo, indica la investigaci\u00f3n, un significativo n\u00famero de pacientes presentan depresi\u00f3n en los estadios iniciales de la enfermedad de Parkinson, mucho antes de que aparezcan los temblores, <strong>la rigidez y otros s\u00edntomas motores.<\/strong> Y de alguna forma, muchos de ellos tienen una progresi\u00f3n m\u00e1s r\u00e1pida de la enfermedad, lo que sugiere que ambas dolencias pueden tener una base neurobiol\u00f3gica com\u00fan.<\/p>\n<p>Evoluci\u00f3n del p\u00e1rkinson<\/p>\n<p class=\"ft-text\">Actualmente, explica Analia Bortolozzi, una de las hip\u00f3tesis m\u00e1s aceptadas de la evoluci\u00f3n del p\u00e1rkinson sugiere que la alfa-sinucle\u00edna se acumula primero <strong>en zonas del tronco cerebral<\/strong> que afectan a sistemas como el de la serotonina, clave para el \u00e1nimo, mucho antes de llegar a las \u00e1reas dopamin\u00e9rgicas <strong>que controlan el movimiento<\/strong>.\u00a0\u00abNuestro trabajo aporta una prueba funcional de esa hip\u00f3tesis utilizando un modelo murino. La depresi\u00f3n es, en muchos casos, <strong>uno de los primeros s\u00edntomas<\/strong> no-motores de la enfermedad de Parkinson, no una consecuencia\u00bb, concluye Bortolozzi.<\/p>\n<p class=\"ft-text\">El trabajo ha contado con la participaci\u00f3n del Institut de Investigaciones Biom\u00e9dicas August Pi i Sunyer (IDIBAPS); del Centro de Investigaci\u00f3n Biom\u00e9dica en Red de <strong>Salud Mental<\/strong> (CIBERSAM); de la Universidad de <a class=\"ft-link ft-link--decoration\" href=\"https:\/\/www.diariocordoba.com\/tags\/pais-vasco\/\" rel=\"nofollow noopener\" target=\"_blank\">Pa\u00eds Vasco<\/a> (UPV\/EHU); del Instituto de Biomedicina de Sevilla (IBiS) y de la <strong>Universitat de Barcelona<\/strong> (UB).<\/p>\n<p data-close=\"closedContent\" class=\"closeContentEnd\">Suscr\u00edbete para seguir leyendo<\/p>\n","protected":false},"excerpt":{"rendered":"Casi un 50% de los pacientes de p\u00e1rkinson sufren de depresi\u00f3n. Una investigaci\u00f3n liderada desde el CSIC ha&hellip;\n","protected":false},"author":2,"featured_media":123285,"comment_status":"","ping_status":"","sticky":false,"template":"","format":"standard","meta":{"footnotes":""},"categories":[92],"tags":[40424,10885,10475,2378,25,24,165,1294,1817,3351,1789,1288,166,4474,23,3342,4168],"class_list":{"0":"post-123284","1":"post","2":"type-post","3":"status-publish","4":"format-standard","5":"has-post-thumbnail","7":"category-salud","8":"tag-alteraciones","9":"tag-cerebrales","10":"tag-csic","11":"tag-depresion","12":"tag-es","13":"tag-espana","14":"tag-health","15":"tag-investigacion","16":"tag-pacientes","17":"tag-parkinson","18":"tag-revela","19":"tag-riesgo","20":"tag-salud","21":"tag-salud-mental","22":"tag-spain","23":"tag-tempranas","24":"tag-vinculadas"},"share_on_mastodon":{"url":"","error":""},"_links":{"self":[{"href":"https:\/\/www.europesays.com\/es\/wp-json\/wp\/v2\/posts\/123284","targetHints":{"allow":["GET"]}}],"collection":[{"href":"https:\/\/www.europesays.com\/es\/wp-json\/wp\/v2\/posts"}],"about":[{"href":"https:\/\/www.europesays.com\/es\/wp-json\/wp\/v2\/types\/post"}],"author":[{"embeddable":true,"href":"https:\/\/www.europesays.com\/es\/wp-json\/wp\/v2\/users\/2"}],"replies":[{"embeddable":true,"href":"https:\/\/www.europesays.com\/es\/wp-json\/wp\/v2\/comments?post=123284"}],"version-history":[{"count":0,"href":"https:\/\/www.europesays.com\/es\/wp-json\/wp\/v2\/posts\/123284\/revisions"}],"wp:featuredmedia":[{"embeddable":true,"href":"https:\/\/www.europesays.com\/es\/wp-json\/wp\/v2\/media\/123285"}],"wp:attachment":[{"href":"https:\/\/www.europesays.com\/es\/wp-json\/wp\/v2\/media?parent=123284"}],"wp:term":[{"taxonomy":"category","embeddable":true,"href":"https:\/\/www.europesays.com\/es\/wp-json\/wp\/v2\/categories?post=123284"},{"taxonomy":"post_tag","embeddable":true,"href":"https:\/\/www.europesays.com\/es\/wp-json\/wp\/v2\/tags?post=123284"}],"curies":[{"name":"wp","href":"https:\/\/api.w.org\/{rel}","templated":true}]}}