{"id":123292,"date":"2025-09-18T15:25:17","date_gmt":"2025-09-18T15:25:17","guid":{"rendered":"https:\/\/www.europesays.com\/es\/123292\/"},"modified":"2025-09-18T15:25:17","modified_gmt":"2025-09-18T15:25:17","slug":"los-macron-presentaran-pruebas-de-que-brigitte-es-mujer","status":"publish","type":"post","link":"https:\/\/www.europesays.com\/es\/123292\/","title":{"rendered":"Los Macron presentar\u00e1n pruebas de que Brigitte es mujer"},"content":{"rendered":"<p>Londres (EFE).- El presidente franc\u00e9s, Emmanuel Macron, y su esposa, Brigitte, planean presentar pruebas fotogr\u00e1ficas y cient\u00edficas ante un tribunal de Estados Unidos para demostrar que ella es mujer, seg\u00fan ha revelado a la cadena BBC el abogado de la pareja, Tom Clare.<\/p>\n<p>El letrado ha asegurado que el presidente y Brigitte presentar\u00e1n la documentaci\u00f3n en una <a href=\"https:\/\/efe.com\/mundo\/2025-07-24\/macron-esposa-demanda-influencer-estados-unidos-hombre\/\" target=\"_blank\" rel=\"noreferrer noopener nofollow\">demanda por difamaci\u00f3n <\/a>que han interpuesto contra la influyente Candace Owens, despu\u00e9s de que \u00e9sta promoviera la idea de que la mujer de Macron naci\u00f3 var\u00f3n.<\/p>\n<p>Los abogados de Owens, dice la emisora, han respondido con una moci\u00f3n para desestimar la demanda.<\/p>\n<p>Acusaciones \u00abperturbadoras\u00bb para Bigritte Macron<\/p>\n<p>En unas declaraciones al \u2018podcast\u2019 de la BBC \u2018Fame Under Fire\u2019, el abogado del caso afirm\u00f3 que Brigitte hab\u00eda encontrado las acusaciones de Owens \u00abincre\u00edblemente perturbadoras\u00bb y que supon\u00edan una \u00abdistracci\u00f3n\u00bb para el presidente franc\u00e9s.<\/p>\n<p><img loading=\"lazy\" data-recalc-dims=\"1\" decoding=\"async\" width=\"900\" height=\"615\" src=\"https:\/\/www.europesays.com\/es\/wp-content\/uploads\/2025\/09\/MACRON-Y-BRIGITTE.webp\" alt=\"Los Macron presentar\u00e1n pruebas cient\u00edficas para demostrar que Brigitte es mujer\" class=\"wp-image-2154496\"  \/>Emmanuel Macron y su esposa Brigitte, en una imagen de archivo. EFE\/EPA\/Christophe Petit Tesson<\/p>\n<p>\u00abNo quiero sugerir que esto lo haya desorientado de alguna manera. Pero, como cualquiera que compagina su carrera profesional con su vida familiar, cuando tu familia es atacada, te desgasta. Y \u00e9l no es inmune a eso, porque es el presidente de un pa\u00eds\u00bb, declar\u00f3.<\/p>\n<p>Clare precis\u00f3 que se emitir\u00e1 un testimonio pericial de car\u00e1cter cient\u00edfico y, si bien no revel\u00f3 por el momento su naturaleza exacta, afirm\u00f3 que la pareja estaba dispuesta a demostrar plenamente, tanto de forma gen\u00e9rica como espec\u00edfica, la <a href=\"https:\/\/verifica.efe.com\/cirujano-brigitte-macron-trans-muerto-paris-falso\/\" target=\"_blank\" rel=\"noreferrer noopener nofollow\">falsedad de las acusaciones<\/a>.<\/p>\n<p>Un comentario reiterado <\/p>\n<p>\u00abEs incre\u00edblemente perturbador pensar que uno tiene que someterse a este tipo de pruebas. Es un proceso al que tendr\u00e1 que someterse de forma muy p\u00fablica. Pero est\u00e1 dispuesta a hacerlo. Est\u00e1 firmemente decidida a hacer lo que sea necesario para aclarar las cosas\u00bb, dijo.<\/p>\n<p><img loading=\"lazy\" data-recalc-dims=\"1\" decoding=\"async\" width=\"900\" height=\"600\" src=\"https:\/\/www.europesays.com\/es\/wp-content\/uploads\/2025\/09\/BIGITTE-MACRON.webp\" alt=\"Los Macron presentar\u00e1n pruebas cient\u00edficas para demostrar que Brigitte es mujer\" class=\"wp-image-2154503\"  \/>Brigitte Macron, en una imagen de archivo. EFE\/EPA\/Luong Thai Linh<\/p>\n<p>Si esto es necesario para aclarar las cosas, \u00abest\u00e1 totalmente dispuesta a asumir esa responsabilidad\u00bb, precis\u00f3 el abogado.<\/p>\n<p>Sobre si los Macron facilitar\u00edan fotos de Brigitte embarazada y criando a sus hijos, Clare respondi\u00f3 que exist\u00edan y que se presentar\u00edan ante el tribunal.<\/p>\n<p>Owens, excomentarista del medio conservador estadounidense Daily Wire, con millones de seguidores en redes sociales, ha defendido repetidamente su opini\u00f3n de que Brigitte Macron es hombre.<\/p>\n","protected":false},"excerpt":{"rendered":"Londres (EFE).- El presidente franc\u00e9s, Emmanuel Macron, y su esposa, Brigitte, planean presentar pruebas fotogr\u00e1ficas y cient\u00edficas ante&hellip;\n","protected":false},"author":2,"featured_media":123293,"comment_status":"","ping_status":"","sticky":false,"template":"","format":"standard","meta":{"footnotes":""},"categories":[42],"tags":[17,18,115,13,14,317,11,61,62,63,64,19,20,9,10,15,16,12,493,21,22,65,66,67],"class_list":{"0":"post-123292","1":"post","2":"type-post","3":"status-publish","4":"format-standard","5":"has-post-thumbnail","7":"category-internacional","8":"tag-breaking-news","9":"tag-breakingnews","10":"tag-eeuu","11":"tag-featured-news","12":"tag-featurednews","13":"tag-francia","14":"tag-headlines","15":"tag-internacional","16":"tag-international","17":"tag-international-news","18":"tag-internationalnews","19":"tag-latest-news","20":"tag-latestnews","21":"tag-news","22":"tag-noticias","23":"tag-noticias-destacadas","24":"tag-noticiasdestacadas","25":"tag-titulares","26":"tag-tribunales","27":"tag-ultimas-noticias","28":"tag-ultimasnoticias","29":"tag-world","30":"tag-world-news","31":"tag-worldnews"},"share_on_mastodon":{"url":"","error":""},"_links":{"self":[{"href":"https:\/\/www.europesays.com\/es\/wp-json\/wp\/v2\/posts\/123292","targetHints":{"allow":["GET"]}}],"collection":[{"href":"https:\/\/www.europesays.com\/es\/wp-json\/wp\/v2\/posts"}],"about":[{"href":"https:\/\/www.europesays.com\/es\/wp-json\/wp\/v2\/types\/post"}],"author":[{"embeddable":true,"href":"https:\/\/www.europesays.com\/es\/wp-json\/wp\/v2\/users\/2"}],"replies":[{"embeddable":true,"href":"https:\/\/www.europesays.com\/es\/wp-json\/wp\/v2\/comments?post=123292"}],"version-history":[{"count":0,"href":"https:\/\/www.europesays.com\/es\/wp-json\/wp\/v2\/posts\/123292\/revisions"}],"wp:featuredmedia":[{"embeddable":true,"href":"https:\/\/www.europesays.com\/es\/wp-json\/wp\/v2\/media\/123293"}],"wp:attachment":[{"href":"https:\/\/www.europesays.com\/es\/wp-json\/wp\/v2\/media?parent=123292"}],"wp:term":[{"taxonomy":"category","embeddable":true,"href":"https:\/\/www.europesays.com\/es\/wp-json\/wp\/v2\/categories?post=123292"},{"taxonomy":"post_tag","embeddable":true,"href":"https:\/\/www.europesays.com\/es\/wp-json\/wp\/v2\/tags?post=123292"}],"curies":[{"name":"wp","href":"https:\/\/api.w.org\/{rel}","templated":true}]}}