{"id":123298,"date":"2025-09-18T15:28:12","date_gmt":"2025-09-18T15:28:12","guid":{"rendered":"https:\/\/www.europesays.com\/es\/123298\/"},"modified":"2025-09-18T15:28:12","modified_gmt":"2025-09-18T15:28:12","slug":"cajasol-angel-ximenez-puente-genil","status":"publish","type":"post","link":"https:\/\/www.europesays.com\/es\/123298\/","title":{"rendered":"CAJASOL \u00c1NGEL XIM\u00c9NEZ PUENTE GENIL"},"content":{"rendered":"<p class=\"ft-text ft-helper-align-justify\"><strong>Antonio Pulido<\/strong>, presidente de la Fundaci\u00f3n Cajasol, y <strong>Rafael Miguel Jim\u00e9nez<\/strong>, presidente del Balonmano \u00c1ngel Xim\u00e9nez Puente Genil, formalizaron este jueves un acuerdo de colaboraci\u00f3n mediante el cual el club pontan\u00e9s adopta una nueva denominaci\u00f3n: <strong>Cajasol \u00c1ngel Xim\u00e9nez Puente Genil, <\/strong>seg\u00fan inform\u00f3 la entidad sin \u00e1nimo de lucro en un comunicado.<\/p>\n<p class=\"ft-text ft-helper-align-justify\">Este acuerdo supone un respaldo firme al deporte andaluz por parte de la <strong>Fundaci\u00f3n Cajasol<\/strong>, que contin\u00faa reforzando su compromiso con la promoci\u00f3n del talento local y el impulso de iniciativas que fomentan valores sociales a trav\u00e9s del deporte, continuaba la nota.<\/p>\n<p class=\"ft-text ft-helper-align-justify\">\u00abCon este acuerdo, la Fundaci\u00f3n Cajasol pone de manifiesto su apuesta decidida por el deporte como motor de cambio social, una herramienta educativa clave y una v\u00eda para combatir desigualdades. En este sentido, se trata de un apoyo que no s\u00f3lo responde a criterios deportivos, sino tambi\u00e9n al convencimiento de que el deporte es un veh\u00edculo fundamental para la cohesi\u00f3n y el desarrollo de la sociedad andaluza\u00bb, prosegu\u00eda la informaci\u00f3n, que finalizaba exponiendo que \u00abcon esta nueva etapa, el club de<strong> Puente Genil<\/strong> refuerza su estructura y su proyecci\u00f3n, manteniendo intacta su identidad y valores, y mirando al futuro con m\u00e1s ambici\u00f3n y responsabilidad\u00bb.<\/p>\n","protected":false},"excerpt":{"rendered":"Antonio Pulido, presidente de la Fundaci\u00f3n Cajasol, y Rafael Miguel Jim\u00e9nez, presidente del Balonmano \u00c1ngel Xim\u00e9nez Puente Genil,&hellip;\n","protected":false},"author":2,"featured_media":123299,"comment_status":"","ping_status":"","sticky":false,"template":"","format":"standard","meta":{"footnotes":""},"categories":[278],"tags":[2594,2906,376,39283,168,25,24,7361,375,2497,23,167,2595],"class_list":{"0":"post-123298","1":"post","2":"type-post","3":"status-publish","4":"format-standard","5":"has-post-thumbnail","7":"category-balonmano","8":"tag-angel","9":"tag-asobal","10":"tag-balonmano","11":"tag-cajasol","12":"tag-deportes","13":"tag-es","14":"tag-espana","15":"tag-genil","16":"tag-handball","17":"tag-puente","18":"tag-spain","19":"tag-sports","20":"tag-ximenez"},"share_on_mastodon":{"url":"","error":""},"_links":{"self":[{"href":"https:\/\/www.europesays.com\/es\/wp-json\/wp\/v2\/posts\/123298","targetHints":{"allow":["GET"]}}],"collection":[{"href":"https:\/\/www.europesays.com\/es\/wp-json\/wp\/v2\/posts"}],"about":[{"href":"https:\/\/www.europesays.com\/es\/wp-json\/wp\/v2\/types\/post"}],"author":[{"embeddable":true,"href":"https:\/\/www.europesays.com\/es\/wp-json\/wp\/v2\/users\/2"}],"replies":[{"embeddable":true,"href":"https:\/\/www.europesays.com\/es\/wp-json\/wp\/v2\/comments?post=123298"}],"version-history":[{"count":0,"href":"https:\/\/www.europesays.com\/es\/wp-json\/wp\/v2\/posts\/123298\/revisions"}],"wp:featuredmedia":[{"embeddable":true,"href":"https:\/\/www.europesays.com\/es\/wp-json\/wp\/v2\/media\/123299"}],"wp:attachment":[{"href":"https:\/\/www.europesays.com\/es\/wp-json\/wp\/v2\/media?parent=123298"}],"wp:term":[{"taxonomy":"category","embeddable":true,"href":"https:\/\/www.europesays.com\/es\/wp-json\/wp\/v2\/categories?post=123298"},{"taxonomy":"post_tag","embeddable":true,"href":"https:\/\/www.europesays.com\/es\/wp-json\/wp\/v2\/tags?post=123298"}],"curies":[{"name":"wp","href":"https:\/\/api.w.org\/{rel}","templated":true}]}}