{"id":123304,"date":"2025-09-18T15:33:07","date_gmt":"2025-09-18T15:33:07","guid":{"rendered":"https:\/\/www.europesays.com\/es\/123304\/"},"modified":"2025-09-18T15:33:07","modified_gmt":"2025-09-18T15:33:07","slug":"oscar-pereiro-estalla-por-las-protestas-de-la-vuelta-contra-el-gobierno-y-borja-iglesias","status":"publish","type":"post","link":"https:\/\/www.europesays.com\/es\/123304\/","title":{"rendered":"\u00d3scar Pereiro estalla por las protestas de La Vuelta contra el Gobierno y Borja Iglesias"},"content":{"rendered":"<p>El exciclista <b><a target=\"_blank\" href=\"https:\/\/www.diariodepontevedra.es\/tags\/oscar-pereiro\/\" rel=\"nofollow noopener\">\u00d3scar Pereiro<\/a> no ha ocultado su indignaci\u00f3n<\/b> tras los recientes acontecimientos que han sacudido <a target=\"_blank\" href=\"https:\/\/www.diariodepontevedra.es\/tags\/la-vuelta-2025\/\" rel=\"nofollow noopener\">La Vuelta<\/a> a Espa\u00f1a, donde la participaci\u00f3n del equipo<strong> Israel <\/strong>ha provocado numerosas protestas y altercados por parte de manifestantes propalestinos. Durante su intervenci\u00f3n en el programa El Chiringuito, Pereiro, embajador oficial de la competici\u00f3n, expres\u00f3 su frustraci\u00f3n y denunci\u00f3 el acoso sufrido por la organizaci\u00f3n durante los \u00faltimos d\u00edas.<\/p>\n<p>\u00abEstoy jodido. Estuve muy jodido. De los peores d\u00edas de mi vida. Tanta presi\u00f3n, frustraci\u00f3n, impotencia&#8230; ha sido muy duro\u00bb, confes\u00f3 el ciclista de Mos con visible afectaci\u00f3n. Pereiro quiso aclarar la posici\u00f3n de la organizaci\u00f3n frente a las cr\u00edticas recibidas: <b>\u00abLa Vuelta no tiene nada que hacer<\/b> para que el equipo Israel compita. Est\u00e1 obligado a tenerlo en la competici\u00f3n. Ser\u00eda la Uci\u00a0o el Coi el que tendr\u00eda que decidir. Compiten en atletismo, en la Europa League, el Eurob\u00e1sket\u2026\u00bb.<\/p>\n<p>El ganador del <strong>Tour de Francia 2006<\/strong> denunci\u00f3 el tratamiento recibido por parte de manifestantes y algunos sectores pol\u00edticos: \u00abNos han acribillado a insultos. No hay ning\u00fan trabajador de La Vuelta que est\u00e1 a favor de lo que est\u00e1 pasando en Gaza. <b>Por querer llevar adelante una carrera<\/b> parec\u00edamos el enemigo del que lucha, como nosotros, por la paz en el mundo\u00bb.<\/p>\n<p>Contra Borja Iglesias<\/p>\n<p>Pereiro tambi\u00e9n se refiri\u00f3 a las palabras de Borja Iglesias, futbolista del Celta, que dijo sobre las protestas: \u00abSe le da m\u00e1s importancia a parar un evento que a un genocidio\u201d. El exclicista respondi\u00f3:\u00a0\u00abSoy del Celta a muerte y me doli\u00f3 que Borja Iglesias hiciese el comentario que hizo. \u00bfBorja Iglesias y el Celta van a jugar la Europa League contra un equipo israel\u00ed? No nos pueden menospreciar como lo est\u00e1n haciendo, y me da igual que sea del Celta\u00bb.<\/p>\n<blockquote class=\"twitter-tweet\">\n<p lang=\"es\" dir=\"ltr\">\ud83d\udeb4\u200d\u2642\ufe0f\ud83d\udde3\ufe0f <a href=\"https:\/\/twitter.com\/oscarpereiro?ref_src=twsrc%5Etfw\" rel=\"nofollow noopener\" target=\"_blank\">@oscarpereiro<\/a> relata en 18 minutos y 25 segundos el calvario vivido en La Vuelta:<\/p>\n<p>\ud83d\ude14 \u00abHan sido de los peores d\u00edas de mi vida\u00bb.<\/p>\n<p>\u274c \u00abNos han utilizado pol\u00edticamente, nadie ha hecho algo para ayudarnos\u00bb. <a href=\"https:\/\/t.co\/M903rA5MDK\" rel=\"nofollow\">pic.twitter.com\/M903rA5MDK<\/a><\/p>\n<p>\u2014 El Chiringuito TV (@elchiringuitotv) <a href=\"https:\/\/twitter.com\/elchiringuitotv\/status\/1968475349756387608?ref_src=twsrc%5Etfw\" rel=\"nofollow noopener\" target=\"_blank\">September 18, 2025<\/a><\/p><\/blockquote>\n<p>Y, en esta l\u00ednea, abund\u00f3 en relaci\u00f3n con la\u00a0organizaci\u00f3n del Mundial por parte de Espa\u00f1a:\u00a0\u00abVeremos si el Gobierno tiene las pelotas de que Espa\u00f1a no juegue el Mundial si est\u00e1 Israel\u00bb.<\/p>\n<p>Denuncia de abandono institucional y se\u00f1alamiento pol\u00edtico<\/p>\n<p>Uno de los aspectos m\u00e1s preocupantes se\u00f1alados por el exclicista de Mos fue la falta de apoyo institucional que sintieron durante las jornadas m\u00e1s tensas de la competici\u00f3n. <b>\u00abNos hemos sentido abandonados, sin protecci\u00f3n\u00bb<\/b>, lament\u00f3 el ciclista gallego, que no dud\u00f3 en se\u00f1alar directamente a las autoridades: \u00abNuestros pol\u00edticos alentando y cortando la carretera, intentando tirar a los ciclistas. El ministro del Interior, el presidente del Gobierno&#8230; yo no he visto que fuera pac\u00edfico absolutamente nada\u00bb.<\/p>\n<p>El exciclista mostr\u00f3 su preocupaci\u00f3n por el futuro de los eventos deportivos internacionales en Espa\u00f1a tras lo ocurrido: \u00abY este pa\u00eds est\u00e1 pensando en organizar el mundial de f\u00fatbol\u00bb, coment\u00f3 con evidente escepticismo, sugiriendo que <b>los incidentes podr\u00edan afectar negativamente a la<\/b> imagen de Espa\u00f1a como sede de grandes competiciones deportivas.<\/p>\n<p>La tensi\u00f3n ha sido una constante durante las etapas de La Vuelta 2025, con numerosos grupos propalestinos manifest\u00e1ndose contra la participaci\u00f3n del equipo Israel\u00a0en protesta por la situaci\u00f3n en Gaza. Estas manifestaciones han provocado retrasos e incluso modificaciones en el recorrido de algunas etapas, como ocurri\u00f3 precisamente en la etapa que deb\u00eda finalizar en Mos, que se acort\u00f3 ocho kil\u00f3metros.lav<\/p>\n<p>                        <script async src=\"https:\/\/platform.twitter.com\/widgets.js\" charset=\"utf-8\"><\/script><\/p>\n","protected":false},"excerpt":{"rendered":"El exciclista \u00d3scar Pereiro no ha ocultado su indignaci\u00f3n tras los recientes acontecimientos que han sacudido La Vuelta&hellip;\n","protected":false},"author":2,"featured_media":123305,"comment_status":"","ping_status":"","sticky":false,"template":"","format":"standard","meta":{"footnotes":""},"categories":[273],"tags":[313,312,168,25,24,14843,12648,7789,11379,23895,23,167],"class_list":{"0":"post-123304","1":"post","2":"type-post","3":"status-publish","4":"format-standard","5":"has-post-thumbnail","7":"category-ciclismo","8":"tag-ciclismo","9":"tag-cycling","10":"tag-deportes","11":"tag-es","12":"tag-espana","13":"tag-esta-pasando","14":"tag-ia-news","15":"tag-la-vuelta","16":"tag-la-vuelta-2025","17":"tag-oscar-pereiro","18":"tag-spain","19":"tag-sports"},"share_on_mastodon":{"url":"","error":""},"_links":{"self":[{"href":"https:\/\/www.europesays.com\/es\/wp-json\/wp\/v2\/posts\/123304","targetHints":{"allow":["GET"]}}],"collection":[{"href":"https:\/\/www.europesays.com\/es\/wp-json\/wp\/v2\/posts"}],"about":[{"href":"https:\/\/www.europesays.com\/es\/wp-json\/wp\/v2\/types\/post"}],"author":[{"embeddable":true,"href":"https:\/\/www.europesays.com\/es\/wp-json\/wp\/v2\/users\/2"}],"replies":[{"embeddable":true,"href":"https:\/\/www.europesays.com\/es\/wp-json\/wp\/v2\/comments?post=123304"}],"version-history":[{"count":0,"href":"https:\/\/www.europesays.com\/es\/wp-json\/wp\/v2\/posts\/123304\/revisions"}],"wp:featuredmedia":[{"embeddable":true,"href":"https:\/\/www.europesays.com\/es\/wp-json\/wp\/v2\/media\/123305"}],"wp:attachment":[{"href":"https:\/\/www.europesays.com\/es\/wp-json\/wp\/v2\/media?parent=123304"}],"wp:term":[{"taxonomy":"category","embeddable":true,"href":"https:\/\/www.europesays.com\/es\/wp-json\/wp\/v2\/categories?post=123304"},{"taxonomy":"post_tag","embeddable":true,"href":"https:\/\/www.europesays.com\/es\/wp-json\/wp\/v2\/tags?post=123304"}],"curies":[{"name":"wp","href":"https:\/\/api.w.org\/{rel}","templated":true}]}}