{"id":123322,"date":"2025-09-18T15:44:06","date_gmt":"2025-09-18T15:44:06","guid":{"rendered":"https:\/\/www.europesays.com\/es\/123322\/"},"modified":"2025-09-18T15:44:06","modified_gmt":"2025-09-18T15:44:06","slug":"ni-te-verde-ni-matcha-esta-es-la-bebida-cotidiana-capaz-de-reducir-el-riesgo-de-sufrir-ataques-al-corazon-m-diario-as","status":"publish","type":"post","link":"https:\/\/www.europesays.com\/es\/123322\/","title":{"rendered":"Ni t\u00e9 verde ni matcha, esta es la bebida cotidiana capaz de reducir el riesgo de sufrir ataques al coraz\u00f3n: \u201cM &#8211; Diario AS"},"content":{"rendered":"<ol>\n<li><a href=\"https:\/\/news.google.com\/rss\/articles\/CBMi_wFBVV95cUxNd1lDc2pUeU1ZR01OaWVPSnNia3BCZ1BrbUhZSi1iNGdKZWM2ajBTZ2lfcEhpdlo5T2hZbGVxaExGZ1JaMlBnZlBta3FJWWFZaTRhQkY0cDhvTmJmSDFZYTZFSUtKQmVwaW1XMXhqZl9MeFpqeDdZTlBKYjBLTG1PalgzM1VTNXVucVpEUE5qbE01OHd2bGxyUy1pSnFqWGZ2WDlkdlhPRndQUk4tcjdIcTczUnJaM1YyMVdtSTI5cV9PaFBPUnFUTWVWUnZkMFNZdFRBdGNJMFpwV1VQRXhMRkFKaHZacTZ0Vk82RHg5X3g5VUQtdzBGTEpBbTlHczDSAZMCQVVfeXFMT1ZmRHNCYVJpMXlGeEhMR1dmNlRMbzJKTUJaaVE1NE5zTlV0aVdoenFxb3BIVFo0bEtsYkYxTUFzVnIyTVhJTGpfVTlSbU16S1FpTmYxNzNucVlVWGgxR3JLYng0cS16ekJBcXpJc3BwMUllbEJ2Rll2cWU0aERIZVBqZ0pXdjVjMHlnRjNnSWxtYUlYalQ0eGtPNnlqNmdNVWdMbnRkQnBvWTYtTTlPS2NsbVl2UW9UeTIxczFub2czNzVoX3llUEJLbVJ2VV9JaW5YZ1Ata29zaEdtOHlkYV9TbVZDVUMwOWZjamp6ZW1xb1h5eEJUclpfbGtxU3pkenhoUXg2V3BYam51aWdVNWxLMk0?oc=5\" target=\"_blank\" rel=\"nofollow noopener\">Ni t\u00e9 verde ni matcha, esta es la bebida cotidiana capaz de reducir el riesgo de sufrir ataques al coraz\u00f3n: \u201cM<\/a>&nbsp;&nbsp;Diario AS<\/li>\n<li><a href=\"https:\/\/news.google.com\/rss\/articles\/CBMitgFBVV95cUxQRWVtUmk2UmREc1F5TFc3Z0xuN1RPRTJaSm1mYzV2X1JDTXBaT0EwT09qZ0NSSXlLa0dQUnJhb1NqVDFhcWRIenNkVW53Tm1QTjh3N1RmbGNDWTRveThTWjZDS2ZBekxpSWdydEMtLXlFMDZwcmVBVGRVYkxrdFplb25oNkhJSVVjaWlwOUFZYTBSanlMWmJWYVdMaktMVjZEclFqY0hMWlNvVXctemhOQWYxZnRVd9IBuwFBVV95cUxPMzRtMVY0U0ptdnNmZU5ZeEVYZmVzamx5VFVlbG1mMnkzNXNUY3JPd3k0QVd6NTd3U0Y0d2FTZjc3UmdPak1yWURHd29GckNDd1pkSWhzNmFKUllpbGRHNHVRYnBNOW9qY1ItY2RmOXMwb3JZYnVQbGttUXJJNWNzcXpfNUZ0UlpYejFzY0tSdVBaQjA1SDVvSGFDZ0lwUWtsT0hrS09EUmlJVjFpbHhmbUk0UlZ0eEp0Z3lN?oc=5\" target=\"_blank\" rel=\"nofollow noopener\">Tim Spector, experto en microbiota intestinal: \u00abLos bebedores de caf\u00e9 tienen un microbioma intestinal m\u00e1s diverso que los no bebedores de caf\u00e9\u00bb<\/a>&nbsp;&nbsp;El Confidencial<\/li>\n<li><a href=\"https:\/\/news.google.com\/rss\/articles\/CBMimgFBVV95cUxQb1RiMDJtTVV5RFhBMVZDeWxUWnNfX0xxeHZQeWdWdWdCV0h2cHZCLU1xLWhoZkdSSlY4dWdWVXdFeXNtX0lfZFQ5al8yTE5TQURxVlIxUFE2TVpuRjREQ3ZqQXJDSGZOdXJUekVHeUt5MFphVExhZ1NpZVVGbHRqVy1jQW42dTBTTko3S1NaaFp4cEpYNEhyVG9R?oc=5\" target=\"_blank\" rel=\"nofollow noopener\">El caf\u00e9, la bebida ideal para el metabolismo, la energ\u00eda y la memoria a partir de los 40, seg\u00fan una nutricionista<\/a>&nbsp;&nbsp;ELLE<\/li>\n<li><a href=\"https:\/\/news.google.com\/rss\/articles\/CBMi5gJBVV95cUxONk5kY2J4SHlEbWIxNjFadmk1anhGLWE0NkFuaWZWMmhscDRiLWZwVkZqczV1THl4Sk1Wb1FRc0M2dFNwOGFoc1R6RjZxZHBvWlIyNFVycHZSZFVvRGwta1FUUFF5bkdIRzdfZWhQOFI2anlWZF9EOFN0RkJVSEI0aFdJMzhOUXF2YzMxMTE0cGRKRUY3SC1UaHhNeXpENm9WU3F4cnlnMHlrQ0c4Y09mQkRCd3lVUDVhYVctU1k4NjdEYXVfZ0dhTWZPdF9xMW1uaU9HSEZXd25aYkpRNjJmZm5FYnJ6VHZpR21DX3ZBdWtiejl4VFRqc3dramtDQ0M0dEdWckZkX2R3TnVKdzNwQVlQMks0Ny1HM0FieWYxYXFRT2dWdE5RZHdqWFFPS09WR2dqYkZDcV9sa1lkVWhrUXRtMERTRzRJdUtEbHluT2dRenZhMDB6d2sxTGlwak5EdVJxTUhR0gHrAkFVX3lxTE9xN3BqNzhqcWRfMzZpcWo3aW55ci1hbzlUUzdnRU1hWTg2ZndxcTJxNFI3TGVXUWJvZTh2cWRUNDVDMFJPXy15WWd0eUhXNldQNGJ5bGVTYzlNd0hFc091RW1ULXlxVmNycDlNanktRzJpMWdJbFp3dXgzV1VnVlBUUXhtR3RZeWVacVNucjdsb2pZSkdHUFhsTjFra1pCckVOSU9SdDdfQ0RqMVpzU3ZGM2NZaHJjZU5CUHhRa09aSERsaWxJN25wY0xKd1E2WnpXaUV4VlBfWVFjTmI2T1Fael94SFEweVB4VF8zNTZmZmZiRGN1cHRwQnpOMkw4bTQ0WG1vSGNJemNzQlhlMWRVRlJFaVJDdUpBcHNacm9ITUx3RlRzT2x1WWY4M25ROWU1OFQtS2pnN3hWb1BuMThGZWdTWEtFS1J1Undqbmp0YmN6OTBBb2plX2xlNDhtaFprMmtpOG95eFVaTQ?oc=5\" target=\"_blank\" rel=\"nofollow noopener\">Sara Mar\u00edn, doctora: \u201cEl caf\u00e9 le encanta a tu microbiota: favorece el crecimiento de bacterias beneficiosas y est\u00e1 lleno de antioxidantes que ayudan a mantenerte joven y radiante\u201d<\/a>&nbsp;&nbsp;La Vanguardia<\/li>\n<li><a href=\"https:\/\/news.google.com\/rss\/articles\/CBMi-gFBVV95cUxQdVBWMGhoUUx5c09IdDJvNE9yYzVWWlZwTjQwc2dsUVBUUFV4RkxmZWs3OGRuYXk2SlpkNTJfQU5MSjFQNmQ4Skg5Skx3NXQxNS1HS2p2dy1DOTB0dFhaSkFvZkJBaXdFRENDYklqVkxSTVd1Z1M4N25hUUxKS2J0QUJqczIzeUZBSUtDbHNrRnRvZThqd1RiQ1ZibExPbVJiUGZ4cHpQTmJuMEh2bHluUWNHOTRTWFk0Mzk0d01GNUtBR0VfUWNHeUJrbnRDYkVkYWVEZF92U3ltZjV6M2U0S21GUHVqSGhQQVVsOUEzVEZOaUplZDR6Umx30gH_AUFVX3lxTE8wSkFCd3VUbWJDREVpU2hnSHZUT05qazNZalpERXRPZGc3ZDhvNlBVTU1ibm9TYTNhUEY1N3FXc2FFQUtXeTh5VU5kd1JtWTc1OXUwVzN4Tk9PODJPTTNuNi1PR0NOWmhVLW01eFdSMHk4Y2ItSF9UTE1Ed0RwdkVlWVROd213cE9ueFFHU3B1eVJrYnNPb1Q1d3dOVXdwSUlWM1Fpd3hxY1hDeUxOdEJxRnB3MU9kNlVwamxzdDJoN25FcXl4ZW0zZGduR2xGV0JGVEVhMktUbF9tUjdIWjJzQUhnQy15N3k0cGRoaTVHX0RET0g3YjlyYUNPT2ZKWQ?oc=5\" target=\"_blank\" rel=\"nofollow noopener\">Un experto en microbiota intestinal avisa sobre los cambios que se producen en el cuerpo al tomar caf\u00e9 a diario: \u00abReduce la inflamaci\u00f3n y el estr\u00e9s oxidativo\u00bb<\/a>&nbsp;&nbsp;Diario de C\u00e1diz<\/li>\n<\/ol>\n","protected":false},"excerpt":{"rendered":"Ni t\u00e9 verde ni matcha, esta es la bebida cotidiana capaz de reducir el riesgo de sufrir ataques&hellip;\n","protected":false},"author":2,"featured_media":123323,"comment_status":"","ping_status":"","sticky":false,"template":"","format":"standard","meta":{"footnotes":""},"categories":[92],"tags":[25,24,165,166,23],"class_list":{"0":"post-123322","1":"post","2":"type-post","3":"status-publish","4":"format-standard","5":"has-post-thumbnail","7":"category-salud","8":"tag-es","9":"tag-espana","10":"tag-health","11":"tag-salud","12":"tag-spain"},"share_on_mastodon":{"url":"","error":""},"_links":{"self":[{"href":"https:\/\/www.europesays.com\/es\/wp-json\/wp\/v2\/posts\/123322","targetHints":{"allow":["GET"]}}],"collection":[{"href":"https:\/\/www.europesays.com\/es\/wp-json\/wp\/v2\/posts"}],"about":[{"href":"https:\/\/www.europesays.com\/es\/wp-json\/wp\/v2\/types\/post"}],"author":[{"embeddable":true,"href":"https:\/\/www.europesays.com\/es\/wp-json\/wp\/v2\/users\/2"}],"replies":[{"embeddable":true,"href":"https:\/\/www.europesays.com\/es\/wp-json\/wp\/v2\/comments?post=123322"}],"version-history":[{"count":0,"href":"https:\/\/www.europesays.com\/es\/wp-json\/wp\/v2\/posts\/123322\/revisions"}],"wp:featuredmedia":[{"embeddable":true,"href":"https:\/\/www.europesays.com\/es\/wp-json\/wp\/v2\/media\/123323"}],"wp:attachment":[{"href":"https:\/\/www.europesays.com\/es\/wp-json\/wp\/v2\/media?parent=123322"}],"wp:term":[{"taxonomy":"category","embeddable":true,"href":"https:\/\/www.europesays.com\/es\/wp-json\/wp\/v2\/categories?post=123322"},{"taxonomy":"post_tag","embeddable":true,"href":"https:\/\/www.europesays.com\/es\/wp-json\/wp\/v2\/tags?post=123322"}],"curies":[{"name":"wp","href":"https:\/\/api.w.org\/{rel}","templated":true}]}}