{"id":123338,"date":"2025-09-18T15:52:08","date_gmt":"2025-09-18T15:52:08","guid":{"rendered":"https:\/\/www.europesays.com\/es\/123338\/"},"modified":"2025-09-18T15:52:08","modified_gmt":"2025-09-18T15:52:08","slug":"feria-de-toros-murcia-paco-urena-para-tener-tu-libertad-tienes-que-ser-muy-consecuente-e-ir-hasta-el-final","status":"publish","type":"post","link":"https:\/\/www.europesays.com\/es\/123338\/","title":{"rendered":"Feria de Toros Murcia | Paco Ure\u00f1a: \u00abPara tener tu libertad tienes que ser muy consecuente e ir hasta el final\u00bb"},"content":{"rendered":"<p class=\"ft-text\">El diestro lorquino Paco Ure\u00f1a atiende a La Opini\u00f3n despu\u00e9s de su triunfo este martes en Murcia, a cuya plaza regresa ma\u00f1ana en el cuarto festejo de la Feria Taurina de la capital del Segura. O\u00edrle hablar es enfrentarse a la transparencia m\u00e1s absoluta, al h\u00e9roe que sigue su camino a precio de sangre y dolor.<\/p>\n<p class=\"ft-text\"><strong>\u00bfLe daba v\u00e9rtigo no triunfar en su primera tarde?<\/strong><\/p>\n<p class=\"ft-text\">Uno tiene experiencia y ha pasado por muchas situaciones. Estoy en un punto de mi vida en el que lo que m\u00e1s me preocupa es expresarme como torero. Llegar a Murcia con un triunfo como el de Albacete te da mucha seguridad. El martes no sali\u00f3 ning\u00fan toro para sentir como deseo. A los pocos que se dejaron fuimos capaces de hacerles faena, pero en mi caso no es eso lo que busco: quiero ser capaz de abandonarme y entregarme por completo.<\/p>\n<p class=\"ft-text\"><strong>No ha sido una temporada f\u00e1cil \u00bfQu\u00e9 ha supuesto el indulto de Albacete?<\/strong><\/p>\n<p class=\"ft-text\">S\u00e9 la clase de torero que soy: dependo mucho de Valencia, pero se suspendi\u00f3 la corrida, y de Madrid, donde no tuve ninguna opci\u00f3n con mis lotes. Llevar mi carrera en solitario y fuera de las empresas lo hace todo m\u00e1s dif\u00edcil. Vas toreando menos. Este ha venido a formar parte de mi historia y a confirmarme que estoy en el camino adecuado.<\/p>\n<p class=\"ft-text\"><strong>Albacete, Murcia, Lorca\u2026 un final muy intenso. \u00bfC\u00f3mo est\u00e1n siendo estos d\u00edas?<\/strong><\/p>\n<p class=\"ft-text\">Muy bonitos. Todo el mundo est\u00e1 muy contento y disfruto comprobando c\u00f3mo los que han sufrido durante el a\u00f1o lo viven con tanta alegr\u00eda. Procuro tener a mi gente cerca y me entusiasma verles esperando al viernes.<\/p>\n<p class=\"ft-text\"><strong>\u00bfPrefiere torear en Murcia o en Lorca?<\/strong><\/p>\n<p class=\"ft-text\">Son las dos plazas que he mamado y donde me he hecho torero. Esa manera de vivir que tenemos los murcianos la siento de la misma manera en ambos sitios, porque Lorca es igual a Murcia y Murcia igual a Lorca.<\/p>\n<p class=\"ft-text\"><strong>Una vez le\u00ed que su camino hab\u00eda sido siempre cuesta arriba, \u00bflo siente as\u00ed?<\/strong><\/p>\n<p class=\"ft-text\">Mi camino siempre ha sido muy especial. Soy un torero distinto. Cuando soy capaz de abandonarme y expresar, lo hago con una pasi\u00f3n diferente. Mi manera de andar por la vida y por el toreo es as\u00ed: desde mi libertad y eligiendo c\u00f3mo dar cada paso, y eso hoy es dif\u00edcil de ver. Cuando las cosas no salen en las grandes plazas, todo se pone cuesta arriba. He tenido tardes important\u00edsimas en Madrid, Valencia, Bilbao\u2026 son pinceladas en medio de las temporadas. Si toreas catorce o quince corridas de toros eso puede salir muy pocas veces. No es nada f\u00e1cil, pero cuando pasa se nota que es muy especial.<\/p>\n<p class=\"ft-text\"><strong>\u00bfQu\u00e9 papel tiene la familia en su vida?<\/strong><\/p>\n<p class=\"ft-text\">Es muy importante tener un equilibrio familiar donde poder recogerme. Vivo las cosas a flor de piel y me apoyo mucho en ellos. Me sostienen con un amor que me da fuerza y que, del mismo modo, necesito entregarles.<\/p>\n<p class=\"ft-text\"><strong>\u00bfSe ha sentido maltratado por el sistema?<\/strong><\/p>\n<p class=\"ft-text\">Para nada. Tengo mi camino y mi verdad. Aqu\u00ed uno se deja maltratar cuando quiere. Puede ser que un torero que torea sesenta corridas est\u00e9 m\u00e1s maltratado que yo, porque yo tengo mi camino, tengo mi felicidad, mi libertad y el respeto de todo el mundo.<\/p>\n<p class=\"ft-text\"><strong>\u00bfCu\u00e1nto ha pagado Paco Ure\u00f1a por esa libertad?<\/strong><\/p>\n<p class=\"ft-text\">Me ha costado ser muy firme en mis decisiones, sufrir mucho, quedarme parado y no torear\u2026 Tengo una lista con todas las corridas a las que he dicho que no, y son m\u00e1s de las que he aceptado. Es muy duro, porque lo que m\u00e1s me gusta es torear. Pudiendo firmar treinta tardes me quedo en quince o diecis\u00e9is. No es f\u00e1cil. Pero para tener tu libertad tienes que ser muy consecuente e ir hasta el final. Una cosa es decirlo y otra hacerlo; eso s\u00ed que es dif\u00edcil.<\/p>\n<p class=\"ft-text\"><strong>\u00bfC\u00f3mo quiere ser recordado?<\/strong><\/p>\n<p class=\"ft-text\">Me he ganado el respeto de todos mis compa\u00f1eros. Quiero que la gente que viene detr\u00e1s tambi\u00e9n pueda hacerlo, como yo lo he aprendido de otros toreros antiguos.<\/p>\n<p class=\"ft-text\"><strong>\u00bfPiensa mucho en el futuro?<\/strong><\/p>\n<p class=\"ft-text\">Nada, en absoluto. No me preocupa, porque no s\u00e9 lo que va a pasar. No tengo raz\u00f3n ni tiempo para pensar en ello.<\/p>\n","protected":false},"excerpt":{"rendered":"El diestro lorquino Paco Ure\u00f1a atiende a La Opini\u00f3n despu\u00e9s de su triunfo este martes en Murcia, a&hellip;\n","protected":false},"author":2,"featured_media":123339,"comment_status":"","ping_status":"","sticky":false,"template":"","format":"standard","meta":{"footnotes":""},"categories":[277],"tags":[373,40431,168,25,24,5085,1047,31092,23,167,18797,374,444,26581],"class_list":{"0":"post-123338","1":"post","2":"type-post","3":"status-publish","4":"format-standard","5":"has-post-thumbnail","7":"category-toreo","8":"tag-bullfighting","9":"tag-consecuente","10":"tag-deportes","11":"tag-es","12":"tag-espana","13":"tag-libertad","14":"tag-paco","15":"tag-paco-urena","16":"tag-spain","17":"tag-sports","18":"tag-tienes","19":"tag-toreo","20":"tag-toros","21":"tag-urena"},"share_on_mastodon":{"url":"","error":""},"_links":{"self":[{"href":"https:\/\/www.europesays.com\/es\/wp-json\/wp\/v2\/posts\/123338","targetHints":{"allow":["GET"]}}],"collection":[{"href":"https:\/\/www.europesays.com\/es\/wp-json\/wp\/v2\/posts"}],"about":[{"href":"https:\/\/www.europesays.com\/es\/wp-json\/wp\/v2\/types\/post"}],"author":[{"embeddable":true,"href":"https:\/\/www.europesays.com\/es\/wp-json\/wp\/v2\/users\/2"}],"replies":[{"embeddable":true,"href":"https:\/\/www.europesays.com\/es\/wp-json\/wp\/v2\/comments?post=123338"}],"version-history":[{"count":0,"href":"https:\/\/www.europesays.com\/es\/wp-json\/wp\/v2\/posts\/123338\/revisions"}],"wp:featuredmedia":[{"embeddable":true,"href":"https:\/\/www.europesays.com\/es\/wp-json\/wp\/v2\/media\/123339"}],"wp:attachment":[{"href":"https:\/\/www.europesays.com\/es\/wp-json\/wp\/v2\/media?parent=123338"}],"wp:term":[{"taxonomy":"category","embeddable":true,"href":"https:\/\/www.europesays.com\/es\/wp-json\/wp\/v2\/categories?post=123338"},{"taxonomy":"post_tag","embeddable":true,"href":"https:\/\/www.europesays.com\/es\/wp-json\/wp\/v2\/tags?post=123338"}],"curies":[{"name":"wp","href":"https:\/\/api.w.org\/{rel}","templated":true}]}}