{"id":123342,"date":"2025-09-18T15:56:09","date_gmt":"2025-09-18T15:56:09","guid":{"rendered":"https:\/\/www.europesays.com\/es\/123342\/"},"modified":"2025-09-18T15:56:09","modified_gmt":"2025-09-18T15:56:09","slug":"ayuso-concede-la-medalla-de-oro-a-la-vuelta-ciclista-a-espana-y-la-medalla-internacional-a-su-ganador-jonas-vingegaard","status":"publish","type":"post","link":"https:\/\/www.europesays.com\/es\/123342\/","title":{"rendered":"Ayuso concede la Medalla de Oro a la Vuelta Ciclista a Espa\u00f1a y la Medalla Internacional a su ganador, Jonas Vingegaard"},"content":{"rendered":"<p style=\"\">Despu\u00e9s de que las protestas callejeras consiguieron boicotear el final de la <strong>Vuelta Ciclista a Espa\u00f1a en Madrid<\/strong>, tras ser jaleadas por Pedro S\u00e1nchez unas horas antes, <strong>Isabel D\u00edaz Ayuso<\/strong> ha llegado al <strong>Pleno de la Asamblea de Madrid<\/strong> con dos anuncios:  &#8230; la Comunidad de Madrid dar\u00e1 la Medalla Internacional de Madrid al ganador de la Vuelta, Jonas Vingegaard, \u00abporque no merece ser recibido sobre cajas de hielo por culpa de lo que ustedes provocaron\u00bb, seg\u00fan ha espetado a la izquierda. Adem\u00e1s, la Comunidad conceder\u00e1 la Medalla de Oro de la Comunidad de Madrid en el pr\u00f3ximo Dos de Mayo a la Vuelta Ciclista de Espa\u00f1a, \u00abporque es una de las competiciones de Espa\u00f1a que han intentado desguazar\u00bb. <\/p>\n<p class=\"voc-p\" style=\"\">Ayuso ha aprovechado la sesi\u00f3n de control para mostrar el apoyo a los 22 polic\u00edas que fueron \u00ababandonados\u00bb en la final de la Vuelta y fueron \u00abagredidos\u00bb, con \u00abmucha presi\u00f3n y muy poca ayuda pol\u00edtica\u00bb.<\/p>\n<p class=\"voc-p\" style=\"\">Sobre la Vuelta Ciclista a Espa\u00f1a, la presidenta regional madrile\u00f1a ha subrayado que es \u00abuna de las competiciones internacionales de las que el pueblo de Madrid\u00bb se siente m\u00e1s orgulloso pese a que la han intentado \u00abdesguazar\u00bb. \u00abAs\u00ed que por el deporte, la libertad y por ser Madrid una regi\u00f3n de integraci\u00f3n abierta al mundo y alegre vamos a ver estas dos condecoraciones\u00bb, subrayado.<\/p>\n<p class=\"voc-p\" style=\"\">La portavoz del PSOE, Mar Espinar, ha dado la nota en el Pleno de la Asamblea al sacar desde su esca\u00f1o, durante su turno de palabra, la bandera palestina. Todos los diputados del PSOE se han puesto de pie y han aplaudido: \u00abEl domingo usted se sorprendi\u00f3 porque el pueblo madrile\u00f1o sali\u00f3 a la calle a decir basta a un genocidio. Me siento profundamente orgullosa de pertenecer a esta regi\u00f3n. Usted est\u00e1 en el lado incorrecto de la historia, al lado de los genocidas, de la sinraz\u00f3n\u00bb, ha acusado a Ayuso. <\/p>\n<p class=\"voc-p\" style=\"\">\u00abLos madrile\u00f1os salieron a la calle a gritar a la calle basta ya, y usted estaba haci\u00e9ndose una foto con los representante del Estado que est\u00e1 matando ni\u00f1os\u00bb, ha acusado a la presidenta regional. \u00abSu pareja va en direcci\u00f3n a la c\u00e1rcel por urdir presuntamente una trama criminal, y usted va camino de su casa por mentir\u00bb. <\/p>\n<p class=\"voc-p\" style=\"\">Con la bandera en las manos, y sin que el presidente de la Asamblea la llamase al orden, ha explicado que \u00ablos colores de esta bandera representan el exilio del pueblo palestino, la paz y la esperanza, y la roja la sangre derramada. Esta es la bandera que usted persigue, la de la paz de un pueblo perseguido. Est\u00e1 usted m\u00e1s fuera que dentro. V\u00e1yase y ah\u00f3rrese el bochorno\u00bb. <\/p>\n<p class=\"voc-p\" style=\"\">Ayuso ha comentado que \u00aba ver cuando ponen la bandera de Espa\u00f1a por una de Comunidad de Madrid, porque olvidan a qui\u00e9n representan\u00bb. \u00abVuelve la izquierda de no a la guerra, porque no tienen nada que proponer. No saben de lo que est\u00e1 hablando. El equipo directivo (de Israel en la Vuelta) era de un empresario israel\u00ed. \u00bfSabe tambi\u00e9n de qui\u00e9n es este empresario valedor? Del Atl\u00e9tico de Madrid. \u00bfLo va a cancelar al Atl\u00e9tico de Madrid? \u00bfLe va a prohibir al Atl\u00e9tico de Madrid despu\u00e9s de la Liga?\u00bfVan a perseguir tambi\u00e9n al Atl\u00e9tico de Madrid?\u00bb, ha lanzado. <\/p>\n<p class=\"voc-p\" style=\"\">Por su parte, la portavoz de M\u00e1s Madrid, Manuela Bergerot, tambi\u00e9n se ha lanzado contra la presidenta regional desde el principio: \u00abNo s\u00e9 si usted est\u00e1 aqu\u00ed como abogada de su novio o como portavoz de Netanyahu\u00bb. \u00abEl domingo miles y miles de familias madrile\u00f1as salimos a la calle en una protesta pac\u00edfica contra el genocidio en Gaza. Ustedes salieron con bulos. Ustedes son unos soberbios, est\u00e1n insultando a Madrid, a los madrile\u00f1os. Bombardear hospitales y tiendas de campa\u00f1a est\u00e1n mal. Ni Espa\u00f1a ni Madrid son c\u00f3mplices del genocidio\u00bb.<\/p>\n<p class=\"voc-p\" style=\"\">\u00abDespu\u00e9s de 65.000 asesinados, resp\u00f3ndame: Esas 20.000 ni\u00f1as y ni\u00f1os asesinados por el gobierno israel\u00ed, \u00bfdeb\u00edan morir? Est\u00e1n rabiosos y desnortados, no entienden que cuando el pueblo madrile\u00f1o se levanta por una causa justa no hay vuelta atr\u00e1s. En el Madrid que viene, ustedes o cambian o sobran\u00ab, ha acusado a la presidenta regional. <\/p>\n<p class=\"voc-p\" style=\"\">Ayuso no se ha achatando, todo lo contrario, y ha vuelto a denunciar la \u00abkale borroka\u00bb que se vivi\u00f3 en Madrid el domingo: \u00abLos kale borroka que mandaron los de Bildu desde Bilbao no eran el pueblo de Madrid. Tranquilos, podemos hablar. Esas im\u00e1genes no representan al pueblo de Madrid. Claro que puede haber manifestaciones y protestas, v\u00e1yanse donde quieran, pero no acosen a ciclistas, a deportistas\u00bb. <\/p>\n<p class=\"voc-p\" style=\"\">Ayuso ha acusado a la izquierda de tener una \u00abpol\u00edtica fracasada\u00bb y por eso entienden que \u00abest\u00e9n como est\u00e1n\u00bb. \u00abTrabajan contra todo, son unos tristes, no quieren que nada funcione\u00bb. Por eso, ha hecho dos anuncios para mostrar su apoyo y el de la Comunidad de Madrid a la Vuelta Ciclista a Espa\u00f1a: \u00abVamos a dar la medalla internacional de Madrid al ganador de la Vuelta, porque no merece ser recibido sobre cajas de hielo por culpa de lo que ustedes provocaron. Y la medalla de oro a la Vuelta Ciclista de Espa\u00f1a, porque es una de las competiciones de Espa\u00f1a que han intentado desguazar\u00bb.<\/p>\n","protected":false},"excerpt":{"rendered":"Despu\u00e9s de que las protestas callejeras consiguieron boicotear el final de la Vuelta Ciclista a Espa\u00f1a en Madrid,&hellip;\n","protected":false},"author":2,"featured_media":123343,"comment_status":"","ping_status":"","sticky":false,"template":"","format":"standard","meta":{"footnotes":""},"categories":[273],"tags":[6984,313,1757,7184,312,168,25,24,61,324,205,3370,3371,23,167,325,1357],"class_list":{"0":"post-123342","1":"post","2":"type-post","3":"status-publish","4":"format-standard","5":"has-post-thumbnail","7":"category-ciclismo","8":"tag-ayuso","9":"tag-ciclismo","10":"tag-ciclista","11":"tag-concede","12":"tag-cycling","13":"tag-deportes","14":"tag-es","15":"tag-espana","16":"tag-internacional","17":"tag-jonas","18":"tag-madrid","19":"tag-medalla","20":"tag-oro","21":"tag-spain","22":"tag-sports","23":"tag-vingegaard","24":"tag-vuelta"},"share_on_mastodon":{"url":"","error":""},"_links":{"self":[{"href":"https:\/\/www.europesays.com\/es\/wp-json\/wp\/v2\/posts\/123342","targetHints":{"allow":["GET"]}}],"collection":[{"href":"https:\/\/www.europesays.com\/es\/wp-json\/wp\/v2\/posts"}],"about":[{"href":"https:\/\/www.europesays.com\/es\/wp-json\/wp\/v2\/types\/post"}],"author":[{"embeddable":true,"href":"https:\/\/www.europesays.com\/es\/wp-json\/wp\/v2\/users\/2"}],"replies":[{"embeddable":true,"href":"https:\/\/www.europesays.com\/es\/wp-json\/wp\/v2\/comments?post=123342"}],"version-history":[{"count":0,"href":"https:\/\/www.europesays.com\/es\/wp-json\/wp\/v2\/posts\/123342\/revisions"}],"wp:featuredmedia":[{"embeddable":true,"href":"https:\/\/www.europesays.com\/es\/wp-json\/wp\/v2\/media\/123343"}],"wp:attachment":[{"href":"https:\/\/www.europesays.com\/es\/wp-json\/wp\/v2\/media?parent=123342"}],"wp:term":[{"taxonomy":"category","embeddable":true,"href":"https:\/\/www.europesays.com\/es\/wp-json\/wp\/v2\/categories?post=123342"},{"taxonomy":"post_tag","embeddable":true,"href":"https:\/\/www.europesays.com\/es\/wp-json\/wp\/v2\/tags?post=123342"}],"curies":[{"name":"wp","href":"https:\/\/api.w.org\/{rel}","templated":true}]}}