{"id":123362,"date":"2025-09-18T16:07:10","date_gmt":"2025-09-18T16:07:10","guid":{"rendered":"https:\/\/www.europesays.com\/es\/123362\/"},"modified":"2025-09-18T16:07:10","modified_gmt":"2025-09-18T16:07:10","slug":"la-falta-de-tiempo-en-consulta-retrasa-el-diagnostico-de-alzheimer-en-cantabria-segun-varios-estudios-sociedad","status":"publish","type":"post","link":"https:\/\/www.europesays.com\/es\/123362\/","title":{"rendered":"La falta de tiempo en consulta retrasa el diagn\u00f3stico de alzh\u00e9imer en Cantabria, seg\u00fan varios estudios | Sociedad"},"content":{"rendered":"<p class=\"loc\">Santander<\/p>\n<p>La falta de tiempo en la consulta es la principal barrera a la que se enfrentan los pacientes con sospecha de padecer la enfermedad de Alzheimer en Cantabria, seg\u00fan las investigaciones de dos estudios presentados hoy en Madrid.<\/p>\n<p>La escasa coordinaci\u00f3n entre niveles asistenciales y de recursos materiales, as\u00ed como de formaci\u00f3n especializada, son algunas de las barreras m\u00e1s importantes para el diagn\u00f3stico temprano y preciso de la enfermedad de Alzheimer en Cantabria, tal y como recogen los proyectos mapEA y Alma-Care, en los que han participado m\u00e1s de 140 expertos de diferentes especialidades y de todas las regiones de Espa\u00f1a; siete de ellos, c\u00e1ntabros.<\/p>\n<p>En Cantabria, la falta de tiempo en consulta y de conocimiento de los profesionales sanitarios sobre la patolog\u00eda es la principal barrera para el diagn\u00f3stico temprano y de precisi\u00f3n de la enfermedad de Alzheimer, seg\u00fan el 86 % de los expertos consultados en el proyecto mapEA.<\/p>\n<p>Otras causas<\/p>\n<p>A esta situaci\u00f3n se suma la ausencia de gu\u00edas o protocolos (71 %) y la reticencia de pacientes y familiares y los problemas en la capacidad del sistema (57 %).<\/p>\n<p>Por otro lado, el 86 % cree que la informaci\u00f3n que reciben los pacientes en fases iniciales es insuficiente, y la totalidad coincide en que el soporte para la planificaci\u00f3n anticipada de decisiones es claramente mejorable.<\/p>\n<p>Seg\u00fan el doctor Pablo Mart\u00ednez Lage, director cient\u00edfico del Centro de Investigaci\u00f3n y Cl\u00ednica Memoria de la Fundaci\u00f3n CITA-Alzheimer, \u201csigue existiendo desigualdad en funci\u00f3n del c\u00f3digo postal en el acceso de las personas a un diagn\u00f3stico a tiempo y certero\u201d.<\/p>\n<p>Perspectiva de los pacientes<\/p>\n<p>Desde la perspectiva de los pacientes, Jes\u00fas Rodrigo, director ejecutivo de la Confederaci\u00f3n Espa\u00f1ola de Alzheimer y otras demencias (CEAFA), apunta que las necesidades m\u00e1s urgentes por resolver, adem\u00e1s de concienciar a la poblaci\u00f3n sobre la observaci\u00f3n de los factores de riesgo y su intervenci\u00f3n activa sobre ellos, pasan por cubrir \u201cel acceso al diagn\u00f3stico temprano, comenzando por eliminar el estigma que todav\u00eda hoy existe en el seno de la familia para reconocer determinadas situaciones an\u00f3malas como un verdadero problema\u201d.<\/p>\n<p>\u201cEs fundamental avanzar en el diagn\u00f3stico temprano y de precisi\u00f3n y mejorar la gesti\u00f3n del alzh\u00e9imer para ofrecer a los pacientes m\u00e1s a\u00f1os de vida aut\u00f3noma e independiente. Si tomamos ahora las medidas necesarias, y desarrollamos una ruta asistencial sencilla y eficiente, podr\u00edamos ayudar a revolucionar el abordaje de la enfermedad de Alzheimer en beneficio de los pacientes y sus familias\u201d, ha se\u00f1alado el doctor Jos\u00e9 A. Sacrist\u00e1n, director m\u00e9dico de Lilly Espa\u00f1a y Portugal.<\/p>\n<p>El objetivo de estos proyectos, impulsados por la farmac\u00e9utica Lilly -que colabora con EFE en la difusi\u00f3n de este contenido-, es definir unas recomendaciones de mejora del sistema sanitario, resultado del consenso de un panel multidisciplinar de expertos de Espa\u00f1a.<\/p>\n","protected":false},"excerpt":{"rendered":"Santander La falta de tiempo en la consulta es la principal barrera a la que se enfrentan los&hellip;\n","protected":false},"author":2,"featured_media":123363,"comment_status":"","ping_status":"","sticky":false,"template":"","format":"standard","meta":{"footnotes":""},"categories":[92],"tags":[25,24,165,166,23],"class_list":{"0":"post-123362","1":"post","2":"type-post","3":"status-publish","4":"format-standard","5":"has-post-thumbnail","7":"category-salud","8":"tag-es","9":"tag-espana","10":"tag-health","11":"tag-salud","12":"tag-spain"},"share_on_mastodon":{"url":"","error":""},"_links":{"self":[{"href":"https:\/\/www.europesays.com\/es\/wp-json\/wp\/v2\/posts\/123362","targetHints":{"allow":["GET"]}}],"collection":[{"href":"https:\/\/www.europesays.com\/es\/wp-json\/wp\/v2\/posts"}],"about":[{"href":"https:\/\/www.europesays.com\/es\/wp-json\/wp\/v2\/types\/post"}],"author":[{"embeddable":true,"href":"https:\/\/www.europesays.com\/es\/wp-json\/wp\/v2\/users\/2"}],"replies":[{"embeddable":true,"href":"https:\/\/www.europesays.com\/es\/wp-json\/wp\/v2\/comments?post=123362"}],"version-history":[{"count":0,"href":"https:\/\/www.europesays.com\/es\/wp-json\/wp\/v2\/posts\/123362\/revisions"}],"wp:featuredmedia":[{"embeddable":true,"href":"https:\/\/www.europesays.com\/es\/wp-json\/wp\/v2\/media\/123363"}],"wp:attachment":[{"href":"https:\/\/www.europesays.com\/es\/wp-json\/wp\/v2\/media?parent=123362"}],"wp:term":[{"taxonomy":"category","embeddable":true,"href":"https:\/\/www.europesays.com\/es\/wp-json\/wp\/v2\/categories?post=123362"},{"taxonomy":"post_tag","embeddable":true,"href":"https:\/\/www.europesays.com\/es\/wp-json\/wp\/v2\/tags?post=123362"}],"curies":[{"name":"wp","href":"https:\/\/api.w.org\/{rel}","templated":true}]}}