{"id":123381,"date":"2025-09-18T16:24:08","date_gmt":"2025-09-18T16:24:08","guid":{"rendered":"https:\/\/www.europesays.com\/es\/123381\/"},"modified":"2025-09-18T16:24:08","modified_gmt":"2025-09-18T16:24:08","slug":"todo-cambia-y-esta-sera-la-posicion-de-alonso-y-aston-martin-en-baku","status":"publish","type":"post","link":"https:\/\/www.europesays.com\/es\/123381\/","title":{"rendered":"todo cambia y esta ser\u00e1 la posici\u00f3n de Alonso y Aston Martin en Bak\u00fa"},"content":{"rendered":"<p><strong>Fernando Alonso<\/strong> llega con optimismo a <strong>Baku:<\/strong>\u00a0<a href=\"https:\/\/www.grada3.com\/2025\/09\/14\/problema-aston-martin-lance-stroll-alonso\/\" rel=\"nofollow noopener\" target=\"_blank\"><strong>Aston Martin<\/strong><\/a> est\u00e1 convencido de que la informaci\u00f3n que han ido recopilando en las \u00faltimas carreras y las informaciones que les proporcionan las herramientas de <strong>Silverstone<\/strong> supondr\u00e1n un gran impacto este fin de semana.<\/p>\n<p>Aston Martin conf\u00edan en un buen fin de semana<\/p>\n<p>No habr\u00e1 problemas clim\u00e1ticos, no hay m\u00e1s presi\u00f3n que la que se pone el equipo, pero lo cierto es que hay cierto optimismo en el <a href=\"https:\/\/www.grada3.com\/2025\/09\/18\/horario-donde-ver-gp-azerbaiyan-f1\/\" rel=\"nofollow noopener\" target=\"_blank\"><strong>GP de Azerbaiy\u00e1n<\/strong><\/a>. A priori, las dos largas rectas del circuito van a suponer un enrome problema para el <strong>ARM25<\/strong>, dos rectas que pueden suponer hasta la p\u00e9rdida de un segundo sin <strong>DRS<\/strong>, pero que esperan compensar con el resto del trazado urbano, donde hay que hilar muy fino en cada una de las curvas si no se quiere acabar fuera de carrera.<\/p>\n<p>Por otro lado, la escuder\u00eda sigue dando pasos al frente como equipo. Cada carrera suma experiencia, sumas m\u00e1s informaci\u00f3n, y cada vez hay m\u00e1s mecanismos para poder descifrarla. Viendo la posici\u00f3n de <a href=\"https:\/\/www.grada3.com\/2025\/09\/17\/fernando-alonso-futuro-45-anos-apuesta-aston-martin\/\" rel=\"nofollow noopener\" target=\"_blank\"><strong>Fernando Alonso<\/strong><\/a> en Monza, un circuito totalmente contrario a las virtudes del <strong>AMR25<\/strong>, se espera que en <strong>Baku<\/strong> est\u00e9n mejor situados.<\/p>\n<p>Las opciones de Aston Martin<\/p>\n<p>La tarea principal de <strong>Aston Martin<\/strong>, como no pod\u00eda ser de otra manera, es configurar el coche de la mejor manera posible, que no es poco. Porque da la sensaci\u00f3n de que siguen sin acabar de comprender el funcionamiento del monoplaza en cada circuito. De dar con la tecla, ven muy probable que el equipo pueda luchar el s\u00e1bado por meter a alguno de sus dos coches en la <strong>Q3<\/strong>. A partir de ah\u00ed, a optimizar todo lo que se pueda de cara a la carrera, con el objetivo principal de terminar en los puntos.<\/p>\n<p>Las opciones de Fernando Alonso<\/p>\n<p>Las mejores previsiones de <strong>Aston Martin<\/strong> pasan por <strong>Fernando Alonso<\/strong> -y al rev\u00e9s-. El asturiano est\u00e1 convencido que si logran hacer un buen trabajo en las sesiones de libres, est\u00e1n capacitados de sobra para pelear por meterse entre los diez mejores de la parrilla. Para el domingo, Baku es un circuito que le encanta, donde hay que arriesgar m\u00e1s de la cuenta si se quieren ganar algunas d\u00e9cimas, y donde no le preocupa los problemas de la velocidad punta en recta -intentar\u00e1 agarrarse al coche de delante, como hizo en Austria y en Monza-. Sabe que, en este tipo de circuitos, puede haber muchas circunstancias que cambien la carrera, as\u00ed que espera estar listo para poder aprovecharse y optimizar los resultados.<\/p>\n<p>El piloto espa\u00f1ol, si todo sale como tiene planificado el equipo, podr\u00eda acabar el fin de semana en torno al s\u00e9ptimo puesto. Todo tiene que salir, no se permiten fallos, y por supuesto aver\u00edas. <strong>Fernando Alonso<\/strong> quiere que el equipo acabe el a\u00f1o en el quinto puesto de constructores y con las mejores sensaciones posibles para que la motivaci\u00f3n siga aumentando de cara al pr\u00f3ximo 2026.<\/p>\n<p>Porque el <strong>2026<\/strong> est\u00e1 cada vez cerca, la nueva era de la F1 ya asoma y el equipo debe estar preparado si realmente quiere luchar por cosas importantes a partir del a\u00f1o pr\u00f3ximo. Y el ovetense sabe que parte de las opciones, sobre todo en lo emocional, pasa por este final de temporada, y pasa tambi\u00e9n por completar una buena carrera este fin de semana.<\/p>\n","protected":false},"excerpt":{"rendered":"Fernando Alonso llega con optimismo a Baku:\u00a0Aston Martin est\u00e1 convencido de que la informaci\u00f3n que han ido recopilando&hellip;\n","protected":false},"author":2,"featured_media":123382,"comment_status":"","ping_status":"","sticky":false,"template":"","format":"standard","meta":{"footnotes":""},"categories":[270],"tags":[168,25,24,306,271,272,23,167],"class_list":{"0":"post-123381","1":"post","2":"type-post","3":"status-publish","4":"format-standard","5":"has-post-thumbnail","7":"category-formula-1","8":"tag-deportes","9":"tag-es","10":"tag-espana","11":"tag-f1","12":"tag-formula-1","13":"tag-formula1","14":"tag-spain","15":"tag-sports"},"share_on_mastodon":{"url":"","error":""},"_links":{"self":[{"href":"https:\/\/www.europesays.com\/es\/wp-json\/wp\/v2\/posts\/123381","targetHints":{"allow":["GET"]}}],"collection":[{"href":"https:\/\/www.europesays.com\/es\/wp-json\/wp\/v2\/posts"}],"about":[{"href":"https:\/\/www.europesays.com\/es\/wp-json\/wp\/v2\/types\/post"}],"author":[{"embeddable":true,"href":"https:\/\/www.europesays.com\/es\/wp-json\/wp\/v2\/users\/2"}],"replies":[{"embeddable":true,"href":"https:\/\/www.europesays.com\/es\/wp-json\/wp\/v2\/comments?post=123381"}],"version-history":[{"count":0,"href":"https:\/\/www.europesays.com\/es\/wp-json\/wp\/v2\/posts\/123381\/revisions"}],"wp:featuredmedia":[{"embeddable":true,"href":"https:\/\/www.europesays.com\/es\/wp-json\/wp\/v2\/media\/123382"}],"wp:attachment":[{"href":"https:\/\/www.europesays.com\/es\/wp-json\/wp\/v2\/media?parent=123381"}],"wp:term":[{"taxonomy":"category","embeddable":true,"href":"https:\/\/www.europesays.com\/es\/wp-json\/wp\/v2\/categories?post=123381"},{"taxonomy":"post_tag","embeddable":true,"href":"https:\/\/www.europesays.com\/es\/wp-json\/wp\/v2\/tags?post=123381"}],"curies":[{"name":"wp","href":"https:\/\/api.w.org\/{rel}","templated":true}]}}