{"id":123395,"date":"2025-09-18T16:31:10","date_gmt":"2025-09-18T16:31:10","guid":{"rendered":"https:\/\/www.europesays.com\/es\/123395\/"},"modified":"2025-09-18T16:31:10","modified_gmt":"2025-09-18T16:31:10","slug":"susana-gomez-vazquez-logra-la-nominacion-a-los-latin-grammy-2025","status":"publish","type":"post","link":"https:\/\/www.europesays.com\/es\/123395\/","title":{"rendered":"Susana G\u00f3mez V\u00e1zquez logra la nominaci\u00f3n a los Latin Grammy 2025"},"content":{"rendered":"<p>El pasado septiembre de 2024, sali\u00f3 publicado el segundo \u00e1lbum de la pianista alcala\u00edna Susana G\u00f3mez V\u00e1zquez, <a href=\"https:\/\/www.dream-alcala.com\/sisters-of-the-moon-el-segundo-disco-de-la-alcalaina-susana-gomez-vazquez\/\" rel=\"nofollow noopener\" target=\"_blank\">\u2018Sisters of the Moon\u2019<\/a>. La compa\u00f1\u00eda Eudora Records lanz\u00f3 el disco que se grab\u00f3 en el magn\u00edfico Auditorio de Zaragoza.<\/p>\n<p>El disco de Susana ha recibido desde su publicaci\u00f3n excelentes cr\u00edticas y numerosos reconocimientos entre los que se incluye la nominaci\u00f3n como <a href=\"https:\/\/www.dream-alcala.com\/nueva-nominacion-para-sisters-of-the-moon-el-album-de-susana-gomez-vazquez\/\" rel=\"nofollow noopener\" target=\"_blank\">mejor \u00e1lbum instrumental del a\u00f1o por la Academia de la M\u00fasica de Espa\u00f1a<\/a> y la nominaci\u00f3n al Preis der Deutschen Schallplattenkritik (premio de la cr\u00edtica discogr\u00e1fica alemana).<\/p>\n<p>Pero, ahora, el \u00e1lbum de la pianista alcala\u00edna ha dado el m\u00e1s grande de los saltos. \u2018Sisters of the Moon\u2019 est\u00e1 nominado a Mejor \u00c1lbum de m\u00fasica cl\u00e1sica del a\u00f1o en los Latin Grammy, galardones de la Academia Latina de Artes y Ciencias de la Grabaci\u00f3n de Miami.<\/p>\n<p>Un disco que est\u00e1 en todas las plataformas y tambi\u00e9n se puede\u00a0<a href=\"https:\/\/www.susanagomezvazquez.com\/producto\/sisters-of-the-moon-2\/\" target=\"_blank\" rel=\"noreferrer noopener nofollow\">comprar dedicado en la web de Susana G\u00f3mez V\u00e1zquez.<\/a><\/p>\n<p>Gala de los Latin Grammy<\/p>\n<p>As\u00ed, Susana estar\u00e1, el pr\u00f3ximo 13 de noviembre, en la gala que se celebrar\u00e1 en el MGM Grand Garden Arena en Las Vegas (Nevada \u2013 Estados Unidos) junto a grandes artistas espa\u00f1oles como Joaqu\u00edn Sabina, Alejandro Sanz, Dani Mart\u00edn Leiva o Aitana y las figuras m\u00e1s reconocibles de la m\u00fasica latina internacional como Bad Bunny, Gloria Estefan, Rauw Alejandro, Jorge Drexler o Karol G.<\/p>\n<p>\u2018Sisters of the Moon\u2019 competir\u00e1 por el Latin Grammy con los paulistas de Radam\u00e9s (Radam\u00e9s); la tambi\u00e9n pianista compostelana Isabel Dobarro (Kaleidoscope); la joven violinista granadina Mar\u00eda Due\u00f1as (Gabriela Ortiz: Revoluci\u00f3n Diamantina); o la promesa de la guitarra cl\u00e1sica, el valenciano Ausi\u00e0s Parejo (Brouwer, Erena &amp; Others).<\/p>\n<p><img fetchpriority=\"high\" decoding=\"async\" width=\"827\" height=\"1024\" src=\"https:\/\/www.europesays.com\/es\/wp-content\/uploads\/2025\/09\/latingrammy_susana-827x1024.jpg\" alt=\"\" class=\"wp-image-296362\"  \/><\/p>\n<p>\u201cLos Latin Grammy son un sue\u00f1o para m\u00ed\u201d<\/p>\n<p>Tras conocer su nominaci\u00f3n, este mismo mi\u00e9rcoles, 17 de septiembre, Susana G\u00f3mez V\u00e1zquez se siente \u201csuperemocionada de que este \u00e1lbum m\u00edo, tan personal, que da voz a compositoras que admiro, est\u00e9 considerado y reconocido para estar en la final de los Latin Grammy que para m\u00ed son un sue\u00f1o, entre tan grandes artistas\u201d.<\/p>\n<p>Sisters of the Moon, afirma la pianista alcala\u00edna, \u201csignifica, para m\u00ed, la creaci\u00f3n de un universo sonoro y conceptual en el que me he visto sumergida y he trabajado intensamente en los \u00faltimos a\u00f1os. Nada de esto ser\u00eda posible sin Gonzalo Noque y su discogr\u00e1fica Eudora Records. Que todo este esfuerzo sea valorado es el mejor premio\u201d.<\/p>\n<p>Susana G\u00f3mez V\u00e1zquez<\/p>\n<p>Desde su debut en el Auditorio Nacional de M\u00fasica en 2006, los conciertos\u00a0 han llevado a Susana G\u00f3mez V\u00e1zquez a tocar por toda Europa, Iberoam\u00e9rica y Estados Unidos, en salas tales como Teatro Monumental, Teatro Real, Wigmore Hall, Centro de Acci\u00f3n Social en Caracas, Bremen Sendesaal, Purcell Room (Southbank Centre), Fazioli concert room, The National Concert Hall Dublin, Auditorio de Zaragoza, ADDA de Alicante\u2026<\/p>\n<p>Ha actuado como solista con la orquesta RTVE, Sinf\u00f3nica Sim\u00f3n Bolivar, la Brooklyn Chamber Orchestra de Nueva York, Sinf\u00f3nica de Castilla y Le\u00f3n,\u00a0 Ciudad de Almer\u00eda, la B\u00e9tica de C\u00e1mara, la filarmon\u00eda, la sinf\u00f3nica MDC, la sinf\u00f3nica UPM entre otras y he realizado grabaciones para Radio Nacional Cl\u00e1sica, RTVE y la radio BBC 3. Con formaci\u00f3n en Londres(Royal Academy of Music), Colonia (HFMT K\u00f6ln) y Barcelona, es ganadora de numerosos premios nacionales e internacionales.<\/p>\n<p>Las cr\u00edticas nacionales e internacionales han aclamado sus dos \u00e1lbumes junto a Eudora Records. AD ILLAM, es ganador de Mejor Grabaci\u00f3n 2022 de M\u00fasica Cl\u00e1sica en los premios M\u00e1s M\u00fasicas, finalista en los Premios de M\u00fasica Independiente 2022 y seleccionado como uno de los mejores discos de 2021 en La Hora Azul de Radio Cl\u00e1sica.<\/p>\n<p><img loading=\"lazy\" decoding=\"async\" width=\"819\" height=\"1024\" src=\"https:\/\/www.europesays.com\/es\/wp-content\/uploads\/2025\/09\/latingrammy_susana1-819x1024.jpg\" alt=\"\" class=\"wp-image-296363\"  \/><\/p>\n<p>Actualmente, acaba de sacar en septiembre su segundo \u00e1lbum, SISTERS OF THE MOON, que ha recibido el Mel\u00f3mano de Oro. Est\u00e1 seleccionado como \u00e1lbum de la semana en radio cl\u00e1sica Luxemburgo (opus 100.7) y nominado al Preis der Deutschen Schallplattenkritik (premio de la cr\u00edtica discogr\u00e1fica alemana) y premios de la Academia de la M\u00fasica de Espa\u00f1a 2025, adem\u00e1s de su \u00faltima nominaci\u00f3n para los Latin Grammy 2025.<\/p>\n<p>Algunas de sus composiciones se han estrenado en salas como el Wigmore Hall, la Royal Academy of Music, el Museo Jud\u00edo en Varsovia, el Queen Elizabeth Hall.., por las orquestas Milton Keynes, Aurora, Encore Chamber orchestra y otras agrupaciones profesionales.<\/p>\n<p> <strong>Sigue disfrutando de Dream Alcal\u00e1:<\/strong><\/p>\n<ul>\n<li><strong>Telegram:<\/strong> Recibe nuestras noticias y contenido exclusivo (<a href=\"https:\/\/t.me\/DreamAlcala\" target=\"_blank&quot;\" rel=\"nofollow\">clic aqu\u00ed<\/a>).<\/li>\n<li><strong>Newsletter:<\/strong> Recibe cada tarde un correo con nuestras \u00faltimas noticias (<a href=\"https:\/\/www.dream-alcala.com\/suscribete-a-dream-alcala\/\" rel=\"nofollow noopener\" target=\"_blank\">clic aqu\u00ed<\/a>). <\/li>\n<li><strong>YouTube:<\/strong> Suscr\u00edbete para ver nuestros mejores v\u00eddeos (<a href=\"https:\/\/www.youtube.com\/dreamalcala?sub_confirmation=1\" target=\"_blank&quot;\" rel=\"nofollow noopener\">clic aqu\u00ed<\/a>).<\/li>\n<\/ul>\n<p><a href=\"http:\/\/bit.ly\/TelegramRedaccion\" rel=\"nofollow noopener\" target=\"_blank\"><img decoding=\"async\" align=\"left\" src=\"https:\/\/www.europesays.com\/es\/wp-content\/uploads\/2025\/07\/Telegram_logo_20x20.png\"\/><\/a><strong>\u00a0S\u00e9 t\u00fa el periodista:<\/strong> env\u00edanos tus fotos o noticias <a href=\"http:\/\/bit.ly\/TelegramRedaccion\" rel=\"nofollow noopener\" target=\"_blank\">a trav\u00e9s de Telegram<\/a>.Nos encantar\u00eda conocer tu opini\u00f3n:<\/p>\n","protected":false},"excerpt":{"rendered":"El pasado septiembre de 2024, sali\u00f3 publicado el segundo \u00e1lbum de la pianista alcala\u00edna Susana G\u00f3mez V\u00e1zquez, \u2018Sisters&hellip;\n","protected":false},"author":2,"featured_media":123396,"comment_status":"","ping_status":"","sticky":false,"template":"","format":"standard","meta":{"footnotes":""},"categories":[170],"tags":[146,147,25,24,184,185,23],"class_list":{"0":"post-123395","1":"post","2":"type-post","3":"status-publish","4":"format-standard","5":"has-post-thumbnail","7":"category-musica","8":"tag-entertainment","9":"tag-entretenimiento","10":"tag-es","11":"tag-espana","12":"tag-music","13":"tag-musica","14":"tag-spain"},"share_on_mastodon":{"url":"","error":""},"_links":{"self":[{"href":"https:\/\/www.europesays.com\/es\/wp-json\/wp\/v2\/posts\/123395","targetHints":{"allow":["GET"]}}],"collection":[{"href":"https:\/\/www.europesays.com\/es\/wp-json\/wp\/v2\/posts"}],"about":[{"href":"https:\/\/www.europesays.com\/es\/wp-json\/wp\/v2\/types\/post"}],"author":[{"embeddable":true,"href":"https:\/\/www.europesays.com\/es\/wp-json\/wp\/v2\/users\/2"}],"replies":[{"embeddable":true,"href":"https:\/\/www.europesays.com\/es\/wp-json\/wp\/v2\/comments?post=123395"}],"version-history":[{"count":0,"href":"https:\/\/www.europesays.com\/es\/wp-json\/wp\/v2\/posts\/123395\/revisions"}],"wp:featuredmedia":[{"embeddable":true,"href":"https:\/\/www.europesays.com\/es\/wp-json\/wp\/v2\/media\/123396"}],"wp:attachment":[{"href":"https:\/\/www.europesays.com\/es\/wp-json\/wp\/v2\/media?parent=123395"}],"wp:term":[{"taxonomy":"category","embeddable":true,"href":"https:\/\/www.europesays.com\/es\/wp-json\/wp\/v2\/categories?post=123395"},{"taxonomy":"post_tag","embeddable":true,"href":"https:\/\/www.europesays.com\/es\/wp-json\/wp\/v2\/tags?post=123395"}],"curies":[{"name":"wp","href":"https:\/\/api.w.org\/{rel}","templated":true}]}}