{"id":123413,"date":"2025-09-18T16:40:11","date_gmt":"2025-09-18T16:40:11","guid":{"rendered":"https:\/\/www.europesays.com\/es\/123413\/"},"modified":"2025-09-18T16:40:11","modified_gmt":"2025-09-18T16:40:11","slug":"portal-de-noticias-del-gobierno-de-canarias-121","status":"publish","type":"post","link":"https:\/\/www.europesays.com\/es\/123413\/","title":{"rendered":"Portal de Noticias del Gobierno de Canarias"},"content":{"rendered":"<blockquote>\n<p>La consejera de Turismo y Empleo del Gobierno de Canarias particip\u00f3 este jueves en el Foro del peri\u00f3dico El Mundo La Espa\u00f1a Vertebrada<\/p>\n<\/blockquote>\n<p><strong>La consejera de Turismo y Empleo del Gobierno de Canarias, J\u00e9ssica de Le\u00f3n, manifest\u00f3 este jueves que \u201ces el momento de ser m\u00e1s ambiciosos y posicionar a Canarias como el referente en turismo regenerativo\u201d.<\/strong><\/p>\n<p>La consejera de Turismo y Empleo del Gobierno de Canarias, J\u00e9ssica de Le\u00f3n, manifest\u00f3 este jueves que \u201ces el momento de ser m\u00e1s ambiciosos y posicionar a Canarias como el referente en turismo regenerativo\u201d.<\/p>\n<p>De Le\u00f3n hizo estas declaraciones durante su participaci\u00f3n en el foro celebrado por el peri\u00f3dico El Mundo en Las Palmas de Gran Canaria, bajo el lema La Espa\u00f1a Vertebrada.<\/p>\n<p>La consejera a\u00f1adi\u00f3 que \u201cel cambio de modelo se llama turismo regenerativo, turismo consciente, turismo de m\u00e1s valor a\u00f1adido\u201d, y, en este sentido, se refiri\u00f3 \u201ca la preservaci\u00f3n de espacios; la mejor distribuci\u00f3n de los flujos; crear conciencia, involucrar al turista, e implicarlo, adem\u00e1s, en la experiencia de conservaci\u00f3n\u201d.<\/p>\n<p>\u201cPara ello\u201d, prosigui\u00f3, \u201clo \u00fanico que tenemos que hacer es replicar el modelo Lanzarote: cuarenta millones de euros de recaudaci\u00f3n en el cobro de precios p\u00fablicos y 728 puestos de trabajo\u201d.<\/p>\n<p>La rehabilitaci\u00f3n de la planta alojativa obsoleta es, a su juicio, otra de las acciones en el camino a ese turismo regenerativo. \u201cCanarias ya cuenta con el 80% de su planta alojativa entre cuatro y cinco estrellas, pero a\u00fan nos queda mucho camino por recorrer en ordenar la residencializaci\u00f3n y la p\u00e9rdida de camas extrahoteleras\u201d, manifest\u00f3.<\/p>\n<p>La consejera de Turismo y Empleo se refiri\u00f3 tambi\u00e9n a la nueva Ley de Ordenaci\u00f3n de Turismo de Canarias, actualmente en elaboraci\u00f3n y para la que no existe a\u00fan un borrador de texto, e hizo hincapi\u00e9 tambi\u00e9n en la Ley de Ordenaci\u00f3n del Uso Tur\u00edstico de Vivienda, en fase de enmiendas en el Parlamento de Canarias, \u201cque permitir\u00e1 dar seguridad jur\u00eddica y ordenar el fen\u00f3meno de las viviendas vacacionales: parar, inspeccionar, ordenar y seguir\u201d, explic\u00f3.<\/p>\n<p>En el \u00e1mbito empresarial, De Le\u00f3n destac\u00f3 el liderazgo de las empresas del sector y el apoyo de su Departamento hacia la transformaci\u00f3n, la innovaci\u00f3n y el conocimiento, de lo que subray\u00f3 sentirse \u201corgullosa de lo que hemos conseguido juntos\u201d. A este respecto, se\u00f1al\u00f3 que \u201cCanarias debe de ser l\u00edder en el mundo en formaci\u00f3n de profesionales y transformaci\u00f3n de empresas hacia la digitalizaci\u00f3n, la sostenibilidad y la competitividad\u201d.<\/p>\n<p>Por \u00faltimo, la consejera hizo alusi\u00f3n al \u2018Viaje a la Descarbonizaci\u00f3n\u2019, puesto en marcha por Turismo de Islas Canarias, y record\u00f3 que \u201cdesde el pasado 12 de junio medir la huella de carbono es obligatorio para las grandes empresas, para el sector p\u00fablico, pero tambi\u00e9n para pymes y micropymes\u201d.<\/p>\n<p>En este \u00e1mbito asegur\u00f3 que Canarias va por delante y esta iniciativa ha permitido formar, guiar y medir la huella de carbono de m\u00e1s de doscientas empresas canarias.<\/p>\n<p>J\u00e9ssica de Le\u00f3n anunci\u00f3 que el pr\u00f3ximo mes de noviembre ver\u00e1 la luz el centro Tecnol\u00f3gico y Tur\u00edstico Mila Gonz\u00e1lez: un hub para las empresas tecnol\u00f3gicas y tur\u00edsticas en el que formarse, experimentar y crear.<\/p>\n<p>\u201cSi queremos seguir incrementando el gasto tur\u00edstico en destino, nuestras pymes y aut\u00f3nomos deben crecer con el destino, con las nuevas formas de b\u00fasqueda, reserva y experiencia de nuestros clientes\u201d, a\u00f1adi\u00f3.<\/p>\n<p>A tal efecto, dijo, Turismo de Islas Canarias ha seleccionado ya a m\u00e1s de un centenar de empresas para testear su grado de transformaci\u00f3n tecnol\u00f3gica y que puedan comercializar su producto en el marketplace de Islas Canarias de forma gratuita.<\/p>\n<p>\u201cNecesitamos empresas competitivas, trabajadores formados y empleos de calidad\u201d, se\u00f1al\u00f3 y, adem\u00e1s, \u201cdebemos proteger a nuestros residentes, garantizar el acceso a la vivienda y mejorar la convivencia en nuestras ciudades tur\u00edsticas, y quiz\u00e1 esa convivencia, que hasta ahora nunca se puso en duda, sea hoy la m\u00e1s importante\u201d, concluy\u00f3.<\/p>\n","protected":false},"excerpt":{"rendered":"La consejera de Turismo y Empleo del Gobierno de Canarias particip\u00f3 este jueves en el Foro del peri\u00f3dico&hellip;\n","protected":false},"author":2,"featured_media":123414,"comment_status":"","ping_status":"","sticky":false,"template":"","format":"standard","meta":{"footnotes":""},"categories":[5],"tags":[17,18,25,24,13,14,11,19,20,9,10,15,16,23,12,21,22],"class_list":{"0":"post-123413","1":"post","2":"type-post","3":"status-publish","4":"format-standard","5":"has-post-thumbnail","7":"category-titulares","8":"tag-breaking-news","9":"tag-breakingnews","10":"tag-es","11":"tag-espana","12":"tag-featured-news","13":"tag-featurednews","14":"tag-headlines","15":"tag-latest-news","16":"tag-latestnews","17":"tag-news","18":"tag-noticias","19":"tag-noticias-destacadas","20":"tag-noticiasdestacadas","21":"tag-spain","22":"tag-titulares","23":"tag-ultimas-noticias","24":"tag-ultimasnoticias"},"share_on_mastodon":{"url":"","error":""},"_links":{"self":[{"href":"https:\/\/www.europesays.com\/es\/wp-json\/wp\/v2\/posts\/123413","targetHints":{"allow":["GET"]}}],"collection":[{"href":"https:\/\/www.europesays.com\/es\/wp-json\/wp\/v2\/posts"}],"about":[{"href":"https:\/\/www.europesays.com\/es\/wp-json\/wp\/v2\/types\/post"}],"author":[{"embeddable":true,"href":"https:\/\/www.europesays.com\/es\/wp-json\/wp\/v2\/users\/2"}],"replies":[{"embeddable":true,"href":"https:\/\/www.europesays.com\/es\/wp-json\/wp\/v2\/comments?post=123413"}],"version-history":[{"count":0,"href":"https:\/\/www.europesays.com\/es\/wp-json\/wp\/v2\/posts\/123413\/revisions"}],"wp:featuredmedia":[{"embeddable":true,"href":"https:\/\/www.europesays.com\/es\/wp-json\/wp\/v2\/media\/123414"}],"wp:attachment":[{"href":"https:\/\/www.europesays.com\/es\/wp-json\/wp\/v2\/media?parent=123413"}],"wp:term":[{"taxonomy":"category","embeddable":true,"href":"https:\/\/www.europesays.com\/es\/wp-json\/wp\/v2\/categories?post=123413"},{"taxonomy":"post_tag","embeddable":true,"href":"https:\/\/www.europesays.com\/es\/wp-json\/wp\/v2\/tags?post=123413"}],"curies":[{"name":"wp","href":"https:\/\/api.w.org\/{rel}","templated":true}]}}