{"id":123417,"date":"2025-09-18T16:42:17","date_gmt":"2025-09-18T16:42:17","guid":{"rendered":"https:\/\/www.europesays.com\/es\/123417\/"},"modified":"2025-09-18T16:42:17","modified_gmt":"2025-09-18T16:42:17","slug":"algemesi-a-pesar-de-todo-avance-taurino","status":"publish","type":"post","link":"https:\/\/www.europesays.com\/es\/123417\/","title":{"rendered":"Algemes\u00ed, a pesar de todo \u2013 Avance Taurino"},"content":{"rendered":"<p>El a\u00f1o pasado, Algemes\u00ed qued\u00f3 asolado por la Dana. Pero gracias a Dios, y al\u00a0impulso y al esfuerzo de los algemesinenses\u00a0y el sector taurino, que ha echado una mano, cuando el pr\u00f3ximo\u00a0s\u00e1bado, d\u00eda\u00a020 de septiembre, las manecillas del reloj de la Bas\u00edlica de San Jaime marquen\u00a0las seis de la tarde, que no\u00a0las cinco y media como era tradicional, comenzar\u00e1\u00a0\u00a0una nueva edici\u00f3n de la tradicional feria de novilladas de esta localidad ribere\u00f1a.\u00a0Un ciclo\u00a0de gran tradici\u00f3n, que supone una bocanada de aire fresco en la promoci\u00f3n de la fiesta en estos tiempos.<\/p>\n<p>\u00a0<\/p>\n<p>La conocida como setmana de bous constar\u00e1\u00a0de seis novilladas picadas, un festival taurino, dos festejos de promoci\u00f3n con\u00a0participaci\u00f3n\u00a0de alumnos de las escuelas de tauromaquia y una clase pr\u00e1ctica.\u00a0Del aspecto organizativo se encarga una Comisi\u00f3n Taurina,\u00a0formada por representantes elegidos entre las distintas pe\u00f1as cadafaleras. La comisi\u00f3n \u00a0a cuyo frente est\u00e1 Alberto Fern\u00e1ndez, ha\u00a0tirado este a\u00f1o 2025\u00a0para delante en un esfuerzo m\u00e1s que plausible, y ofrece de nuevo\u00a0una feria de elevado nivel.<\/p>\n<p>\u00a0<\/p>\n<p>El dinero para sufragar los gastos de organizaci\u00f3n se obtuvo\u00a0de la subasta de los 29\u00a0cadafales que componen la plaza. Este\u00a0a\u00f1o, debido a\u00a0las especiales circunstancias de la situaci\u00f3n, se logr\u00f3\u00a0una recaudaci\u00f3n de un\u00a040 % menos que a\u00f1os precedentes. A pesar de ello, la comisi\u00f3n tir\u00f3 para adelante y ganader\u00edas y toreros han sido solidarios y han aceptado este reajuste de cotizaci\u00f3n.<\/p>\n<p>\u00a0<\/p>\n<p>No existe taquilla oficial, \u00a0y\u00a0cada una de las pe\u00f1as se encarga de la venta de sus propias entradas, al precio que estiman conveniente. Un pe\u00f1ista, apostado en\u00a0escalerilla que da acceso al cadafal, vende los boletos. En una mano, un pu\u00f1ado de localidades y en la otra una bolsa\u00a0para guardar los dineros.<\/p>\n<p>\u00a0<\/p>\n<p>Los festejos se desarrollan en el incomparable marco que, en la plaza mayor de la ciudad, conforma un palenque de madera compuesto por el montaje de las citadas pe\u00f1as, lo que supone todo un cuasi inveros\u00edmil prodigio arquitect\u00f3nico. Son los propios cadafaleros quienes se encargan de levantar su parte del coso, de forma cuasi trapezoidal,\u00a0bajo la atenta mirada del t\u00e9cnico de plaza y bajo la supervisi\u00f3n del aparejador y del arquitecto municipal. El recinto se divide en 29 gradas o cadafales.<\/p>\n<p>\u00a0<\/p>\n<p>La presidencia de los festejos se encuentra en el balc\u00f3n de la casa consistorial y el reloj de la torre de la bas\u00edlica se\u00f1ala la hora del comienzo de los festejos, cuyo claustro tambi\u00e9n se utiliza como capilla de la plaza. Un recinto que cuenta tambi\u00e9n con un amplio tendido de los sastres, conformado por los balcones de los edificios de viviendas que existen en la misma\u00a0plaza mayor.\u00a0A las ocho de la ma\u00f1ana de cada d\u00eda tiene\u00a0lugar un encierro con los novillos de la tarde, que recorren 300 metros desde los corrales \u00a0hasta la plaza, como reminiscencia de lo que en su tiempo era la entr\u00e1. Y el viernes 19 tendr\u00e1 lugar por la tarde el tradicional chupinazo que supone comienzo de las fiestas.<\/p>\n<p>\u00a0<\/p>\n<p>Una fiesta en la que toma parte toda la poblaci\u00f3n en pleno, de todas las edades y estratos sociales. La plaza se llenar\u00e1 en\u00a0los\u00a0diez festejos programados, algo que en los tiempos que corren supone todo un hito. Y con una notable presencia de gente joven. Todo un lujo. Un regalo para el aficionado. Y como siembra de afici\u00f3n y cantera.<\/p>\n<p>\u00a0<\/p>\n<p>En\u00a0los carteles de este a\u00f1o, ganader\u00edas de prestigio y los principales espadas del escalaf\u00f3n novilleril. Entre las ganader\u00edas, no faltar\u00e1n cl\u00e1sicos en Algemes\u00ed, como Cebada Gago, Lagunajana\u00a0\u00a0o Daniel Ramos, entre otros.\u00a0Y este a\u00f1o, con amplia presencia de toreros de Algemes\u00ed, donde ha surgido una numerosa y esperanzadora cantera. Juan Alberto Torrijos har\u00e1 doblete como novillero\u00a0con picadores. Hugo Masi\u00e1 torear\u00e1 una de las novilladas\u00a0sin picadores, Iker Rodriguez est\u00e1 anunciado\u00a0en el festival que cierra la feria junto con el ya matador\u00a0de toros\u00a0Nek Romero. Otros espadas de la tierra\u00a0actuar\u00e1n en la matinal del domingo 21, como\u00a0Juan de Roc\u00edo,\u00a0V\u00edctor Roig,\u00a0\u00c1lex Casas,\u00a0Claudia Bravo\u00a0y\u00a0Ra\u00fal Oroval<strong>.<\/strong><strong>\u00a0<\/strong>Incluso la ganader\u00eda de Pujol G\u00f3mez lidiar\u00e1 sus astados tambi\u00e9n en este festejo. No se puede pedir m\u00e1s.<\/p>\n<p>Algemes\u00ed, siempre.<\/p>\n","protected":false},"excerpt":{"rendered":"El a\u00f1o pasado, Algemes\u00ed qued\u00f3 asolado por la Dana. Pero gracias a Dios, y al\u00a0impulso y al esfuerzo&hellip;\n","protected":false},"author":2,"featured_media":123418,"comment_status":"","ping_status":"","sticky":false,"template":"","format":"standard","meta":{"footnotes":""},"categories":[277],"tags":[373,168,25,24,23,167,374],"class_list":{"0":"post-123417","1":"post","2":"type-post","3":"status-publish","4":"format-standard","5":"has-post-thumbnail","7":"category-toreo","8":"tag-bullfighting","9":"tag-deportes","10":"tag-es","11":"tag-espana","12":"tag-spain","13":"tag-sports","14":"tag-toreo"},"share_on_mastodon":{"url":"","error":""},"_links":{"self":[{"href":"https:\/\/www.europesays.com\/es\/wp-json\/wp\/v2\/posts\/123417","targetHints":{"allow":["GET"]}}],"collection":[{"href":"https:\/\/www.europesays.com\/es\/wp-json\/wp\/v2\/posts"}],"about":[{"href":"https:\/\/www.europesays.com\/es\/wp-json\/wp\/v2\/types\/post"}],"author":[{"embeddable":true,"href":"https:\/\/www.europesays.com\/es\/wp-json\/wp\/v2\/users\/2"}],"replies":[{"embeddable":true,"href":"https:\/\/www.europesays.com\/es\/wp-json\/wp\/v2\/comments?post=123417"}],"version-history":[{"count":0,"href":"https:\/\/www.europesays.com\/es\/wp-json\/wp\/v2\/posts\/123417\/revisions"}],"wp:featuredmedia":[{"embeddable":true,"href":"https:\/\/www.europesays.com\/es\/wp-json\/wp\/v2\/media\/123418"}],"wp:attachment":[{"href":"https:\/\/www.europesays.com\/es\/wp-json\/wp\/v2\/media?parent=123417"}],"wp:term":[{"taxonomy":"category","embeddable":true,"href":"https:\/\/www.europesays.com\/es\/wp-json\/wp\/v2\/categories?post=123417"},{"taxonomy":"post_tag","embeddable":true,"href":"https:\/\/www.europesays.com\/es\/wp-json\/wp\/v2\/tags?post=123417"}],"curies":[{"name":"wp","href":"https:\/\/api.w.org\/{rel}","templated":true}]}}