{"id":123423,"date":"2025-09-18T16:47:10","date_gmt":"2025-09-18T16:47:10","guid":{"rendered":"https:\/\/www.europesays.com\/es\/123423\/"},"modified":"2025-09-18T16:47:10","modified_gmt":"2025-09-18T16:47:10","slug":"lewis-hamilton-del-sentirse-inutil-al-sueno-de-ganar-un-titulo-con-ferrari","status":"publish","type":"post","link":"https:\/\/www.europesays.com\/es\/123423\/","title":{"rendered":"Lewis Hamilton: del \u201csentirse in\u00fatil\u201d al sue\u00f1o de ganar un t\u00edtulo con Ferrari"},"content":{"rendered":"<p>Lewis Hamilton atraviesa una dura primera temporada con Ferrari, pero mantiene firme su objetivo: devolver a Maranello un t\u00edtulo mundial de F\u00f3rmula 1.<\/p>\n<p>Un debut dif\u00edcil en Ferrari<\/p>\n<p>El fichaje de <strong>Lewis Hamilton por Ferrari<\/strong> gener\u00f3 una ilusi\u00f3n enorme en Maranello y en todo el mundo de la F\u00f3rmula 1. Sin embargo, su primera temporada con el equipo italiano est\u00e1 lejos de ser un camino de rosas. El siete veces campe\u00f3n del mundo toc\u00f3 fondo en el <strong>GP de Hungr\u00eda<\/strong>, donde lleg\u00f3 a decir que se sent\u00eda un \u201cin\u00fatil\u201d y que el equipo \u201cdeber\u00eda cambiar de piloto\u201d.<\/p>\n<p>A sus 40 a\u00f1os, el brit\u00e1nico vive momentos de frustraci\u00f3n, pero no pierde de vista su objetivo principal: <strong>lograr un t\u00edtulo mundial con Ferrari<\/strong>, un sue\u00f1o que no se cumple en la escuder\u00eda desde 2008, cuando conquistaron el Mundial de Constructores.<\/p>\n<p>La emoci\u00f3n de vestir de rojo<\/p>\n<p>En una entrevista con <strong>L\u2019\u00c9quipe<\/strong>, Hamilton confes\u00f3 lo especial que fue su primer d\u00eda en Maranello:<\/p>\n<p>\u201cNunca lo olvidar\u00e9. Incluso me entristece pensar que ese d\u00eda ya pas\u00f3, pero espero revivirlo el a\u00f1o que viene. Conducir un Ferrari despierta una emoci\u00f3n \u00fanica, no hay ninguna otra marca en el mundo que genere lo mismo\u201d.<\/p>\n<p>Hamilton reconoci\u00f3 que el peso de la historia del Cavallino Rampante amplifica todo lo que vive como piloto: cada \u00e9xito, cada error y cada expectativa.<\/p>\n<p><img alt=\"Article image:Lewis Hamilton: del \u201csentirse in\u00fatil\u201d al sue\u00f1o de ganar un t\u00edtulo con Ferrari\" decoding=\"async\" height=\"157.62962962962962\" loading=\"lazy\" src=\"https:\/\/www.europesays.com\/es\/wp-content\/uploads\/2025\/09\/transform\" width=\"280\" class=\"ImageWithSets_of-image__img__pezo7 ImageWrapper_media-container__image__Rd2_F\" importance=\"low\"\/><\/p>\n<p>(Photo by Joe Portlock\/Getty Images)<\/p>\n<p>El reto de continuar un legado<\/p>\n<p>Grandes nombres como <strong>Fernando Alonso<\/strong> y <strong>Sebastian Vettel<\/strong> pasaron por Ferrari sin lograr el campeonato. Hamilton lo sabe y por ello da a\u00fan m\u00e1s valor a su desaf\u00edo.<\/p>\n<p>Aunque asegura que no ha conversado con Alonso ni con Vettel sobre esta experiencia, reconoce al alem\u00e1n como un gran apoyo personal:<\/p>\n<p>\u201cSeb ha sido realmente incre\u00edble y un muy buen amigo a lo largo de los a\u00f1os\u201d.<\/p>\n<p>El golpe de 2021 y la resiliencia<\/p>\n<p>Hamilton tambi\u00e9n record\u00f3 la dolorosa derrota del campeonato de 2021 frente a <strong>Max Verstappen en Abu Dhabi<\/strong>, un episodio que lo marc\u00f3 profundamente:<\/p>\n<p>\u201cNunca se borran los recuerdos. Fueron 900 d\u00edas de levantarse, caer y volver a levantarse. Me aferr\u00e9 a la \u00faltima gota de esperanza y vali\u00f3 la pena\u201d.<\/p>\n<p>El piloto brit\u00e1nico volvi\u00f3 a ganar una carrera en <strong>Silverstone 2024<\/strong>, un triunfo que describi\u00f3 como un renacer:<\/p>\n<p>\u201cFue genial compartirlo con mi familia, mi equipo y la afici\u00f3n en casa. Despu\u00e9s de tanto, fue realmente especial\u201d.<\/p>\n<p>Pese a no conquistar el t\u00edtulo ese a\u00f1o, Hamilton considera que <strong>2021 fue una de sus mejores temporadas<\/strong>, por la fortaleza mental y el empuje final que mostr\u00f3 con un coche sin mejoras.<\/p>\n<p><a class=\"PublisherImprintLink_container__RL6Zd title-7-medium\" href=\"https:\/\/panamagol.com\/contacto\" rel=\"noreferrer nofollow noopener\" target=\"_blank\"><img alt=\"\" decoding=\"async\" loading=\"lazy\" width=\"24\" height=\"24\" data-nimg=\"1\" style=\"color:transparent\"  src=\"https:\/\/image-service.onefootball.com\/transform?w=48&amp;dpr=2&amp;image=https:\/\/images.onefootball.com\/cw\/icons\/info-light.svg\"\/>View publisher imprint<\/a>Share this article<img alt=\"string\" decoding=\"async\" loading=\"lazy\" width=\"24\" height=\"24\" data-nimg=\"1\" class=\"Snackbar_iconImage__XXOz2\" style=\"color:transparent\"  src=\"https:\/\/image-service.onefootball.com\/transform?w=48&amp;dpr=2&amp;image=https:\/\/images.onefootball.com\/cw\/icons\/close-light.svg\"\/><\/p>\n","protected":false},"excerpt":{"rendered":"Lewis Hamilton atraviesa una dura primera temporada con Ferrari, pero mantiene firme su objetivo: devolver a Maranello un&hellip;\n","protected":false},"author":2,"featured_media":123424,"comment_status":"","ping_status":"","sticky":false,"template":"","format":"standard","meta":{"footnotes":""},"categories":[270],"tags":[168,25,24,306,271,272,23,167],"class_list":{"0":"post-123423","1":"post","2":"type-post","3":"status-publish","4":"format-standard","5":"has-post-thumbnail","7":"category-formula-1","8":"tag-deportes","9":"tag-es","10":"tag-espana","11":"tag-f1","12":"tag-formula-1","13":"tag-formula1","14":"tag-spain","15":"tag-sports"},"share_on_mastodon":{"url":"","error":""},"_links":{"self":[{"href":"https:\/\/www.europesays.com\/es\/wp-json\/wp\/v2\/posts\/123423","targetHints":{"allow":["GET"]}}],"collection":[{"href":"https:\/\/www.europesays.com\/es\/wp-json\/wp\/v2\/posts"}],"about":[{"href":"https:\/\/www.europesays.com\/es\/wp-json\/wp\/v2\/types\/post"}],"author":[{"embeddable":true,"href":"https:\/\/www.europesays.com\/es\/wp-json\/wp\/v2\/users\/2"}],"replies":[{"embeddable":true,"href":"https:\/\/www.europesays.com\/es\/wp-json\/wp\/v2\/comments?post=123423"}],"version-history":[{"count":0,"href":"https:\/\/www.europesays.com\/es\/wp-json\/wp\/v2\/posts\/123423\/revisions"}],"wp:featuredmedia":[{"embeddable":true,"href":"https:\/\/www.europesays.com\/es\/wp-json\/wp\/v2\/media\/123424"}],"wp:attachment":[{"href":"https:\/\/www.europesays.com\/es\/wp-json\/wp\/v2\/media?parent=123423"}],"wp:term":[{"taxonomy":"category","embeddable":true,"href":"https:\/\/www.europesays.com\/es\/wp-json\/wp\/v2\/categories?post=123423"},{"taxonomy":"post_tag","embeddable":true,"href":"https:\/\/www.europesays.com\/es\/wp-json\/wp\/v2\/tags?post=123423"}],"curies":[{"name":"wp","href":"https:\/\/api.w.org\/{rel}","templated":true}]}}