{"id":123426,"date":"2025-09-18T16:49:08","date_gmt":"2025-09-18T16:49:08","guid":{"rendered":"https:\/\/www.europesays.com\/es\/123426\/"},"modified":"2025-09-18T16:49:08","modified_gmt":"2025-09-18T16:49:08","slug":"uriarte-da-marcha-atras-y-dice-ahora-que-no-se-plantea-aumentar-el-aforo-de-san-mames","status":"publish","type":"post","link":"https:\/\/www.europesays.com\/es\/123426\/","title":{"rendered":"Uriarte da marcha atr\u00e1s y dice ahora que no se plantea aumentar el aforo de San Mam\u00e9s"},"content":{"rendered":"<p>Doce a\u00f1os despu\u00e9s de su estreno, San Mam\u00e9s se ha quedado peque\u00f1o para el Athletic. Jon Uriarte abri\u00f3 el martes poco antes de medirse al  &#8230; Arsenal la puerta a una ampliaci\u00f3n de uno de los mayores s\u00edmbolos de la identidad rojiblanca. \u00abVeremos si en alg\u00fan momento acometemos una obra mayor con una inversi\u00f3n muy fuerte para ampliar el estadio\u00bb, lanz\u00f3 a modo de globo sonda.<\/p>\n<p><a href=\"http:\/\/www.elcorreo.com\/athletic\/dijo-uriarte-sobre-posible-ampliacion-san-mames-20250918141507-nt.html#vtm_modulosEngag=mod-rel:athletic:noticia:1:cmp:1-not\" class=\"v-a-link\" title=\"Esto dijo Uriarte sobre la posible ampliaci\u00f3n de San Mam\u00e9s en la previa del partido de Champions\" rel=\"nofollow noopener\" target=\"_blank\"><br \/>\n<img decoding=\"async\" loading=\"lazy\" src=\"https:\/\/www.europesays.com\/es\/wp-content\/uploads\/2025\/09\/uriarte-ampliacion-U2201788860509kqH-U2302972595108hkB-258x180@El Correo.jpg\" class=\"v-a-img\" width=\"258\" height=\"180\" alt=\"Esto dijo Uriarte sobre la posible ampliaci\u00f3n de San Mam\u00e9s en la previa del partido de Champions\"\/><\/p>\n<p><\/a><\/p>\n<p class=\"v-p\">Hay razones por las que merece la pena analizar el asunto. Hay 7.000 personas en la lista de espera para hacerse socios, hay partidos que se quedan sin entradas a la venta y esta campa\u00f1a ha llevado al estadio a una media de 49.508 espectadores, cerca de completar el aforo de 53.331.<\/p>\n<p class=\"v-p\">El presidente del Athletic ha dado marcha atr\u00e1s hoy en San Mam\u00e9s al destacar que su junta directiva no se plantea en estos momentos ir a un aumento del aforo de 3.000 personas, previsto en el proyecto, y ha rebajado su gesti\u00f3n en este asunto en \u00abtratar de aumentar las localidades de San Mam\u00e9s con las limitaciones que ahora tenemos\u00bb.<\/p>\n<p class=\"v-p\">\u00abEn ning\u00fan momento estamos pensando en hacer una inversi\u00f3n millonaria con unas obras de cualquier tipo para aumentar el aforo. No es algo que se haya planteado\u00bb, zanj\u00f3 rotundo. Por tanto, no hay un plan para poner en pr\u00e1ctica un aumento de San Mam\u00e9s, lo que deja la sensaci\u00f3n de que el presidente improvis\u00f3 cuando coloc\u00f3 el asunto sobre la mesa.<\/p>\n<p>Disculpas<\/p>\n<p class=\"v-p\">Uriarte pidi\u00f3 hasta en dos ocasiones disculpas \u00absi no me expliqu\u00e9 bien o no se me entendi\u00f3 bien\u00bb cuando este peri\u00f3dico le pidi\u00f3 detalles sobre el proyecto de aumentar el aforo de San Mam\u00e9s. El presidente sab\u00eda que la pregunta iba a ser planteada y ten\u00eda a mano <a href=\"https:\/\/www.elcorreo.com\/athletic\/dijo-uriarte-sobre-posible-ampliacion-san-mames-20250918141507-nt.html\" data-voc-vtm-id=\"in-text-traffic\" title=\"sus declaraciones textuales\" rel=\"nofollow noopener\" target=\"_blank\">sus declaraciones textuales<\/a>, que ley\u00f3, incluido el momento en el que lanz\u00f3 \u00abveremos si en alg\u00fan momento acometemos una obra mayor con una inversi\u00f3n muy fuerte para ampliar el estadio\u00bb.<\/p>\n<p class=\"v-p\">Pese a la marcha atr\u00e1s, Uriarte ha logrado algo. El asunto de una ampliaci\u00f3n de San Mam\u00e9s ya est\u00e1 en la agenda del Athletic a la espera de que alg\u00fan equipo de gobierno d\u00e9 un paso m\u00e1s all\u00e1 y elabore un proyecto sobre el asunto.<\/p>\n<p class=\"v-p\">De hecho, el presidente indic\u00f3 que no puede ofrecer soporte a las peticiones que recibe el club. \u00abTenemos una fuerte demanda de personas que quieren entrar como socios (la lista de espera llega a 7.000 aficionados), de personas que quieren comprar una entrada o las que son del Club Athletic y tiene preferencia para adquirir localidades\u00bb, resumi\u00f3.<\/p>\n<p class=\"v-p\">Y al poco a\u00f1adi\u00f3 los problemas de oferta que tiene el club por la falta de espacio en San Mam\u00e9s. \u00abEl estadio est\u00e1 pr\u00e1cticamente completo. No hay papel a la venta, no se pueden atender estas peticiones\u00bb, de personas que quieran comprar entradas, advirti\u00f3.<\/p>\n<p>Las 10 localidades<\/p>\n<p class=\"v-p\">Pero, eso s\u00ed, de inmediato aclar\u00f3 que con lo \u00fanico con lo que trabaja en estos momentos su junta directiva es en \u00abtratar de optimizar el estadio que tenemos. Es un trabajo del d\u00eda a d\u00eda. Es como si dijera que movemos gente del equipo de trabajo de Ibaigane a San Mam\u00e9s o Lezama\u00bb.<\/p>\n<p class=\"v-p\">Eso s\u00ed, su lado m\u00e1s pele\u00f3n con los medios tambi\u00e9n sali\u00f3 cuando dijo en un par de ocasiones que sus reflexi\u00f3n sobre San Mam\u00e9s no \u00abes una noticia o que acapare titulares que se aumente en diez localidades el aforo, como pas\u00f3 la pasada campa\u00f1a o va a pasar en esta con alguna entrada m\u00e1s\u00bb.<\/p>\n","protected":false},"excerpt":{"rendered":"Doce a\u00f1os despu\u00e9s de su estreno, San Mam\u00e9s se ha quedado peque\u00f1o para el Athletic. Jon Uriarte abri\u00f3&hellip;\n","protected":false},"author":2,"featured_media":123427,"comment_status":"","ping_status":"","sticky":false,"template":"","format":"standard","meta":{"footnotes":""},"categories":[268],"tags":[5306,168,25,24,280,6058,282,921,23980,2399,2812,10732,40451,2228,281,23,167,1356],"class_list":{"0":"post-123426","1":"post","2":"type-post","3":"status-publish","4":"format-standard","5":"has-post-thumbnail","7":"category-futbol","8":"tag-ampliacion","9":"tag-deportes","10":"tag-es","11":"tag-espana","12":"tag-football","13":"tag-frena","14":"tag-futbol","15":"tag-inversion","16":"tag-mames","17":"tag-millonaria","18":"tag-momento","19":"tag-ningun","20":"tag-pensando","21":"tag-san","22":"tag-soccer","23":"tag-spain","24":"tag-sports","25":"tag-uriarte"},"share_on_mastodon":{"url":"","error":""},"_links":{"self":[{"href":"https:\/\/www.europesays.com\/es\/wp-json\/wp\/v2\/posts\/123426","targetHints":{"allow":["GET"]}}],"collection":[{"href":"https:\/\/www.europesays.com\/es\/wp-json\/wp\/v2\/posts"}],"about":[{"href":"https:\/\/www.europesays.com\/es\/wp-json\/wp\/v2\/types\/post"}],"author":[{"embeddable":true,"href":"https:\/\/www.europesays.com\/es\/wp-json\/wp\/v2\/users\/2"}],"replies":[{"embeddable":true,"href":"https:\/\/www.europesays.com\/es\/wp-json\/wp\/v2\/comments?post=123426"}],"version-history":[{"count":0,"href":"https:\/\/www.europesays.com\/es\/wp-json\/wp\/v2\/posts\/123426\/revisions"}],"wp:featuredmedia":[{"embeddable":true,"href":"https:\/\/www.europesays.com\/es\/wp-json\/wp\/v2\/media\/123427"}],"wp:attachment":[{"href":"https:\/\/www.europesays.com\/es\/wp-json\/wp\/v2\/media?parent=123426"}],"wp:term":[{"taxonomy":"category","embeddable":true,"href":"https:\/\/www.europesays.com\/es\/wp-json\/wp\/v2\/categories?post=123426"},{"taxonomy":"post_tag","embeddable":true,"href":"https:\/\/www.europesays.com\/es\/wp-json\/wp\/v2\/tags?post=123426"}],"curies":[{"name":"wp","href":"https:\/\/api.w.org\/{rel}","templated":true}]}}