{"id":123432,"date":"2025-09-18T16:53:07","date_gmt":"2025-09-18T16:53:07","guid":{"rendered":"https:\/\/www.europesays.com\/es\/123432\/"},"modified":"2025-09-18T16:53:07","modified_gmt":"2025-09-18T16:53:07","slug":"netflix-pone-fecha-de-estreno-y-avanza-imagenes-de-el-cuco-de-cristal-su-nueva-serie-de-una-novela-de-javier-castillo","status":"publish","type":"post","link":"https:\/\/www.europesays.com\/es\/123432\/","title":{"rendered":"Netflix pone fecha de estreno y avanza im\u00e1genes de &#8216;El cuco de cristal&#8217;, su nueva serie de una novela de Javier Castillo"},"content":{"rendered":"<p class=\"article-text\">\n        <strong>Netflix <\/strong>ha desvelado las primeras im\u00e1genes de <strong>El cuco de cristal<\/strong>, su nueva serie espa\u00f1ola basada en la novela hom\u00f3nima de <strong>Javier Castillo<\/strong>. Asimismo, la plataforma de streaming tambi\u00e9n ha confirmado la <strong>fecha de estreno<\/strong>: ser\u00e1 el <strong>viernes 14 de noviembre<\/strong> cuando los espectadores puedan ser part\u00edcipes de la historia que envuelve a la protagonista Clara Merlo.\n    <\/p>\n<p class=\"article-text\">\n        En esta ocasi\u00f3n,<strong> Catalina Sopelana<\/strong> se pone en la piel de Clara. La joven, que ejerce como residente de primer a\u00f1o, sufre un infarto y necesitar\u00e1 de un trasplante de coraz\u00f3n. Los m\u00e9dicos consiguen salvar su vida, pero de pronto siente la necesidad de conocer qui\u00e9n fue el donante. Comenzar\u00e1 entonces una b\u00fasqueda rodeada de inc\u00f3gnitas y enigmas.\n    <\/p>\n<p class=\"article-text\">\n        Esta historia cuenta con un reparto encabezado por la mencionada Sopelana, conocida por haber participado en otras producciones como El jardinero o El vecino. Estar\u00e1 acompa\u00f1ada de otros actores y actrices como <strong>Alex Garc\u00eda\u00a0<\/strong>(Sagrada familia, El inmortal),\u00a0<strong>Itziar Itu\u00f1o<\/strong>\u00a0(Berl\u00edn, La casa de papel),\u00a0<strong>Iv\u00e1n Massagu\u00e9<\/strong>\u00a0(El hoyo),\u00a0<strong>Alfons Nieto<\/strong>\u00a0(El cuerpo en llamas, \u00c9lite)\u00a0y\u00a0<strong>Tom\u00e1s del Estal\u00a0<\/strong>(Clanes). Los seis\n    <\/p>\n<p class=\"article-text\">\n        La producci\u00f3n de El cuco de cristal, que consta de seis cap\u00edtulos, corre a cargo de <strong>At\u00edpica Films<\/strong> para Netflix. El sello cuenta con producciones de renombre en el \u00e1mbito cinematogr\u00e1fico como La isla m\u00ednima, Primos o Grupo 7. En plataformas, est\u00e1 detr\u00e1s de \u00e9xitos recientes como La chica de nieve 2 o Enemigos (Prime Video). La <strong>direcci\u00f3n <\/strong>de la serie corre a cargo de <strong>Laura Alvea<\/strong> y <strong>Juan Miguel del Castillo<\/strong>, y la <strong>adaptaci\u00f3n <\/strong>es obra de <strong>Jes\u00fas Mesas\u00a0<\/strong>y\u00a0<strong>Javier Andr\u00e9s Roig<\/strong>.\n    <\/p>\n<p>    As\u00ed es la sinopsis de la serie<\/p>\n<p class=\"article-text\">\n        El cuco de cristal\u00a0narra la historia de Clara Merlo (Catalina Sopelana), m\u00e9dico residente de primer a\u00f1o, que sufre un <strong>infarto fulminante<\/strong>. Un <strong>trasplante de coraz\u00f3n<\/strong> le da una segunda oportunidad, pero tambi\u00e9n despierta en ella una inquietud imposible de ignorar: necesita saber<strong> qui\u00e9n fue su donante<\/strong>. Su b\u00fasqueda la lleva a un peque\u00f1o y enigm\u00e1tico pueblo, donde descubre que el coraz\u00f3n que ahora late en su pecho pertenec\u00eda a un joven envuelto en una tragedia a\u00fan no resuelta. La llegada de Clara al pueblo marcar\u00e1 el inicio de una serie de acontecimientos que pondr\u00e1n <strong>al descubierto un pasado<\/strong> que muchos cre\u00edan sepultado para siempre.\n    <\/p>\n<p>    Las primeras fotos de &#8216;El cuco de cristal&#8217;<\/p>\n","protected":false},"excerpt":{"rendered":"Netflix ha desvelado las primeras im\u00e1genes de El cuco de cristal, su nueva serie espa\u00f1ola basada en la&hellip;\n","protected":false},"author":2,"featured_media":123433,"comment_status":"","ping_status":"","sticky":false,"template":"","format":"standard","meta":{"footnotes":""},"categories":[171],"tags":[39100,40452,146,147,25,24,1055,1151,1641,152,1640,23,214],"class_list":{"0":"post-123432","1":"post","2":"type-post","3":"status-publish","4":"format-standard","5":"has-post-thumbnail","7":"category-tv","8":"tag-cristal","9":"tag-cuco","10":"tag-entertainment","11":"tag-entretenimiento","12":"tag-es","13":"tag-espana","14":"tag-estreno","15":"tag-fecha","16":"tag-imagenes","17":"tag-netflix","18":"tag-primeras","19":"tag-spain","20":"tag-tv"},"share_on_mastodon":{"url":"","error":""},"_links":{"self":[{"href":"https:\/\/www.europesays.com\/es\/wp-json\/wp\/v2\/posts\/123432","targetHints":{"allow":["GET"]}}],"collection":[{"href":"https:\/\/www.europesays.com\/es\/wp-json\/wp\/v2\/posts"}],"about":[{"href":"https:\/\/www.europesays.com\/es\/wp-json\/wp\/v2\/types\/post"}],"author":[{"embeddable":true,"href":"https:\/\/www.europesays.com\/es\/wp-json\/wp\/v2\/users\/2"}],"replies":[{"embeddable":true,"href":"https:\/\/www.europesays.com\/es\/wp-json\/wp\/v2\/comments?post=123432"}],"version-history":[{"count":0,"href":"https:\/\/www.europesays.com\/es\/wp-json\/wp\/v2\/posts\/123432\/revisions"}],"wp:featuredmedia":[{"embeddable":true,"href":"https:\/\/www.europesays.com\/es\/wp-json\/wp\/v2\/media\/123433"}],"wp:attachment":[{"href":"https:\/\/www.europesays.com\/es\/wp-json\/wp\/v2\/media?parent=123432"}],"wp:term":[{"taxonomy":"category","embeddable":true,"href":"https:\/\/www.europesays.com\/es\/wp-json\/wp\/v2\/categories?post=123432"},{"taxonomy":"post_tag","embeddable":true,"href":"https:\/\/www.europesays.com\/es\/wp-json\/wp\/v2\/tags?post=123432"}],"curies":[{"name":"wp","href":"https:\/\/api.w.org\/{rel}","templated":true}]}}