{"id":123436,"date":"2025-09-18T16:55:09","date_gmt":"2025-09-18T16:55:09","guid":{"rendered":"https:\/\/www.europesays.com\/es\/123436\/"},"modified":"2025-09-18T16:55:09","modified_gmt":"2025-09-18T16:55:09","slug":"angelina-jolie-sorpresa-de-ultima-hora-en-el-zinemaldia","status":"publish","type":"post","link":"https:\/\/www.europesays.com\/es\/123436\/","title":{"rendered":"Angelina Jolie, sorpresa de \u00faltima hora en el Zinemaldia"},"content":{"rendered":"<p class=\"article-body__text \">\n        A un d\u00eda de que arranque la 73\u00aa edici\u00f3n, el festival dirigido por <strong>Jos\u00e9 Luis Rebordinos<\/strong> ha soltado un bombazo al confirmar la presencia de una de las actrices m\u00e1s conocidas internacionalmente. La tambi\u00e9n directora, productora, empresaria y fil\u00e1ntropa, recalar\u00e1 en Donostia <strong>junto a Louis Garrel y Garance Marillier <\/strong>para presentar\u00a0Couture, la pel\u00edcula de <strong>Alice Winocour<\/strong> incluida en la Secci\u00f3n Oficial. En principio, la proyecci\u00f3n de la pel\u00edcula iba a estar defendida por su directora, junto a las actrices Anyier Anei y Ella Rumpf. Pero en el \u00faltimo momento se ha confirmado la presencia tambi\u00e9n de Jolie, junto a los actores franceses Louis Garrel y Garance Marillier.\n<\/p>\n<p class=\"article-body__text \">\n        De este modo, la pel\u00edcula de Winocour contar\u00e1 con una importante representaci\u00f3n para su estreno en Donostia. Ambientada en plena vor\u00e1gine de la <strong>Semana de la Moda de Par\u00eds<\/strong>, el filme aborda los caminos de tres mujeres que se entrecruzan: Maxine, interpretada por Angelina Jolie, una cineasta estadounidense con c\u00e1ncer de mama que se ve envuelta en una relaci\u00f3n inesperada con su colaborador (Louis Garrel), mientras que el personaje de Ana, al que da vida Anyier Anei, escapa de Sud\u00e1n del Sur para convertirse en una nueva cara en el mundo de la moda; finalmente, Ang\u00e8le (Ella Rumpf), es una maquilladora que trabaja entre bambalinas.<\/p>\n","protected":false},"excerpt":{"rendered":"A un d\u00eda de que arranque la 73\u00aa edici\u00f3n, el festival dirigido por Jos\u00e9 Luis Rebordinos ha soltado&hellip;\n","protected":false},"author":2,"featured_media":123058,"comment_status":"","ping_status":"","sticky":false,"template":"","format":"standard","meta":{"footnotes":""},"categories":[169],"tags":[40453,177,146,147,25,24,176,1458,40454,175,5785,23,1885],"class_list":{"0":"post-123436","1":"post","2":"type-post","3":"status-publish","4":"format-standard","5":"has-post-thumbnail","7":"category-cine","8":"tag-angelina","9":"tag-cine","10":"tag-entertainment","11":"tag-entretenimiento","12":"tag-es","13":"tag-espana","14":"tag-film","15":"tag-hora","16":"tag-jolie","17":"tag-movies","18":"tag-sorpresa","19":"tag-spain","20":"tag-ultima"},"share_on_mastodon":{"url":"","error":""},"_links":{"self":[{"href":"https:\/\/www.europesays.com\/es\/wp-json\/wp\/v2\/posts\/123436","targetHints":{"allow":["GET"]}}],"collection":[{"href":"https:\/\/www.europesays.com\/es\/wp-json\/wp\/v2\/posts"}],"about":[{"href":"https:\/\/www.europesays.com\/es\/wp-json\/wp\/v2\/types\/post"}],"author":[{"embeddable":true,"href":"https:\/\/www.europesays.com\/es\/wp-json\/wp\/v2\/users\/2"}],"replies":[{"embeddable":true,"href":"https:\/\/www.europesays.com\/es\/wp-json\/wp\/v2\/comments?post=123436"}],"version-history":[{"count":0,"href":"https:\/\/www.europesays.com\/es\/wp-json\/wp\/v2\/posts\/123436\/revisions"}],"wp:featuredmedia":[{"embeddable":true,"href":"https:\/\/www.europesays.com\/es\/wp-json\/wp\/v2\/media\/123058"}],"wp:attachment":[{"href":"https:\/\/www.europesays.com\/es\/wp-json\/wp\/v2\/media?parent=123436"}],"wp:term":[{"taxonomy":"category","embeddable":true,"href":"https:\/\/www.europesays.com\/es\/wp-json\/wp\/v2\/categories?post=123436"},{"taxonomy":"post_tag","embeddable":true,"href":"https:\/\/www.europesays.com\/es\/wp-json\/wp\/v2\/tags?post=123436"}],"curies":[{"name":"wp","href":"https:\/\/api.w.org\/{rel}","templated":true}]}}