{"id":123439,"date":"2025-09-18T16:57:07","date_gmt":"2025-09-18T16:57:07","guid":{"rendered":"https:\/\/www.europesays.com\/es\/123439\/"},"modified":"2025-09-18T16:57:07","modified_gmt":"2025-09-18T16:57:07","slug":"la-aspirina-reduce-un-50-la-recaida-en-un-subtipo-de-cancer-de-colon","status":"publish","type":"post","link":"https:\/\/www.europesays.com\/es\/123439\/","title":{"rendered":"La aspirina reduce un 50% la reca\u00edda en un subtipo de c\u00e1ncer de colon"},"content":{"rendered":"<p>Un hallazgo reciente podr\u00eda cambiar la forma en que se trata el c\u00e1ncer colorrectal tras la cirug\u00eda. <a href=\"https:\/\/okdiario.com\/salud\/vuelve-aspirina-estos-son-nuevos-usos-contra-cancer-personas-alto-riesgo-13313143\" target=\"_blank\" rel=\"noopener noreferrer nofollow\">La aspirina, un f\u00e1rmaco barato y ampliamente utilizado d<\/a>esde hace m\u00e1s de un siglo, ha demostrado reducir de forma significativa el riesgo de reca\u00edda en pacientes con un subtipo concreto de este tumor. <strong>El ensayo cl\u00ednico ALASCCA<\/strong>, liderado por el <strong>Instituto Karolinska <\/strong>y presentado en el congreso de la Sociedad Americana de Oncolog\u00eda Cl\u00ednica, se centr\u00f3 en analizar a pacientes operados de c\u00e1ncer de colon y recto en estadios iniciales en Suecia, Noruega, Dinamarca y Finlandia.<\/p>\n<p>El estudio incluy\u00f3 a m\u00e1s de <strong>3.500 pacientes y encontr\u00f3 que alrededor del 37 % ten\u00eda mutaciones en la v\u00eda PI3K<\/strong>, lo que los convierte en <a href=\"https:\/\/okdiario.com\/salud\/enesimo-estudio-sobre-aspirina-demuestran-que-evita-nuevo-infarto-ictus-muerte-11440937\" target=\"_blank\" rel=\"noopener noreferrer nofollow\">un grupo con un comportamiento biol\u00f3gico<\/a> distinto y potencialmente m\u00e1s sensible al tratamiento con aspirina. A estos pacientes se les administr\u00f3 aspirina en dosis diarias de 160 miligramos durante<strong> tres a\u00f1os tras la cirug\u00eda<\/strong> y los resultados fueron sorprendentes. En quienes ten\u00edan mutaciones concretas del gen PIK3CA en los exones 9 y 20, la tasa de recurrencia del c\u00e1ncer fue del 7,7 % en el grupo que recibi\u00f3 aspirina frente al 14,1 % en el grupo de control, lo que supone una reducci\u00f3n del riesgo de reca\u00edda cercana al 51 %.<\/p>\n<p>En otros <strong>subtipos de mutaciones de la v\u00eda PI3K<\/strong>, como en los genes PIK3R1 o PTEN, la reducci\u00f3n fue incluso mayor, alcanzando cerca del 58 %. Adem\u00e1s de disminuir el riesgo de recurrencia, la aspirina mejor\u00f3 la supervivencia libre de enfermedad, un dato que refuerza su potencial como tratamiento adyuvante en oncolog\u00eda.<\/p>\n<p>Este beneficio, sin embargo, no se observ\u00f3 de forma generalizada en todos los pacientes, lo que confirma que <strong>la gen\u00e9tica del tumor<\/strong> es determinante para identificar a quienes m\u00e1s pueden beneficiarse. De ah\u00ed que los investigadores subrayen la importancia de incorporar pruebas gen\u00f3micas rutinarias tras el diagn\u00f3stico de c\u00e1ncer colorrectal para dise\u00f1ar terapias m\u00e1s personalizadas.<\/p>\n<p>En paralelo, recuerdan que la aspirina no est\u00e1 exenta de riesgos, pues su uso prolongado puede<strong> aumentar la probabilidad de hemorragias digestivas<\/strong> y otros efectos secundarios que deben sopesarse cuidadosamente antes de recomendar su uso extendido.<\/p>\n<p>Los resultados del ensayo abren la puerta a un cambio en la pr\u00e1ctica cl\u00ednica, al a\u00f1adir un f\u00e1rmaco tan asequible como <strong>la aspirina<\/strong> a los protocolos postoperatorios de pacientes seleccionados. Sin embargo, los investigadores advierten que a\u00fan es necesario realizar estudios adicionales que confirmen la durabilidad del beneficio a m\u00e1s largo plazo, determinen la dosis \u00f3ptima y eval\u00faen el perfil de seguridad en distintos grupos de edad y condiciones de salud.<\/p>\n<p>Mientras tanto, el hallazgo supone un paso m\u00e1s hacia la medicina de precisi\u00f3n en oncolog\u00eda, donde no solo importa el estadio del tumor sino tambi\u00e9n su firma molecular.<\/p>\n<p>As\u00ed, un comprimido que cuesta apenas unos c\u00e9ntimos al d\u00eda podr\u00eda reducir a la mitad la probabilidad de que un c\u00e1ncer de colon reaparezca tras la cirug\u00eda en un grupo bien definido de pacientes. Si estos resultados se confirman en estudios posteriores,<strong> la aspirina podr\u00eda consolidarse como una herramienta<\/strong> sencilla, accesible y de gran impacto en la lucha contra uno de los tumores m\u00e1s frecuentes en todo el mundo.<\/p>\n","protected":false},"excerpt":{"rendered":"Un hallazgo reciente podr\u00eda cambiar la forma en que se trata el c\u00e1ncer colorrectal tras la cirug\u00eda. La&hellip;\n","protected":false},"author":2,"featured_media":123440,"comment_status":"","ping_status":"","sticky":false,"template":"","format":"standard","meta":{"footnotes":""},"categories":[92],"tags":[25,24,165,166,23],"class_list":{"0":"post-123439","1":"post","2":"type-post","3":"status-publish","4":"format-standard","5":"has-post-thumbnail","7":"category-salud","8":"tag-es","9":"tag-espana","10":"tag-health","11":"tag-salud","12":"tag-spain"},"share_on_mastodon":{"url":"","error":""},"_links":{"self":[{"href":"https:\/\/www.europesays.com\/es\/wp-json\/wp\/v2\/posts\/123439","targetHints":{"allow":["GET"]}}],"collection":[{"href":"https:\/\/www.europesays.com\/es\/wp-json\/wp\/v2\/posts"}],"about":[{"href":"https:\/\/www.europesays.com\/es\/wp-json\/wp\/v2\/types\/post"}],"author":[{"embeddable":true,"href":"https:\/\/www.europesays.com\/es\/wp-json\/wp\/v2\/users\/2"}],"replies":[{"embeddable":true,"href":"https:\/\/www.europesays.com\/es\/wp-json\/wp\/v2\/comments?post=123439"}],"version-history":[{"count":0,"href":"https:\/\/www.europesays.com\/es\/wp-json\/wp\/v2\/posts\/123439\/revisions"}],"wp:featuredmedia":[{"embeddable":true,"href":"https:\/\/www.europesays.com\/es\/wp-json\/wp\/v2\/media\/123440"}],"wp:attachment":[{"href":"https:\/\/www.europesays.com\/es\/wp-json\/wp\/v2\/media?parent=123439"}],"wp:term":[{"taxonomy":"category","embeddable":true,"href":"https:\/\/www.europesays.com\/es\/wp-json\/wp\/v2\/categories?post=123439"},{"taxonomy":"post_tag","embeddable":true,"href":"https:\/\/www.europesays.com\/es\/wp-json\/wp\/v2\/tags?post=123439"}],"curies":[{"name":"wp","href":"https:\/\/api.w.org\/{rel}","templated":true}]}}