{"id":123441,"date":"2025-09-18T16:58:13","date_gmt":"2025-09-18T16:58:13","guid":{"rendered":"https:\/\/www.europesays.com\/es\/123441\/"},"modified":"2025-09-18T16:58:13","modified_gmt":"2025-09-18T16:58:13","slug":"fernando-esteso-habla-sin-tapujos-sobre-sus-adicciones-delante-de-sonsoles-onega","status":"publish","type":"post","link":"https:\/\/www.europesays.com\/es\/123441\/","title":{"rendered":"Fernando Esteso habla sin tapujos sobre sus adicciones delante de Sonsoles \u00d3nega"},"content":{"rendered":"<p><strong>Fernando Esteso<\/strong> le ha dado una entrevista <strong>a Sonsoles \u00d3nega<\/strong> en Y ahora Sonsoles y ha hablado de un tema muy delicado que, hasta la fecha, era un aut\u00e9ntico secreto. El artista se ha sincerado sobre sus adicciones y ha admitido que ha probado \u00abalguna cosa que no deber\u00eda haber probado\u00bb. Sin embargo, cuando la presentadora le ha preguntado si estaba arrepentido, ha contestado: \u00ab\u00bfPara qu\u00e9? \u00bfC\u00f3mo me voy a arrepentir? <strong>Lo importante es no hacerlo<\/strong>. \u00bfArrepentirse? Volvemos a lo mismo. Si te arrepientes de algo, es que sigues pensando en ello\u00bb. Y despu\u00e9s ha a\u00f1adido: \u00ab<strong>\u00a1Qu\u00e9 cosas m\u00e1s profundas estoy diciendo!\u00bb<\/strong>.<\/p>\n<p>Fernando Esteso tiene<strong> 80 a\u00f1os<\/strong> y en 2021 se retir\u00f3 de los focos a causa de una insuficiencia respiratoria. Desde entonces, se encuentra en un segundo plano y apenas participa en los medios de comunicaci\u00f3n, pero ha hecho una excepci\u00f3n con <strong>Sonsoles \u00d3nega<\/strong>. La comunicadora ha sido directa y le ha preguntado por los h\u00e1bitos que llevaba a cabo durante su faceta dorada. Esteso, sin tapujos, ha respondido: \u00abA m\u00ed me ha gustado beberme mi copa, fumarme mi puro\u2026\u00bb.<\/p>\n<blockquote class=\"instagram-media\" style=\"background: #FFF; border: 0; border-radius: 3px; box-shadow: 0 0 1px 0 rgba(0,0,0,0.5),0 1px 10px 0 rgba(0,0,0,0.15); margin: 1px; max-width: 540px; min-width: 326px; padding: 0; width: calc(100% - 2px);\" data-instgrm-captioned=\"\" data-instgrm-permalink=\"https:\/\/www.instagram.com\/reel\/DOtazxdCKC8\/?utm_source=ig_embed&amp;utm_campaign=loading\" data-instgrm-version=\"14\">\n<\/blockquote>\n<p>Y ahora Sonsoles se ha desplazado hasta <a href=\"https:\/\/okdiario.com\/look\/actualidad\/fernando-esteso-hospitalizado-urgencia-1343766\" rel=\"nofollow noopener\" target=\"_blank\">Valencia, ciudad donde vive el actor<\/a>, para charlar con \u00e9l y actualizar su situaci\u00f3n. Hay mucha gente que le ha perdido la pista, pero lo cierto es que estamos delante de uno de los int\u00e9rpretes m\u00e1s reputados de su generaci\u00f3n. Actualmente, algunas de las <strong>pel\u00edculas<\/strong> que ha protagonizado Fernando ser\u00edan impensables porque hay m\u00e1s c\u00f3digos que antes. \u00c9l no est\u00e1 de acuerdo con esto y afirma que \u00abcada vez estamos m\u00e1s sujetos al idiota\u00bb.<\/p>\n<p>El lamento de Fernando Esteso<\/p>\n<p><strong>Esteso ha trabajado en la peque\u00f1a pantalla durante mucho tiempo<\/strong>, pero la Academia del Cine no ha reconocido su ejercicio profesional y el artista se ha lamentado por ello durante su intervenci\u00f3n en el programa de Sonsoles \u00d3nega. \u00abEstar\u00e1n esperando a que palme para darme el Goya de Honor\u00bb, ha comentado entre risas. <strong>El que s\u00ed ha recibido un reconocimiento ha sido su ex compa\u00f1ero Andr\u00e9s Pajares<\/strong> despu\u00e9s de haber participado en la pel\u00edcula \u00a1Ay, Carmela!.<\/p>\n<p>\n<img decoding=\"async\" loading=\"lazy\" class=\"size-medium wp-image-2163063\" alt=\"Fernando Esteso, Andr\u00e9s Pajares\" width=\"620\" height=\"413\"  src=\"https:\/\/www.europesays.com\/es\/wp-content\/uploads\/2025\/09\/1758214691_923_placeholder.jpg\"  bad-src=\"https:\/\/www.europesays.com\/es\/wp-content\/uploads\/2025\/09\/1758214691_923_placeholder.jpg\"\/><\/p>\n<p><img decoding=\"async\" loading=\"lazy\" class=\"size-medium wp-image-2163063\" src=\"https:\/\/www.europesays.com\/es\/wp-content\/uploads\/2025\/09\/andres-620x413.jpg\" alt=\"Fernando Esteso, Andr\u00e9s Pajares\" width=\"620\" height=\"413\"  \/><\/p>\n<p> Andr\u00e9s Pajares y Fernando Esteso. (Foto: Gtres)\n<\/p>\n<p>Durante unos a\u00f1os, <strong>Pajares y Esteso<\/strong> formaron un equipo indestructible. Emma Ozores se encontraba en el plat\u00f3 de Y ahora Sonsoles mientras Fernando daba su entrevista y afirm\u00f3 que esta dupla \u00abha hecho feliz con a much\u00edsima gente con su trabajo\u00bb. Sin embargo, ambos estaban sometidos a mucha presi\u00f3n y en 1984, despu\u00e9s de emitirse una pel\u00edcula llamada La extra\u00f1a pareja, pensaron que lo mejor era separar sus caminos.<\/p>\n<p><a href=\"https:\/\/okdiario.com\/look\/actualidad\/descubierto-detalles-actual-amistad-andres-pajares-fernando-esteso-2163007\" rel=\"nofollow noopener\" target=\"_blank\">Esteso cree que, de alguna manera, el p\u00fablico le castig\u00f3 por separarse de Andr\u00e9s Pajares<\/a>, pues casi nadie entendi\u00f3 la ruptura. Aparentemente ten\u00edan todo lo que los actores pod\u00edan so\u00f1ar: \u00e9xito, fama y dinero. No obstante, la realidad es diferente a las apariencias y los artistas se sent\u00edan estancados, as\u00ed que optaron por emprender aventuras profesionales distintas.<\/p>\n<p>La vida actual de Esteso<\/p>\n<p>\n<img decoding=\"async\" loading=\"lazy\" class=\"size-medium wp-image-1343771\" alt=\"Fernando Esteso\" width=\"413\" height=\"620\"  src=\"https:\/\/www.europesays.com\/es\/wp-content\/uploads\/2025\/09\/1758214691_923_placeholder.jpg\"  bad-src=\"https:\/\/www.europesays.com\/es\/wp-content\/uploads\/2025\/09\/1758214691_923_placeholder.jpg\"\/><\/p>\n<p><img decoding=\"async\" loading=\"lazy\" class=\"size-medium wp-image-1343771\" src=\"https:\/\/www.europesays.com\/es\/wp-content\/uploads\/2025\/09\/esteso2-413x620.jpg\" alt=\"Fernando Esteso\" width=\"413\" height=\"620\"  \/><\/p>\n<p> Fernando Esteso en un evento. (Foto: Gtres)\n<\/p>\n<p>Despu\u00e9s de haber protagonizado pel\u00edculas tan valoradas como Los Bingueros, Yo hice a Roque III o Al este del oeste, el actor disfruta de una etapa marcada por la tranquilidad. Hace unos a\u00f1os realiz\u00f3 un peque\u00f1o cameo en la serie La que se avecina, dirigida por los<strong> hermanos Caballero<\/strong>, pero no ha vuelto a participar en otro proyecto importante.<\/p>\n<p>Actualmente, <strong>Esteso ha dejado atr\u00e1s el mundo del destape para centrarse en su faceta familiar<\/strong>. Cuenta con el apoyo de su entorno y tiene una relaci\u00f3n estupenda con sus hijos, Fernando y Arancha.<\/p>\n<p>\t\t\t\t\t\t\t<script async src=\"\/\/www.instagram.com\/embed.js\"><\/script><\/p>\n","protected":false},"excerpt":{"rendered":"Fernando Esteso le ha dado una entrevista a Sonsoles \u00d3nega en Y ahora Sonsoles y ha hablado de&hellip;\n","protected":false},"author":2,"featured_media":123442,"comment_status":"","ping_status":"","sticky":false,"template":"","format":"standard","meta":{"footnotes":""},"categories":[91],"tags":[146,147,25,24,18838,23],"class_list":{"0":"post-123441","1":"post","2":"type-post","3":"status-publish","4":"format-standard","5":"has-post-thumbnail","7":"category-entretenimiento","8":"tag-entertainment","9":"tag-entretenimiento","10":"tag-es","11":"tag-espana","12":"tag-fernando-esteso","13":"tag-spain"},"share_on_mastodon":{"url":"","error":""},"_links":{"self":[{"href":"https:\/\/www.europesays.com\/es\/wp-json\/wp\/v2\/posts\/123441","targetHints":{"allow":["GET"]}}],"collection":[{"href":"https:\/\/www.europesays.com\/es\/wp-json\/wp\/v2\/posts"}],"about":[{"href":"https:\/\/www.europesays.com\/es\/wp-json\/wp\/v2\/types\/post"}],"author":[{"embeddable":true,"href":"https:\/\/www.europesays.com\/es\/wp-json\/wp\/v2\/users\/2"}],"replies":[{"embeddable":true,"href":"https:\/\/www.europesays.com\/es\/wp-json\/wp\/v2\/comments?post=123441"}],"version-history":[{"count":0,"href":"https:\/\/www.europesays.com\/es\/wp-json\/wp\/v2\/posts\/123441\/revisions"}],"wp:featuredmedia":[{"embeddable":true,"href":"https:\/\/www.europesays.com\/es\/wp-json\/wp\/v2\/media\/123442"}],"wp:attachment":[{"href":"https:\/\/www.europesays.com\/es\/wp-json\/wp\/v2\/media?parent=123441"}],"wp:term":[{"taxonomy":"category","embeddable":true,"href":"https:\/\/www.europesays.com\/es\/wp-json\/wp\/v2\/categories?post=123441"},{"taxonomy":"post_tag","embeddable":true,"href":"https:\/\/www.europesays.com\/es\/wp-json\/wp\/v2\/tags?post=123441"}],"curies":[{"name":"wp","href":"https:\/\/api.w.org\/{rel}","templated":true}]}}