{"id":123455,"date":"2025-09-18T17:05:11","date_gmt":"2025-09-18T17:05:11","guid":{"rendered":"https:\/\/www.europesays.com\/es\/123455\/"},"modified":"2025-09-18T17:05:11","modified_gmt":"2025-09-18T17:05:11","slug":"la-glorieta-expectante-con-el-regreso-de-morante-y-el-pulso-local-de-ismael-martin-y-marco-perez","status":"publish","type":"post","link":"https:\/\/www.europesays.com\/es\/123455\/","title":{"rendered":"La Glorieta, expectante con el regreso de Morante y el pulso local de Ismael Mart\u00edn y Marco P\u00e9rez"},"content":{"rendered":"<p data-start=\"447\" data-end=\"818\">Llega la tarde m\u00e1s esperada de la <strong data-start=\"520\" data-end=\"550\">Feria Taurina de Salamanca<\/strong>. La cuarta de abono pone sobre el ruedo de <strong data-start=\"594\" data-end=\"609\">La Glorieta<\/strong> un cartel de lujo: <strong data-start=\"629\" data-end=\"682\">Morante de la Puebla, Ismael Mart\u00edn y Marco P\u00e9rez<\/strong>, con toros de <strong data-start=\"697\" data-end=\"715\">Garc\u00eda Jim\u00e9nez<\/strong>. Una combinaci\u00f3n que mezcla el arte eterno, el presente triunfal y la juventud con hambre de gloria.<\/p>\n<p data-start=\"820\" data-end=\"1408\">La cita est\u00e1 marcada por la <strong data-start=\"848\" data-end=\"887\">reaparici\u00f3n de Morante de la Puebla<\/strong>, que vuelve a vestirse de luces tras la dura cogida sufrida en Pontevedra el pasado 10 de agosto, con una cornada de dos trayectorias. El maestro de La Puebla del R\u00edo, que se ha perdido citas de primer nivel como San Sebasti\u00e1n, Bilbao o Valladolid, ha elegido Salamanca para su vuelta definitiva porque tras una prueba inicial para su vuelta decidi\u00f3 volver a parar para recuperarse por completo. El genio sevillano, que completa una de las mejores etapas de su carrera, sabe lo que es triunfar en esta plaza de forma reciente : el pasado mes de junio <strong data-start=\"1266\" data-end=\"1283\">cort\u00f3 un rabo<\/strong> en La Glorieta en un mano a mano con Marco P\u00e9rez, demostrando que <strong>el toreo cl\u00e1sico sigue latiendo con fuerza en su muleta.<\/strong><\/p>\n<p data-start=\"1410\" data-end=\"2011\">El cartel ten\u00eda previsto a <strong data-start=\"1437\" data-end=\"1462\">Jos\u00e9 Mar\u00eda Manzanares<\/strong>, baja de \u00faltima hora por fractura de costilla. Su lugar lo ocupa <strong data-start=\"1528\" data-end=\"1545\">Ismael Mart\u00edn<\/strong>, torero salmantino de coraz\u00f3n (naci\u00f3 en Z\u00farich pero se crio en la tierra) y uno de los grandes protagonistas de esta feria tras su <strong data-start=\"1677\" data-end=\"1721\">Puerta Grande en la corrida de Vellosino<\/strong>, donde cort\u00f3 tres orejas. Su concepto se define por la <strong data-start=\"1777\" data-end=\"1857\">naturalidad, la firmeza de planta y la pureza en la ejecuci\u00f3n de las suertes<\/strong>, una tauromaquia sencilla pero sentida que conecta con el p\u00fablico. Salamanca le sonr\u00ede, y \u00e9l quiere devolverle esa fidelidad con otra tarde de impacto.<\/p>\n<p data-start=\"2013\" data-end=\"2366\">Completa el cartel el joven <strong data-start=\"2041\" data-end=\"2056\">Marco P\u00e9rez<\/strong>, cuya presentaci\u00f3n en Salamanca como torero tuvo lugar en junio, dejando dos orejas en una tarde de entrega y torer\u00eda que qued\u00f3 grabada en la memoria de la afici\u00f3n.\u00a0Entonces llegaba tras su alternativa en Nimes y ahora tiene un par de meses m\u00e1s de intenso recorrido, de forma que el salmantino afronta su <strong data-start=\"2277\" data-end=\"2309\">segunda tarde en La Glorieta<\/strong> con la expectaci\u00f3n de quien est\u00e1 llamado a ser figura.<\/p>\n<p data-start=\"2368\" data-end=\"2916\">Las cuadrillas tambi\u00e9n aportan experiencia y solvencia: <strong data-start=\"2424\" data-end=\"2435\">Morante<\/strong> llega acompa\u00f1ado por los picadores Aurelio Cruz y \u00c1ngel Rivas y los banderilleros Curro Javier, Juan Jos\u00e9 Dom\u00ednguez y Jos\u00e9 Mar\u00eda Amores. <strong data-start=\"2573\" data-end=\"2590\">Ismael Mart\u00edn<\/strong> contar\u00e1 con los picadores Nicol\u00e1s Mart\u00edn y V\u00edctor Garc\u00eda &#8216;El Legionario&#8217;\u00a0y los banderilleros Isidro de Prado, David Pic\u00f3n y Joaqu\u00edn Oliveira. Por su parte, <strong data-start=\"2749\" data-end=\"2764\">Marco P\u00e9rez<\/strong> se apoyar\u00e1 en Francisco Ponz &#8216;Puchano&#8217;\u00a0y Alberto Sandoval en la vara, y en Rafael Gonz\u00e1lez, El\u00edas Mart\u00edn y Jos\u00e9 Antonio Prestel en las banderillas.<\/p>\n<p data-start=\"2918\" data-end=\"3216\">La tarde de este 19 de septiembre se presenta como un duelo de estilos y generaciones: <strong data-start=\"3005\" data-end=\"3036\">el arte inmortal de Morante<\/strong>, la <strong data-start=\"3041\" data-end=\"3079\">verdad y frescura de Ismael Mart\u00edn<\/strong> y la <strong data-start=\"3085\" data-end=\"3120\">ilusi\u00f3n renovada de Marco P\u00e9rez<\/strong>, con la garant\u00eda de una ganader\u00eda como Garc\u00eda Jim\u00e9nez, que ya\u00a0ha dejado triunfos sonados.\u00a0 El ambiente est\u00e1 servido: <strong data-start=\"3244\" data-end=\"3338\">La Glorieta se prepara para vivir una de esas tardes que\u00a0 marcan ferias.<\/strong><\/p>\n","protected":false},"excerpt":{"rendered":"Llega la tarde m\u00e1s esperada de la Feria Taurina de Salamanca. La cuarta de abono pone sobre el&hellip;\n","protected":false},"author":2,"featured_media":123456,"comment_status":"","ping_status":"","sticky":false,"template":"","format":"standard","meta":{"footnotes":""},"categories":[277],"tags":[373,168,25,24,23,167,374],"class_list":{"0":"post-123455","1":"post","2":"type-post","3":"status-publish","4":"format-standard","5":"has-post-thumbnail","7":"category-toreo","8":"tag-bullfighting","9":"tag-deportes","10":"tag-es","11":"tag-espana","12":"tag-spain","13":"tag-sports","14":"tag-toreo"},"share_on_mastodon":{"url":"","error":""},"_links":{"self":[{"href":"https:\/\/www.europesays.com\/es\/wp-json\/wp\/v2\/posts\/123455","targetHints":{"allow":["GET"]}}],"collection":[{"href":"https:\/\/www.europesays.com\/es\/wp-json\/wp\/v2\/posts"}],"about":[{"href":"https:\/\/www.europesays.com\/es\/wp-json\/wp\/v2\/types\/post"}],"author":[{"embeddable":true,"href":"https:\/\/www.europesays.com\/es\/wp-json\/wp\/v2\/users\/2"}],"replies":[{"embeddable":true,"href":"https:\/\/www.europesays.com\/es\/wp-json\/wp\/v2\/comments?post=123455"}],"version-history":[{"count":0,"href":"https:\/\/www.europesays.com\/es\/wp-json\/wp\/v2\/posts\/123455\/revisions"}],"wp:featuredmedia":[{"embeddable":true,"href":"https:\/\/www.europesays.com\/es\/wp-json\/wp\/v2\/media\/123456"}],"wp:attachment":[{"href":"https:\/\/www.europesays.com\/es\/wp-json\/wp\/v2\/media?parent=123455"}],"wp:term":[{"taxonomy":"category","embeddable":true,"href":"https:\/\/www.europesays.com\/es\/wp-json\/wp\/v2\/categories?post=123455"},{"taxonomy":"post_tag","embeddable":true,"href":"https:\/\/www.europesays.com\/es\/wp-json\/wp\/v2\/tags?post=123455"}],"curies":[{"name":"wp","href":"https:\/\/api.w.org\/{rel}","templated":true}]}}