{"id":123457,"date":"2025-09-18T17:08:09","date_gmt":"2025-09-18T17:08:09","guid":{"rendered":"https:\/\/www.europesays.com\/es\/123457\/"},"modified":"2025-09-18T17:08:09","modified_gmt":"2025-09-18T17:08:09","slug":"un-italiano-de-pura-cepa-con-el-acento-de-hitler","status":"publish","type":"post","link":"https:\/\/www.europesays.com\/es\/123457\/","title":{"rendered":"Un italiano de pura cepa con el acento de Hitler"},"content":{"rendered":"<p data-gtm-element-container=\"modulo-texto-link\" class=\"paragraph\">Jannik Sinner no est\u00e1 teniendo unos d\u00edas tranquilos tras su derrota en la final del US Open ante Carlos Alcaraz. El cantante <strong>Fedez<\/strong>, uno de los m\u00e1s famosos y escuchados en Italia, desvel\u00f3 una estrofa de lo que apunta a ser una nueva canci\u00f3n en la que<strong> carga contra el tenista, al que califica como \u00abun italiano purasangre con el acento de Adolf Hitler\u00bb.<\/strong><\/p>\n<p data-gtm-element-container=\"modulo-texto-link\" class=\"paragraph\">El pol\u00e9mico rapero, con 3,4 millones de oyentes mensuales en Spotify, <strong>public\u00f3 en redes sociales una serie de l\u00edneas escritas en su bloc de notas personal en las que habla de varios personajes de la actualidad<\/strong>, entre ellos del estadounidense Charlie Kirk, asesinado el pasado 10 de septiembre; Elly Schelein, pol\u00edtica italiana; o el italiano Carlo Acutis, conocido como &#8216;santo millenial&#8217;, el primero que vivi\u00f3 en el siglo XXI.<\/p>\n<p>    Lee tambi\u00e9n<\/p>\n<p data-gtm-element-container=\"modulo-texto-link\" class=\"paragraph\">Y aunque milanista confeso como Sinner, atac\u00f3 por sus or\u00edgenes alemanes, al tenista, nacido en San C\u00e1ndido, localidad tambi\u00e9n con nombre alem\u00e1n (Innichen) en la regi\u00f3n de Trentino Alto-Adigio, e hijo de dos italianos, Jonnah y Singladine, con antepasados alemanes.<\/p>\n<p>                <img loading=\"lazy\" decoding=\"async\" data-full-src=\"https:\/\/www.mundodeportivo.com\/uploads\/2025\/09\/17\/68ca82e39245b.jpeg\" alt=\"Fedez carg\u00f3 con dureza contra Jannik Sinner\" width=\"449\" height=\"596\" src=\"https:\/\/www.europesays.com\/es\/wp-content\/uploads\/2025\/09\/68ca82e39245b.jpeg\" class=\"lazy\"\/><\/p>\n<p class=\"caption-title \">Fedez carg\u00f3 con dureza contra Jannik Sinner<\/p>\n<p data-gtm-element-container=\"modulo-texto-link\" class=\"paragraph\">\u00ab<strong>Los italianos tienen un nuevo \u00eddolo que se llama Jannik Sinner. Un italiano de pura cepa con el acento de Adolf Hitler<\/strong>\u00ab, es la pol\u00e9mica frase que le dedica el cantante.<\/p>\n<p data-gtm-element-container=\"modulo-texto-link\" class=\"paragraph\">El resto de la estrofa es el siguiente: \u00abHan canonizado a un chico de 15 a\u00f1os por su milagro de jugar a la PlayStation sin decir palabrotas. Han disparado a un antiabortista estadounidense. \u00a1TRANQUILOS, CHICOS, EL PAPA SIGUE EN EL VATICANO! \u00bfHab\u00e9is o\u00eddo lo que ha dicho Elly Schlein? &#8216;Condeno a Israel, pero tengo muchos amigos hebreos&#8217;. <strong>Los italianos tienen un nuevo \u00eddolo que se llama Jannik Sinner. Un italiano de pura cepa con el acento de Adolf Hitler<\/strong>\u00ab.<\/p>\n<p data-gtm-element-container=\"modulo-texto-link\" class=\"paragraph\">La publicaci\u00f3n de la estrofa anterior provoc\u00f3 la pol\u00e9mica y el multitudinario debate en redes sociales.<\/p>\n","protected":false},"excerpt":{"rendered":"Jannik Sinner no est\u00e1 teniendo unos d\u00edas tranquilos tras su derrota en la final del US Open ante&hellip;\n","protected":false},"author":2,"featured_media":123458,"comment_status":"","ping_status":"","sticky":false,"template":"","format":"standard","meta":{"footnotes":""},"categories":[274],"tags":[168,25,24,23,167,327,326],"class_list":{"0":"post-123457","1":"post","2":"type-post","3":"status-publish","4":"format-standard","5":"has-post-thumbnail","7":"category-tenis","8":"tag-deportes","9":"tag-es","10":"tag-espana","11":"tag-spain","12":"tag-sports","13":"tag-tenis","14":"tag-tennis"},"share_on_mastodon":{"url":"","error":""},"_links":{"self":[{"href":"https:\/\/www.europesays.com\/es\/wp-json\/wp\/v2\/posts\/123457","targetHints":{"allow":["GET"]}}],"collection":[{"href":"https:\/\/www.europesays.com\/es\/wp-json\/wp\/v2\/posts"}],"about":[{"href":"https:\/\/www.europesays.com\/es\/wp-json\/wp\/v2\/types\/post"}],"author":[{"embeddable":true,"href":"https:\/\/www.europesays.com\/es\/wp-json\/wp\/v2\/users\/2"}],"replies":[{"embeddable":true,"href":"https:\/\/www.europesays.com\/es\/wp-json\/wp\/v2\/comments?post=123457"}],"version-history":[{"count":0,"href":"https:\/\/www.europesays.com\/es\/wp-json\/wp\/v2\/posts\/123457\/revisions"}],"wp:featuredmedia":[{"embeddable":true,"href":"https:\/\/www.europesays.com\/es\/wp-json\/wp\/v2\/media\/123458"}],"wp:attachment":[{"href":"https:\/\/www.europesays.com\/es\/wp-json\/wp\/v2\/media?parent=123457"}],"wp:term":[{"taxonomy":"category","embeddable":true,"href":"https:\/\/www.europesays.com\/es\/wp-json\/wp\/v2\/categories?post=123457"},{"taxonomy":"post_tag","embeddable":true,"href":"https:\/\/www.europesays.com\/es\/wp-json\/wp\/v2\/tags?post=123457"}],"curies":[{"name":"wp","href":"https:\/\/api.w.org\/{rel}","templated":true}]}}