{"id":123468,"date":"2025-09-18T17:14:08","date_gmt":"2025-09-18T17:14:08","guid":{"rendered":"https:\/\/www.europesays.com\/es\/123468\/"},"modified":"2025-09-18T17:14:08","modified_gmt":"2025-09-18T17:14:08","slug":"muere-el-pintor-sevillano-antonio-agudo","status":"publish","type":"post","link":"https:\/\/www.europesays.com\/es\/123468\/","title":{"rendered":"Muere el pintor sevillano Antonio Agudo"},"content":{"rendered":"<p><img decoding=\"async\" class=\"voc-author__img\" src=\"https:\/\/www.europesays.com\/es\/wp-content\/uploads\/2025\/09\/autor-4126-foto-1.jpeg\" alt=\"Marta Carrasco\"\/><\/p>\n<p>18\/09\/2025<br \/>\n<br \/><strong><br \/>\nActualizado a las 16:06h.<br \/>\n<\/strong><\/p>\n<p class=\"voc-p\" style=\"\">En la ma\u00f1ana de hoy jueves d\u00eda 18 de septiembre ha fallecido de manera repentina, el <strong>pintor sevillano Antonio Agudo<\/strong>, docente de la Facultad de Bellas Artes de Sevilla ya retirado.<\/p>\n<p class=\"voc-p\" style=\"\">Nacido en 1940 en Sevilla, Espa\u00f1a, comenz\u00f3 sus estudios en la Escuela de Artes y Oficios. Tras una estancia en Madrid, ingresa en la Escuela de Bellas Artes en Sevilla, creando su propio estudio gr\u00e1fico. En 1967 viaja a Par\u00eds para ver por primera vez a Picasso, en la exposici\u00f3n realizada en el Grand y Petit Palais y la Biblioteque National. Hasta el a\u00f1o 1971 contin\u00faa alternando su actividad de grafista con la de pintor, hasta que ingresa como profesor en la <strong>Escuela Superior Bellas de Artes<\/strong> al cargo de la materia &#8216;Dibujo del Antiguo y Ropajes&#8217;. A partir de entonces, abandona paulatinamente su dedicaci\u00f3n a la gr\u00e1fica publicitaria, para dedicarse \u00edntegramente a la pr\u00e1ctica de la pintura y la ense\u00f1anza.<\/p>\n<p class=\"voc-p\" style=\"\">Durante diez a\u00f1os abandona la docencia y realiza exposiciones nacionales e internacionales visitando numerosos pa\u00edses iberoamericanos, y participando adem\u00e1s en la<strong> I\u00aa Bienal Iberoamericana de Arte Seriado<\/strong>, patrocinado en 1986 por la Junta de Andaluc\u00eda. En los a\u00f1os 70 forma parte del grupo conocido como <strong>&#8216;grabadores sevillanos&#8217;<\/strong>, \u00e9poca que culmin\u00f3 en la gran exposici\u00f3n titulada &#8217;25 a\u00f1os de Grabado en Andaluc\u00eda&#8217;, organizada en 1995 por la Consejer\u00eda de Cultura. <\/p>\n<p class=\"voc-p\" style=\"\">En 1987 regresa a la ense\u00f1anza de la Facultad de Bellas Artes de Sevilla, que a\u00f1os m\u00e1s tarde ya jubilado en 2022, le rendir\u00eda homenaje en la exposici\u00f3n titulada <strong>&#8216;Antonio Agudo y el dibujo&#8217;, comisariada por los profesores Daniel Bilbao y Fernando Garc\u00eda. <\/strong>En esta etapa fueron alumnos suyos pintores como Miki Leal, Jos\u00e9 Miguel Pere\u00f1\u00edguez o Javier Parrilla.<\/p>\n<p class=\"voc-p\" style=\"\">Entre obras pertenecientes a colecciones privadas, se encuentran algunas realizadas para instituciones como tres retratos para la presidencia de la Federaci\u00f3n Espa\u00f1ola de Municipios y Provincias en Madrid, el retrato del Rey para la Real Maestranza de Caballer\u00eda de Sevilla, y otros tantos del Monarca que cuelgan en las paredes de la Universidad de Sevilla y el Palacio de la Zarzuela. <strong>En 1994 la Hermandad del Gran Poder de Sevilla le encarga la realizaci\u00f3n de un Via Crucis para su Bas\u00edlica Mayor.<\/strong><\/p>\n<p class=\"voc-p\" style=\"\">Su galerista en Sevilla, <strong>Magdalena Haurie<\/strong> se mostraba consternad\u00edsima por el fallecimiento del pintor. \u00abHabl\u00e9 con \u00e9l el pasado martes para venir a la galer\u00eda esta semana. Ayer estuvo comiendo con su hija que hab\u00eda venido de Irlanda. Nada presagiaba esta muerte, nada. Ten\u00eda una salud estupenda. Es una p\u00e9rdida irreparable para la pintura sevillana\u00bb, declar\u00f3 la propietaria y directora de la galer\u00eda Haurie con quien Antonio Agudo ha trabajado en los \u00faltimos veinte a\u00f1os. <\/p>\n<p class=\"voc-p\" style=\"\">Antonio Agudo era miembro de la Real Academia de Bellas Artes de C\u00e1diz, y sobre \u00e9l escribieron los profesores y pintores, Daniel Bilbao y Fernando Garc\u00eda, <strong>\u00abfue nuestro MAESTRO con may\u00fasculas.<\/strong> Y es que Antonio ha sembrado el amor a la pintura y el dibujo en un buen n\u00famero de generaciones de estudiantes de Bellas Artes que han comprendido, gracias a su magisterio, la profundidad del oficio pict\u00f3rico entendido como v\u00eda de conocimiento y construcci\u00f3n del mundo\u00ab.<\/p>\n<p class=\"voc-p\" style=\"\">Casado con la la antrop\u00f3loga americanista Pilar S\u00e1nchiz, confesaba en una entrevista a ABC de Sevilla que, \u00abyo descubr\u00ed Am\u00e9rica\u00bb, habiendo recorrido pa\u00edses como M\u00e9xico, Guatemala y Argentina, aunque el primer pa\u00eds en su coraz\u00f3n, es M\u00e9xico, porque uno de sus hijos es catedr\u00e1tico de Antropolog\u00eda Pol\u00edtica en la Universidad del DF. \u00abViajamos a M\u00e9xico desde el a\u00f1o 1978. All\u00ed descubr\u00ed el mundo, pero ahora all\u00ed est\u00e1n mis nietos\u00bb, dec\u00eda el pintor.<\/p>\n<p class=\"voc-p\" style=\"\">El entierro de Antonio Agudo tendr\u00e1 lugar ma\u00f1ana en Sevilla. <\/p>\n<p>Reportar un error<\/p>\n","protected":false},"excerpt":{"rendered":"18\/09\/2025 Actualizado a las 16:06h. En la ma\u00f1ana de hoy jueves d\u00eda 18 de septiembre ha fallecido de&hellip;\n","protected":false},"author":2,"featured_media":123469,"comment_status":"","ping_status":"","sticky":false,"template":"","format":"standard","meta":{"footnotes":""},"categories":[173],"tags":[6732,1247,229,233,231,230,232,234,146,147,25,24,5992,475,11190,23],"class_list":{"0":"post-123468","1":"post","2":"type-post","3":"status-publish","4":"format-standard","5":"has-post-thumbnail","7":"category-arte-y-diseno","8":"tag-agudo","9":"tag-antonio","10":"tag-arte","11":"tag-arte-y-diseno","12":"tag-arts","13":"tag-arts-and-design","14":"tag-design","15":"tag-diseno","16":"tag-entertainment","17":"tag-entretenimiento","18":"tag-es","19":"tag-espana","20":"tag-fallece","21":"tag-pintor","22":"tag-sevillano","23":"tag-spain"},"share_on_mastodon":{"url":"","error":""},"_links":{"self":[{"href":"https:\/\/www.europesays.com\/es\/wp-json\/wp\/v2\/posts\/123468","targetHints":{"allow":["GET"]}}],"collection":[{"href":"https:\/\/www.europesays.com\/es\/wp-json\/wp\/v2\/posts"}],"about":[{"href":"https:\/\/www.europesays.com\/es\/wp-json\/wp\/v2\/types\/post"}],"author":[{"embeddable":true,"href":"https:\/\/www.europesays.com\/es\/wp-json\/wp\/v2\/users\/2"}],"replies":[{"embeddable":true,"href":"https:\/\/www.europesays.com\/es\/wp-json\/wp\/v2\/comments?post=123468"}],"version-history":[{"count":0,"href":"https:\/\/www.europesays.com\/es\/wp-json\/wp\/v2\/posts\/123468\/revisions"}],"wp:featuredmedia":[{"embeddable":true,"href":"https:\/\/www.europesays.com\/es\/wp-json\/wp\/v2\/media\/123469"}],"wp:attachment":[{"href":"https:\/\/www.europesays.com\/es\/wp-json\/wp\/v2\/media?parent=123468"}],"wp:term":[{"taxonomy":"category","embeddable":true,"href":"https:\/\/www.europesays.com\/es\/wp-json\/wp\/v2\/categories?post=123468"},{"taxonomy":"post_tag","embeddable":true,"href":"https:\/\/www.europesays.com\/es\/wp-json\/wp\/v2\/tags?post=123468"}],"curies":[{"name":"wp","href":"https:\/\/api.w.org\/{rel}","templated":true}]}}