{"id":123470,"date":"2025-09-18T17:15:11","date_gmt":"2025-09-18T17:15:11","guid":{"rendered":"https:\/\/www.europesays.com\/es\/123470\/"},"modified":"2025-09-18T17:15:11","modified_gmt":"2025-09-18T17:15:11","slug":"los-costanzia-estuvieron-en-su-cumple","status":"publish","type":"post","link":"https:\/\/www.europesays.com\/es\/123470\/","title":{"rendered":"los Costanzia estuvieron en su cumple"},"content":{"rendered":"<p><img loading=\"lazy\" decoding=\"async\" src=\"https:\/\/www.europesays.com\/es\/wp-content\/uploads\/2025\/08\/cortazar-beatriz.jpg\" itemtype=\"\/\/schema.org\/ImageObject\" itemprop=\"url\" alt=\"Beatriz Cort\u00e1zar\" width=\"64\" height=\"64\" pinger-seen=\"true\"\/><\/p>\n<p>El pr\u00f3ximo d\u00eda 24 de septiembre en plena Gran V\u00eda de Madrid se presenta el libro de memorias de <b>Mar Flores<\/b> \u00abMar en calma\u00bb con la asistencia de la protagonista y todos los medios, familiares y amigos que ha convocado. La pol\u00e9mica est\u00e1 servida desde el momento que sali\u00f3 a la luz este libro pero Mar tambi\u00e9n est\u00e1 preparada para capear todas las tempestades y ponerse la coraza de protecci\u00f3n frente a los que critican cada cosa que cuenta. Es su vida, la explicaci\u00f3n de muchas cosas que han pasado en estos a\u00f1os e incluso la manera de entender su fama de mujer fr\u00eda.<\/p>\n<p>Mar se ha tenido que proteger con un escudo hecho a medida de todo el sufrimiento que ha pasado a ra\u00edz de su primer matrimonio y todo lo que sucedi\u00f3 con su ex y su hijo Carlo. Hay recuerdos de escenas dantescas, de situaciones que hoy ser\u00edan impensables como que una mujer acuda a una comisar\u00eda pidiendo auxilio y no obtenga respuesta, hechos tambi\u00e9n que hoy no tendr\u00edan cabida como que un padre saque de la guarder\u00eda a su hijo de tres a\u00f1os y se lo lleve a otros pa\u00eds sin conocimiento de su madre que tuvo que luchar durante muchos meses para recuperar a su hijo\u2026<\/p>\n<p>Sin duda esa es la parte m\u00e1s amarga y dif\u00edcil de encajar de una vida que no es la corriente de los mortales. Mar hablara de eso en esta presentaci\u00f3n donde la lista de asistentes tambi\u00e9n tendr\u00e1 su respuesta una vez se ha visto quien ha ido al 60 cumplea\u00f1os de <a href=\"https:\/\/www.eleconomista.es\/informalia\/famosos\/noticias\/13550783\/09\/25\/terelu-disfruta-de-su-fiesta-de-cumpleanos-junto-a-carlo-costanzia-y-lanza-un-mensaje-para-mar-flores-no-quiero-que-nadie-se-incomode.html\" rel=\"nofollow noopener\" target=\"_blank\"><b>Terelu Campos<\/b>, la abuela materna de su nieto, que no ha dudado en posar junto al ex de Mar,<b> Carlo Constanza<\/b>, a pesar de todo lo que se lee en esas p\u00e1ginas<\/a>.<\/p>\n<p>Si alguien pensaba que esa foto iba a suponer una reacci\u00f3n airada por parte de Mar es que a estas alturas de la pel\u00edcula a\u00fan no se ha enterado de qu\u00e9 va. Mar solo quiere seguir en calma y de ah\u00ed que hasta enviara una carta a su ex pidiendo tregua una vez hab\u00eda nacido su nieto. No hubo respuesta ni tampoco intenci\u00f3n de firmar esa paz pero Mar no desiste.<\/p>\n<p>Actualmente comparte grabaciones de televisi\u00f3n con su hijo Carlo para un programa de decoraci\u00f3n y me asegura que no tiene ning\u00fan problema con \u00e9l. \u00ab<b>No es verdad lo que est\u00e1n diciendo. Con Carlo tengo buen\u00edsima relaci\u00f3n y m\u00e1s en este momento que trabajamos juntos<\/b>\u00ab, me asegur\u00f3. De la misma manera me confirma que ha invitado a Terelu a la presentaci\u00f3n de su libro por lo que ahora solo falta saber si la madre de Alejandra Rubio ir\u00e1 a esa convocatoria y tendremos otra foto de la familia aparentemente unida.<\/p>\n<p>La \u00fanica idea de Mar es que su nieto no pase por lo que vivi\u00f3 su hijo con unos padres totalmente distanciados y un hijo partido por la mitad. Con tal de que no se repita esa historia Mar est\u00e1 dispuesta a todo. \u00ab<b>No volvamos a repetir la historia de partir a mi hijo y a mi nieto en dos<\/b>\u00ab, me dice. Mar pone sentido com\u00fan y mucha generosidad despu\u00e9s de ver con sus ojos lo que se considera la foto de la ofensa una vez todo el mundo que ha le\u00eddo su libro sabe perfectamente de qu\u00e9 va la vaina.<\/p>\n<p>WhatsApp<a href=\"https:\/\/api.whatsapp.com\/send?text=https:\/\/www.eleconomista.es\/informalia\/famosos\/noticias\/13552402\/09\/25\/mar-flores-invita-a-terelu-campos-a-la-presentacion-de-su-libro-de-memorias.html?utm_source%3Dwhatsapp%26utm_medium%3Dshare_button&amp;id=1648118629957_whatsapp\" target=\"_blank\" data-action=\"share\/whatsapp\/share\" aria-label=\"Compartir en Whatsapp\" rel=\"nofollow noopener\"><\/a>Facebook<a id=\"fb-share\" href=\"#\" target=\"_blank\" rel=\"noopener noreferrer\" aria-label=\"Compartir en Facebook\"><\/a>Twitter<a href=\"https:\/\/twitter.com\/share?text=Mar+Flores+templa+e+invita+a+Terelu+a+la+presentaci%C3%B3n+de+sus+memorias%3A+los+Costanzia+estuvieron+en+su+cumple&amp;url=https:\/\/www.eleconomista.es\/informalia\/famosos\/noticias\/13552402\/09\/25\/mar-flores-invita-a-terelu-campos-a-la-presentacion-de-su-libro-de-memorias.html&amp;via=Informalia&amp;id=1648118839245_twitter\" target=\"_blank\" aria-label=\"Compartir en Twitter\" rel=\"nofollow noopener\"><\/a>Linkedin<a onclick=\"return abrirLinkedin();\" href=\"https:\/\/www.linkedin.com\/shareArticle?text=Mar+Flores+templa+e+invita+a+Terelu+a+la+presentaci%C3%B3n+de+sus+memorias%3A+los+Costanzia+estuvieron+en+su+cumple&amp;url=https:\/\/www.eleconomista.es\/informalia\/famosos\/noticias\/13552402\/09\/25\/mar-flores-invita-a-terelu-campos-a-la-presentacion-de-su-libro-de-memorias.html&amp;mini=true\" target=\"_blank\" aria-label=\"Compartir en linkedin\" rel=\"nofollow noopener\"><\/a>Beloud<a href=\"https:\/\/beloud.com\/share?text=Mar+Flores+templa+e+invita+a+Terelu+a+la+presentaci%C3%B3n+de+sus+memorias%3A+los+Costanzia+estuvieron+en+su+cumple&amp;url=https:\/\/www.eleconomista.es\/informalia\/famosos\/noticias\/13552402\/09\/25\/mar-flores-invita-a-terelu-campos-a-la-presentacion-de-su-libro-de-memorias.html&amp;via=Informalia&amp;id=1648118839245_beloud\" target=\"_blank\" aria-label=\"Compartir en beloud\" rel=\"nofollow noopener\"><\/a>Bluesky<a href=\"https:\/\/bsky.app\/intent\/compose?text=https:\/\/bsky.app\/intent\/compose?text=https:\/\/www.eleconomista.es\/informalia\/famosos\/noticias\/13552402\/09\/25\/mar-flores-invita-a-terelu-campos-a-la-presentacion-de-su-libro-de-memorias.html&amp;url=https:\/\/www.eleconomista.es\/informalia\/famosos\/noticias\/13552402\/09\/25\/mar-flores-invita-a-terelu-campos-a-la-presentacion-de-su-libro-de-memorias.html&amp;via=elEconomistaes&amp;id=1648118839245_bluesky\" target=\"_blank\" aria-label=\"Compartir en bluesky\" rel=\"nofollow noopener\"><\/a><\/p>\n<p><script async src=\"https:\/\/platform.twitter.com\/widgets.js\" charset=\"utf-8\"><\/script><\/p>\n","protected":false},"excerpt":{"rendered":"El pr\u00f3ximo d\u00eda 24 de septiembre en plena Gran V\u00eda de Madrid se presenta el libro de memorias&hellip;\n","protected":false},"author":2,"featured_media":123471,"comment_status":"","ping_status":"","sticky":false,"template":"","format":"standard","meta":{"footnotes":""},"categories":[172],"tags":[224,146,147,25,24,260,225,23],"class_list":{"0":"post-123470","1":"post","2":"type-post","3":"status-publish","4":"format-standard","5":"has-post-thumbnail","7":"category-libros","8":"tag-books","9":"tag-entertainment","10":"tag-entretenimiento","11":"tag-es","12":"tag-espana","13":"tag-gente","14":"tag-libros","15":"tag-spain"},"share_on_mastodon":{"url":"","error":""},"_links":{"self":[{"href":"https:\/\/www.europesays.com\/es\/wp-json\/wp\/v2\/posts\/123470","targetHints":{"allow":["GET"]}}],"collection":[{"href":"https:\/\/www.europesays.com\/es\/wp-json\/wp\/v2\/posts"}],"about":[{"href":"https:\/\/www.europesays.com\/es\/wp-json\/wp\/v2\/types\/post"}],"author":[{"embeddable":true,"href":"https:\/\/www.europesays.com\/es\/wp-json\/wp\/v2\/users\/2"}],"replies":[{"embeddable":true,"href":"https:\/\/www.europesays.com\/es\/wp-json\/wp\/v2\/comments?post=123470"}],"version-history":[{"count":0,"href":"https:\/\/www.europesays.com\/es\/wp-json\/wp\/v2\/posts\/123470\/revisions"}],"wp:featuredmedia":[{"embeddable":true,"href":"https:\/\/www.europesays.com\/es\/wp-json\/wp\/v2\/media\/123471"}],"wp:attachment":[{"href":"https:\/\/www.europesays.com\/es\/wp-json\/wp\/v2\/media?parent=123470"}],"wp:term":[{"taxonomy":"category","embeddable":true,"href":"https:\/\/www.europesays.com\/es\/wp-json\/wp\/v2\/categories?post=123470"},{"taxonomy":"post_tag","embeddable":true,"href":"https:\/\/www.europesays.com\/es\/wp-json\/wp\/v2\/tags?post=123470"}],"curies":[{"name":"wp","href":"https:\/\/api.w.org\/{rel}","templated":true}]}}