{"id":123481,"date":"2025-09-18T17:21:10","date_gmt":"2025-09-18T17:21:10","guid":{"rendered":"https:\/\/www.europesays.com\/es\/123481\/"},"modified":"2025-09-18T17:21:10","modified_gmt":"2025-09-18T17:21:10","slug":"las-camaras-de-canal-sur-estaran-presentes-en-la-feria-de-san-miguel-de-sevilla","status":"publish","type":"post","link":"https:\/\/www.europesays.com\/es\/123481\/","title":{"rendered":"Las c\u00e1maras de Canal Sur estar\u00e1n presentes en la Feria de San Miguel de Sevilla"},"content":{"rendered":"<p class=\"voc-pretitle\">\nFeria de San miguel\n<\/p>\n<p>La empresa Pag\u00e9s y la RTVA han llegado a un acuerdo para que se pueda ver en abierto festejos del ciclo de septiembre en el coso del Baratillo<\/p>\n<p><img fetchpriority=\"high\" class=\"voc-img\" src=\"https:\/\/www.europesays.com\/es\/wp-content\/uploads\/2025\/09\/canal-sur-maestranza-RVluYdNcmz6gaorUXmg39gK-1200x840@abc.jpg\" loading=\"eager\" decoding=\"async\" alt=\"La Feria de San Miguel ser\u00e1 retransmitida en directo y en abierto por Canal Sur\" width=\"1200\" height=\"840\"\/><\/p>\n<p>La Feria de San Miguel ser\u00e1 retransmitida en directo y en abierto por Canal Sur    AFP  <\/p>\n<p><img decoding=\"async\" class=\"voc-author__img\" src=\"https:\/\/www.europesays.com\/es\/wp-content\/uploads\/2025\/09\/autor-7335-foto-3.jpeg\" alt=\"Jos\u00e9 Manuel Pe\u00f1a\"\/><\/p>\n<p class=\"voc-p\" style=\"\">La <strong>Feria de San Miguel de Sevilla ser\u00e1 retransmitida en directo y en exclusiv<\/strong><strong>a<\/strong> por las c\u00e1maras de <strong>Canal Sur TV.<\/strong> La <strong>empres<\/strong><strong>a<\/strong>\u00a0<strong>Pag\u00e9s y la RTVA<\/strong> han llegado a un acuerdo para que festejos del serial de septiembre en la Real Maestranza de Caballer\u00eda puedan ser seguidos en abierto.<\/p>\n<p class=\"voc-p\" style=\"\">El equipo que dirige<strong> Enrique Romero<\/strong> junto con los comentarios del maestro <strong>Ruiz Miguel, Ana Mar\u00eda Romero<\/strong> y con <strong>Noelia L\u00f3pez<\/strong> como reportera llevar\u00e1 a los hogares de Andaluc\u00eda durante el \u00faltimo fin de semana de septiembre lo que suceda en el coso del Baratillo.<\/p>\n<p class=\"voc-p\" style=\"\">Los carteles de la Feria de San Miguel son los siguientes.<\/p>\n<ul class=\"oc-d-c-list__list\">\n<li class=\"voc-d-c-list__item\">\n<p class=\"voc-d-c-list__paragraph\">Viernes, 26 de septiembre: Toros de Victoriano del R\u00edo para Jos\u00e9 Mar\u00eda Manzanares, Juan Ortega y Pablo Aguado<\/p>\n<\/li>\n<li class=\"voc-d-c-list__item\">\n<p class=\"voc-d-c-list__paragraph\">S\u00e1bado, 27 de septiembre: Toros de Garcigrande para Alejandro Talavante, Daniel Luque y Borja Jim\u00e9nez<\/p>\n<\/li>\n<li class=\"voc-d-c-list__item\">\n<p class=\"voc-d-c-list__paragraph\">Domingo, 28 de septiembre: Toros de N\u00fa\u00f1ez del Cuvillo para Morante de la Puebla, Roca Rey y Javier Zulueta (alternativa)<\/p>\n<\/li>\n<\/ul>\n<p class=\"voc-p\" style=\"\">Los festejos dar\u00e1n comienzo a las 18:30 horas.<\/p>\n<p>Reportar un error<\/p>\n","protected":false},"excerpt":{"rendered":"Feria de San miguel La empresa Pag\u00e9s y la RTVA han llegado a un acuerdo para que se&hellip;\n","protected":false},"author":2,"featured_media":123482,"comment_status":"","ping_status":"","sticky":false,"template":"","format":"standard","meta":{"footnotes":""},"categories":[91],"tags":[4632,4399,146,147,25,24,599,4098,40455,2228,1171,23,14132],"class_list":{"0":"post-123481","1":"post","2":"type-post","3":"status-publish","4":"format-standard","5":"has-post-thumbnail","7":"category-entretenimiento","8":"tag-canal","9":"tag-completo","10":"tag-entertainment","11":"tag-entretenimiento","12":"tag-es","13":"tag-espana","14":"tag-feria","15":"tag-miguel","16":"tag-retransmitira","17":"tag-san","18":"tag-sevilla","19":"tag-spain","20":"tag-sur"},"share_on_mastodon":{"url":"","error":""},"_links":{"self":[{"href":"https:\/\/www.europesays.com\/es\/wp-json\/wp\/v2\/posts\/123481","targetHints":{"allow":["GET"]}}],"collection":[{"href":"https:\/\/www.europesays.com\/es\/wp-json\/wp\/v2\/posts"}],"about":[{"href":"https:\/\/www.europesays.com\/es\/wp-json\/wp\/v2\/types\/post"}],"author":[{"embeddable":true,"href":"https:\/\/www.europesays.com\/es\/wp-json\/wp\/v2\/users\/2"}],"replies":[{"embeddable":true,"href":"https:\/\/www.europesays.com\/es\/wp-json\/wp\/v2\/comments?post=123481"}],"version-history":[{"count":0,"href":"https:\/\/www.europesays.com\/es\/wp-json\/wp\/v2\/posts\/123481\/revisions"}],"wp:featuredmedia":[{"embeddable":true,"href":"https:\/\/www.europesays.com\/es\/wp-json\/wp\/v2\/media\/123482"}],"wp:attachment":[{"href":"https:\/\/www.europesays.com\/es\/wp-json\/wp\/v2\/media?parent=123481"}],"wp:term":[{"taxonomy":"category","embeddable":true,"href":"https:\/\/www.europesays.com\/es\/wp-json\/wp\/v2\/categories?post=123481"},{"taxonomy":"post_tag","embeddable":true,"href":"https:\/\/www.europesays.com\/es\/wp-json\/wp\/v2\/tags?post=123481"}],"curies":[{"name":"wp","href":"https:\/\/api.w.org\/{rel}","templated":true}]}}