{"id":123489,"date":"2025-09-18T17:25:08","date_gmt":"2025-09-18T17:25:08","guid":{"rendered":"https:\/\/www.europesays.com\/es\/123489\/"},"modified":"2025-09-18T17:25:08","modified_gmt":"2025-09-18T17:25:08","slug":"la-basilica-de-la-esperanza-macarena-se-hermana-con-la-mexicana-de-guadalupe","status":"publish","type":"post","link":"https:\/\/www.europesays.com\/es\/123489\/","title":{"rendered":"La bas\u00edlica de la Esperanza Macarena se hermana con la mexicana de Guadalupe"},"content":{"rendered":"<p>\t    \t  <img loading=\"lazy\" decoding=\"async\" width=\"399\" height=\"221\" src=\"https:\/\/www.europesays.com\/es\/wp-content\/uploads\/2025\/09\/DSC_5973-7-Edited-1-e1758200810364.jpg\" class=\"attachment- size- wp-post-image\" alt=\"\"  \/>            <\/p>\n<p>El Arzobispado de Sevilla ha acogido esta ma\u00f1ana el acto de hermanamiento entre la bas\u00edlica de la Esperanza Macarena y la bas\u00edlica de Guadalupe (M\u00e9xico). El documento que acredita esta vinculaci\u00f3n ha sido firmado por el Arzobispo de Sevilla, monse\u00f1or Jos\u00e9 \u00c1ngel Saiz Meneses; el Obispo Auxiliar de M\u00e9xico, monse\u00f1or Francisco Javier Acero; y el Hermano Mayor de la Hermandad de la Esperanza Macarena, Jos\u00e9 Antonio Fern\u00e1ndez Cabrero.<\/p>\n<p>En virtud de este acuerdo de hermanamiento, la fiesta de Nuestra Se\u00f1ora de la Esperanza se celebrar\u00e1 con solemnidad cada 18 de diciembre en la bas\u00edlica de Guadalupe. Paralelamente, la bas\u00edlica sevillana acoger\u00e1 cada 12 de diciembre la celebraci\u00f3n de la fiesta de Nuestra Se\u00f1ora de Guadalupe.<\/p>\n<p><b>Im\u00e1genes en ambas bas\u00edlicas<\/b><\/p>\n<p>Ambas im\u00e1genes estar\u00e1n presentes en los dos santuarios. De este modo, la bas\u00edlica mexicana albergar\u00e1 una imagen de Mar\u00eda Sant\u00edsima de la Esperanza Macarena, mientras que en la bas\u00edlica macarena recibir\u00e1 culto una reproducci\u00f3n de la tilma de san Juan Diego en la que milagrosamente qued\u00f3 plasmada la imagen de Nuestra Se\u00f1ora de Guadalupe. Adem\u00e1s, en ambas bas\u00edlicas se elevar\u00e1n plegarias por los pueblos hermanos mexicano y espa\u00f1ol.<\/p>\n<p>Finalmente, en ambas bas\u00edlicas se divulgar\u00e1 el conocimiento de estas devociones, \u201cpara estrechar los v\u00ednculos entre los devotos de la Esperanza Macarena y de Guadalupe de M\u00e9xico\u201d.<\/p>\n<p>Los testigos de honor de este hermanamiento han sido los rectores de ambos templos: Jos\u00e9 Mar\u00eda Losada, de la bas\u00edlica de la Esperanza Macarena, y monse\u00f1or Efra\u00edn Hern\u00e1ndez, como rector de la bas\u00edlica de Guadalupe, templo que ostenta el t\u00edtulo de \u201cinsigne y nacional\u201d.<\/p>\n<p><b>Un anhelo macareno hecho realidad<\/b><\/p>\n<p>El Hermano Mayor de la Macarena ha reconocido que este hermanamiento \u201cera un anhelo perseguido desde hace unos a\u00f1os por esta Junta de Gobierno y nuestra Hermandad, y que ahora se hace gozosa realidad\u201d.\u00a0<\/p>\n<p>Para Fern\u00e1ndez Cabrero, \u201csupone tender un puente entre dos de las devociones marianas m\u00e1s universales de la cristiandad -ambas reconocidas con la Rosa de Oro que concede el Papa- para que macarenos y guadalupanos quedemos hermanados en una comunidad de amor a la Sant\u00edsima Virgen Mar\u00eda\u201d.\u00a0<\/p>\n<p>Por \u00faltimo, ha subrayado que el hermanamiento \u201ccobra a\u00fan mayor valor si cabe en este Jubileo de la Iglesia Cat\u00f3lica, en el que estamos llamados a ser peregrinos y llevar a todos los rincones del mundo la esperanza cristiana\u201d. \u00a0<\/p>\n<p>\u00a0<\/p>\n<p>Fotograf\u00edas: Blanca Garc\u00eda<\/p>\n<p><\/p>\n","protected":false},"excerpt":{"rendered":"El Arzobispado de Sevilla ha acogido esta ma\u00f1ana el acto de hermanamiento entre la bas\u00edlica de la Esperanza&hellip;\n","protected":false},"author":2,"featured_media":123490,"comment_status":"","ping_status":"","sticky":false,"template":"","format":"standard","meta":{"footnotes":""},"categories":[8],"tags":[40459,17,18,25,24,13,14,11,29052,19,20,9,10,15,16,23,12,21,22,29053],"class_list":{"0":"post-123489","1":"post","2":"type-post","3":"status-publish","4":"format-standard","5":"has-post-thumbnail","7":"category-espana","8":"tag-la-basilica-de-la-esperanza-macarena-se-hermana-con-la-mexicana-de-guadalupe","9":"tag-breaking-news","10":"tag-breakingnews","11":"tag-es","12":"tag-espana","13":"tag-featured-news","14":"tag-featurednews","15":"tag-headlines","16":"tag-hermandad-de-la-macarena","17":"tag-latest-news","18":"tag-latestnews","19":"tag-news","20":"tag-noticias","21":"tag-noticias-destacadas","22":"tag-noticiasdestacadas","23":"tag-spain","24":"tag-titulares","25":"tag-ultimas-noticias","26":"tag-ultimasnoticias","27":"tag-web-oficial-de-la-hermandad-de-la-macarena"},"share_on_mastodon":{"url":"","error":""},"_links":{"self":[{"href":"https:\/\/www.europesays.com\/es\/wp-json\/wp\/v2\/posts\/123489","targetHints":{"allow":["GET"]}}],"collection":[{"href":"https:\/\/www.europesays.com\/es\/wp-json\/wp\/v2\/posts"}],"about":[{"href":"https:\/\/www.europesays.com\/es\/wp-json\/wp\/v2\/types\/post"}],"author":[{"embeddable":true,"href":"https:\/\/www.europesays.com\/es\/wp-json\/wp\/v2\/users\/2"}],"replies":[{"embeddable":true,"href":"https:\/\/www.europesays.com\/es\/wp-json\/wp\/v2\/comments?post=123489"}],"version-history":[{"count":0,"href":"https:\/\/www.europesays.com\/es\/wp-json\/wp\/v2\/posts\/123489\/revisions"}],"wp:featuredmedia":[{"embeddable":true,"href":"https:\/\/www.europesays.com\/es\/wp-json\/wp\/v2\/media\/123490"}],"wp:attachment":[{"href":"https:\/\/www.europesays.com\/es\/wp-json\/wp\/v2\/media?parent=123489"}],"wp:term":[{"taxonomy":"category","embeddable":true,"href":"https:\/\/www.europesays.com\/es\/wp-json\/wp\/v2\/categories?post=123489"},{"taxonomy":"post_tag","embeddable":true,"href":"https:\/\/www.europesays.com\/es\/wp-json\/wp\/v2\/tags?post=123489"}],"curies":[{"name":"wp","href":"https:\/\/api.w.org\/{rel}","templated":true}]}}