{"id":123493,"date":"2025-09-18T17:27:12","date_gmt":"2025-09-18T17:27:12","guid":{"rendered":"https:\/\/www.europesays.com\/es\/123493\/"},"modified":"2025-09-18T17:27:12","modified_gmt":"2025-09-18T17:27:12","slug":"cajasol-el-balonmano-angel-ximenez-puente-genil-pasara-a-llamarse-cajasol-angel-ximenez-puente-genil","status":"publish","type":"post","link":"https:\/\/www.europesays.com\/es\/123493\/","title":{"rendered":"Cajasol.- El Balonmano \u00c1ngel Xim\u00e9nez Puente Genil pasar\u00e1 a llamarse Cajasol \u00c1ngel Xim\u00e9nez Puente Genil"},"content":{"rendered":"<p data-gtm-element-container=\"modulo-texto-link\" class=\"paragraph\">C\u00d3RDOBA, 18 (EUROPA PRESS)<\/p>\n<p data-gtm-element-container=\"modulo-texto-link\" class=\"paragraph\">El presidente de la Fundaci\u00f3n Cajasol, Antonio Pulido, y el presidente del Balonmano \u00c1ngel Xim\u00e9nez Puente Genil, Rafael Miguel Jim\u00e9nez, han formalizado un acuerdo de colaboraci\u00f3n mediante el cual el club andaluz adopta una nueva denominaci\u00f3n: Cajasol \u00c1ngel Xim\u00e9nez Puente Genil.<\/p>\n<p data-gtm-element-container=\"modulo-texto-link\" class=\"paragraph\">Seg\u00fan ha informado la Fundaci\u00f3n, este acuerdo supone un respaldo firme al deporte andaluz por parte de la Fundaci\u00f3n Cajasol, que contin\u00faa reforzando su compromiso con la promoci\u00f3n del talento local y el impulso de iniciativas que fomentan valores sociales a trav\u00e9s del deporte.<\/p>\n<p data-gtm-element-container=\"modulo-texto-link\" class=\"paragraph\">Con este acuerdo, la Fundaci\u00f3n Cajasol pone de manifiesto su \u201capuesta decidida por el deporte como motor de cambio social, una herramienta educativa clave y una v\u00eda para combatir desigualdades\u201d. En este sentido, se trata de \u201cun apoyo que no s\u00f3lo responde a criterios deportivos, sino tambi\u00e9n al convencimiento de que el deporte es un veh\u00edculo fundamental para la cohesi\u00f3n y el desarrollo de la sociedad andaluza\u201d.<\/p>\n<p data-gtm-element-container=\"modulo-texto-link\" class=\"paragraph\">Con esta nueva etapa, el club de Puente Genil refuerza su \u201cestructura y proyecci\u00f3n, manteniendo intacta su identidad y valores, y mirando al futuro con m\u00e1s ambici\u00f3n y responsabilidad\u201d.<\/p>\n","protected":false},"excerpt":{"rendered":"C\u00d3RDOBA, 18 (EUROPA PRESS) El presidente de la Fundaci\u00f3n Cajasol, Antonio Pulido, y el presidente del Balonmano \u00c1ngel&hellip;\n","protected":false},"author":2,"featured_media":85777,"comment_status":"","ping_status":"","sticky":false,"template":"","format":"standard","meta":{"footnotes":""},"categories":[278],"tags":[376,168,25,24,375,23,167],"class_list":{"0":"post-123493","1":"post","2":"type-post","3":"status-publish","4":"format-standard","5":"has-post-thumbnail","7":"category-balonmano","8":"tag-balonmano","9":"tag-deportes","10":"tag-es","11":"tag-espana","12":"tag-handball","13":"tag-spain","14":"tag-sports"},"share_on_mastodon":{"url":"","error":""},"_links":{"self":[{"href":"https:\/\/www.europesays.com\/es\/wp-json\/wp\/v2\/posts\/123493","targetHints":{"allow":["GET"]}}],"collection":[{"href":"https:\/\/www.europesays.com\/es\/wp-json\/wp\/v2\/posts"}],"about":[{"href":"https:\/\/www.europesays.com\/es\/wp-json\/wp\/v2\/types\/post"}],"author":[{"embeddable":true,"href":"https:\/\/www.europesays.com\/es\/wp-json\/wp\/v2\/users\/2"}],"replies":[{"embeddable":true,"href":"https:\/\/www.europesays.com\/es\/wp-json\/wp\/v2\/comments?post=123493"}],"version-history":[{"count":0,"href":"https:\/\/www.europesays.com\/es\/wp-json\/wp\/v2\/posts\/123493\/revisions"}],"wp:featuredmedia":[{"embeddable":true,"href":"https:\/\/www.europesays.com\/es\/wp-json\/wp\/v2\/media\/85777"}],"wp:attachment":[{"href":"https:\/\/www.europesays.com\/es\/wp-json\/wp\/v2\/media?parent=123493"}],"wp:term":[{"taxonomy":"category","embeddable":true,"href":"https:\/\/www.europesays.com\/es\/wp-json\/wp\/v2\/categories?post=123493"},{"taxonomy":"post_tag","embeddable":true,"href":"https:\/\/www.europesays.com\/es\/wp-json\/wp\/v2\/tags?post=123493"}],"curies":[{"name":"wp","href":"https:\/\/api.w.org\/{rel}","templated":true}]}}