{"id":123494,"date":"2025-09-18T17:28:14","date_gmt":"2025-09-18T17:28:14","guid":{"rendered":"https:\/\/www.europesays.com\/es\/123494\/"},"modified":"2025-09-18T17:28:14","modified_gmt":"2025-09-18T17:28:14","slug":"borja-jimenez-impacto-en-murcia","status":"publish","type":"post","link":"https:\/\/www.europesays.com\/es\/123494\/","title":{"rendered":"Borja Jim\u00e9nez, impacto en Murcia"},"content":{"rendered":"\n<ol class=\"breadcrumb breadcrumb-podcasts text-uppercase fs-6\">\n<li class=\"breadcrumb-item\"><a href=\"https:\/\/www.orm.es\/programas\/\" class=\"color-gris over-80 transition-1\" rel=\"nofollow noopener\" target=\"_blank\">Podcasts<\/a><\/li>\n<li class=\"breadcrumb-item\"><a href=\"https:\/\/www.orm.es\/podcasts\/cultura\/\" class=\"color-gris over-80 transition-1\" rel=\"nofollow noopener\" target=\"_blank\">CULTURA Y OCIO<\/a> <\/li>\n<li class=\"breadcrumb-item active\" aria-current=\"page\"><a href=\"https:\/\/www.orm.es\/la-montera\/\" class=\"color-gris over-80 transition-1\" rel=\"nofollow noopener\" target=\"_blank\">LA MONTERA<\/a> <\/li>\n<\/ol>\n<p> Toda la actualidad del mundo de los toros, con Jos\u00e9 Francisco Bayona <\/p>\n<p>Borja Jim\u00e9nez se presentaba est\u00e1 tarde en Murcia sustituyendo a Morante. Y el sevillano form\u00f3 un l\u00edo con el mejor toro de una complicada corrida de Daniel Ruiz. Borja habl\u00f3 de la sensaciones que vivi\u00f3 en el coso de La Condomina despu\u00e9s de que Juan Ortega, que tambi\u00e9n sali\u00f3 a hombros en una tarde de llamativo compromiso y excelente toreo, hablara de su motivaci\u00f3n para hacer el esfuerzo que hizo en Murcia.<br \/>Todo ello con el an\u00e1lisis de las actuaciones (pasadas o futuras) de ambos toreros en Albacete y Salamanca con la opini\u00f3n de Salva Ferrer y Javier Hern\u00e1ndez.<br \/>Con Paco Villaverde discutimos demla actuaci\u00f3n de Manzanares, cogido por el primero de la tarde. Y con Jos\u00e9 Ram\u00f3n Lozano, director de comunicaci\u00f3n de Roca Rey, del estado de salud del peruano tras la cogida en Valladolid en v\u00edsperas de su actuaci\u00f3n en Murcia.<\/p>\n<p>Temas<\/p>\n","protected":false},"excerpt":{"rendered":"Podcasts CULTURA Y OCIO LA MONTERA Toda la actualidad del mundo de los toros, con Jos\u00e9 Francisco Bayona&hellip;\n","protected":false},"author":2,"featured_media":123495,"comment_status":"","ping_status":"","sticky":false,"template":"","format":"standard","meta":{"footnotes":""},"categories":[277],"tags":[373,168,25,24,23,167,374],"class_list":{"0":"post-123494","1":"post","2":"type-post","3":"status-publish","4":"format-standard","5":"has-post-thumbnail","7":"category-toreo","8":"tag-bullfighting","9":"tag-deportes","10":"tag-es","11":"tag-espana","12":"tag-spain","13":"tag-sports","14":"tag-toreo"},"share_on_mastodon":{"url":"","error":""},"_links":{"self":[{"href":"https:\/\/www.europesays.com\/es\/wp-json\/wp\/v2\/posts\/123494","targetHints":{"allow":["GET"]}}],"collection":[{"href":"https:\/\/www.europesays.com\/es\/wp-json\/wp\/v2\/posts"}],"about":[{"href":"https:\/\/www.europesays.com\/es\/wp-json\/wp\/v2\/types\/post"}],"author":[{"embeddable":true,"href":"https:\/\/www.europesays.com\/es\/wp-json\/wp\/v2\/users\/2"}],"replies":[{"embeddable":true,"href":"https:\/\/www.europesays.com\/es\/wp-json\/wp\/v2\/comments?post=123494"}],"version-history":[{"count":0,"href":"https:\/\/www.europesays.com\/es\/wp-json\/wp\/v2\/posts\/123494\/revisions"}],"wp:featuredmedia":[{"embeddable":true,"href":"https:\/\/www.europesays.com\/es\/wp-json\/wp\/v2\/media\/123495"}],"wp:attachment":[{"href":"https:\/\/www.europesays.com\/es\/wp-json\/wp\/v2\/media?parent=123494"}],"wp:term":[{"taxonomy":"category","embeddable":true,"href":"https:\/\/www.europesays.com\/es\/wp-json\/wp\/v2\/categories?post=123494"},{"taxonomy":"post_tag","embeddable":true,"href":"https:\/\/www.europesays.com\/es\/wp-json\/wp\/v2\/tags?post=123494"}],"curies":[{"name":"wp","href":"https:\/\/api.w.org\/{rel}","templated":true}]}}