{"id":123511,"date":"2025-09-18T17:40:10","date_gmt":"2025-09-18T17:40:10","guid":{"rendered":"https:\/\/www.europesays.com\/es\/123511\/"},"modified":"2025-09-18T17:40:10","modified_gmt":"2025-09-18T17:40:10","slug":"asi-fue-el-dia-que-la-artista-lo-predijo-en-su-documental","status":"publish","type":"post","link":"https:\/\/www.europesays.com\/es\/123511\/","title":{"rendered":"as\u00ed fue el d\u00eda que la artista lo predijo en su documental"},"content":{"rendered":"<p>La trayectoria de <a href=\"https:\/\/okdiario.com\/look\/estilo\/aitana-pastora-soler-asi-han-sido-mejores-looks-alfombra-roja-latin-grammy-2376549\" rel=\"nofollow noopener\" target=\"_blank\"><strong>Aitana<\/strong><\/a> contin\u00faa imparable. Ya no queda nada de la t\u00edmida joven que entr\u00f3 en Operaci\u00f3n Triunfo 2017. A d\u00eda de hoy, se ha consolidado como una de las artistas m\u00e1s conocidas y exitosas de nuestro pa\u00eds. Tanto es as\u00ed, que su \u00faltimo proyecto, titulado <strong>Cuarto Azul<\/strong>, acaba de obtener <strong>dos nominaciones<\/strong> a los Latin Grammys. As\u00ed lo ha anunciado la propia cantante a trav\u00e9s de su perfil de Instagram, donde se ha mostrado <strong>muy ilusionada<\/strong> con esta gran noticia.<\/p>\n<p><strong>\u00ab\u00a1Qu\u00e9 locura!<\/strong> Viva el color azul, el cuarto azul, el pedazo de equipo que tengo (que sin ellos nada de esto ser\u00eda posible) y a todo el mundo que ha formado parte de la era Cuarto Azul. Os amo. <strong>Estoy muy emocionada.<\/strong> Esto es muy fuerte, en fin\u00bb, escrib\u00eda.<\/p>\n<blockquote class=\"instagram-media\" style=\"background: #FFF; border: 0; border-radius: 3px; box-shadow: 0 0 1px 0 rgba(0,0,0,0.5),0 1px 10px 0 rgba(0,0,0,0.15); margin: 1px; max-width: 540px; min-width: 326px; padding: 0; width: calc(100% - 2px);\" data-instgrm-captioned=\"\" data-instgrm-permalink=\"https:\/\/www.instagram.com\/p\/DOtUGedAi9E\/?utm_source=ig_embed&amp;utm_campaign=loading\" data-instgrm-version=\"14\">\n<\/blockquote>\n<p>Como no pod\u00eda ser de otra manera, el post no ha tardado en llenarse de mensajes de felicitaciones, aunque sin duda, entre todos, ha destacado el de Plex, el influencer con el que la catalana mantiene una discreta relaci\u00f3n sentimental desde hace unos meses. Por otro lado, la productora Universal Music Group tampoco ha querido dejar pasar la oportunidad de mostrarse orgullosa de la noticia. <strong>\u00abQu\u00e9 notici\u00f3n. Cu\u00e1nto trabajo y cu\u00e1nto talento hay tras esas merecid\u00edsimas nominaciones\u00bb<\/strong>, escrib\u00eda. Por otro lado, numerosos compa\u00f1eros de profesi\u00f3n de Aitana tambi\u00e9n han querido comentar la publicaci\u00f3n, como es el caso de Ela Taubert, entre otros.<\/p>\n<p>Aitana ha sido nominada a la categor\u00eda Mejor \u00c1lbum Vocal Pop con \u00bfY ahora qu\u00e9? de <strong>Alejandro Sanz<\/strong>, En las nubes- Con mis panas, de <strong>Elena Rose<\/strong>, Palacio de Elsa y Elmas y Al romper la burbuja, de <strong>Joaquina.<\/strong><\/p>\n<p>\n<img decoding=\"async\" loading=\"lazy\" class=\"size-medium wp-image-2382465\" alt=\"aitana, latin grammy aitana\" width=\"620\" height=\"413\"  src=\"https:\/\/www.europesays.com\/es\/wp-content\/uploads\/2025\/09\/1758214691_923_placeholder.jpg\"  bad-src=\"https:\/\/www.europesays.com\/es\/wp-content\/uploads\/2025\/09\/1758214691_923_placeholder.jpg\"\/><\/p>\n<p><img decoding=\"async\" loading=\"lazy\" class=\"size-medium wp-image-2382465\" src=\"https:\/\/www.europesays.com\/es\/wp-content\/uploads\/2025\/09\/concierto-620x413.jpg\" alt=\"aitana, latin grammy aitana\" width=\"620\" height=\"413\"  \/><\/p>\n<p> Aitana en un concierto en Madrid. (Foto: Gtres)\n<\/p>\n<p>Aunque la catalana se ha mostrado sorprendida con las dos nominaciones que acaba de recibir, lo cierto es que, hace un tiempo, concretamente cuando grab\u00f3 el <strong>documental de Netflix<\/strong>, titulado <strong>Metamorfosis<\/strong>, fue ella misma la que lo predijo. Y es que ya asegur\u00f3 que pensaba que pod\u00eda recibir alguna que otra nominaci\u00f3n a los Latin Grammy con su single compartido con Sebasti\u00e1n Yatra <strong>(Akureyri)<\/strong>. Y aunque solo se ha confundido con el tema, lo cierto es que Aitana no iba mal encaminada. De hecho, tal y como esperaba, su carrera contin\u00faa creciendo como la espuma.<\/p>\n<p>La int\u00e9rprete de Con la miel en los labios se ha enterado de su doble nominaci\u00f3n a los galardones mencionados mientras estaba de vacaciones en Islandia. <strong>\u00abEnter\u00e1ndome en mi lugar favorito del mundo<\/strong>, que tenemos dos nominaciones a Latin Grammys\u00bb, escrib\u00eda en sus redes. Como no pod\u00eda ser de otra manera, Plex se encuentra junto a ella, tal y como han publicado varios medios. Un viaje en un momento muy especial que deja entrever, una vez m\u00e1s, que su romance contin\u00faa avanzando por el mejor de los caminos.<\/p>\n<p>\t\t\t\t\t\t\t<script async src=\"\/\/www.instagram.com\/embed.js\"><\/script><\/p>\n","protected":false},"excerpt":{"rendered":"La trayectoria de Aitana contin\u00faa imparable. Ya no queda nada de la t\u00edmida joven que entr\u00f3 en Operaci\u00f3n&hellip;\n","protected":false},"author":2,"featured_media":123512,"comment_status":"","ping_status":"","sticky":false,"template":"","format":"standard","meta":{"footnotes":""},"categories":[170],"tags":[3519,146,147,25,24,184,185,23],"class_list":{"0":"post-123511","1":"post","2":"type-post","3":"status-publish","4":"format-standard","5":"has-post-thumbnail","7":"category-musica","8":"tag-aitana","9":"tag-entertainment","10":"tag-entretenimiento","11":"tag-es","12":"tag-espana","13":"tag-music","14":"tag-musica","15":"tag-spain"},"share_on_mastodon":{"url":"","error":""},"_links":{"self":[{"href":"https:\/\/www.europesays.com\/es\/wp-json\/wp\/v2\/posts\/123511","targetHints":{"allow":["GET"]}}],"collection":[{"href":"https:\/\/www.europesays.com\/es\/wp-json\/wp\/v2\/posts"}],"about":[{"href":"https:\/\/www.europesays.com\/es\/wp-json\/wp\/v2\/types\/post"}],"author":[{"embeddable":true,"href":"https:\/\/www.europesays.com\/es\/wp-json\/wp\/v2\/users\/2"}],"replies":[{"embeddable":true,"href":"https:\/\/www.europesays.com\/es\/wp-json\/wp\/v2\/comments?post=123511"}],"version-history":[{"count":0,"href":"https:\/\/www.europesays.com\/es\/wp-json\/wp\/v2\/posts\/123511\/revisions"}],"wp:featuredmedia":[{"embeddable":true,"href":"https:\/\/www.europesays.com\/es\/wp-json\/wp\/v2\/media\/123512"}],"wp:attachment":[{"href":"https:\/\/www.europesays.com\/es\/wp-json\/wp\/v2\/media?parent=123511"}],"wp:term":[{"taxonomy":"category","embeddable":true,"href":"https:\/\/www.europesays.com\/es\/wp-json\/wp\/v2\/categories?post=123511"},{"taxonomy":"post_tag","embeddable":true,"href":"https:\/\/www.europesays.com\/es\/wp-json\/wp\/v2\/tags?post=123511"}],"curies":[{"name":"wp","href":"https:\/\/api.w.org\/{rel}","templated":true}]}}