{"id":123515,"date":"2025-09-18T17:42:11","date_gmt":"2025-09-18T17:42:11","guid":{"rendered":"https:\/\/www.europesays.com\/es\/123515\/"},"modified":"2025-09-18T17:42:11","modified_gmt":"2025-09-18T17:42:11","slug":"mclaughlin-levrone-hace-temblar-el-record-yulimar-rojas-destronada","status":"publish","type":"post","link":"https:\/\/www.europesays.com\/es\/123515\/","title":{"rendered":"McLaughlin-Levrone hace temblar el r\u00e9cord, Yulimar Rojas destronada"},"content":{"rendered":"<p>    <img src=\"https:\/\/www.europesays.com\/es\/wp-content\/uploads\/2025\/09\/2025-09-18T163A383A56Z-90029802.jpg\" width=\"1024\" height=\"682\" alt=\"\" loading=\"eager\" decoding=\"sync\" fetchpriority=\"high\"\/><\/p>\n<p>            afp_tickers        <\/p>\n<p>        Este contenido fue publicado en    <\/p>\n<p>        18 septiembre 2025 &#8211; 18:38\n<\/p>\n<p>El atletismo vibr\u00f3 este jueves en el Mundial de Tokio con una final antol\u00f3gica de 400 metros donde la estadounidense Sydney McLaughlin-Levrone se acerc\u00f3 a 18 cent\u00e9simas de segundo del r\u00e9cord del mundo, a la vez que Yulimar Rojas era destronada en triple salto por Leyanis P\u00e9rez.<\/p>\n<p>Todo ocurr\u00eda de manera casi simult\u00e1nea en el estadio Nacional, donde McLaughlin-Levrone fue la protagonista de la velada al triunfar en la vuelta de pista con un crono de 47.78, el segundo mejor de la historia, superando a la defensora del t\u00edtulo, la dominicana Marileidy Paulino, plata con 47.98 metros.<\/p>\n<p>Desde 1985 ninguna atleta hab\u00eda dado la vuelta al estadio en menos de 48 segundos y en esta carrera lo hicieron dos, mientras que la barein\u00ed Salwa Eid Naser se qued\u00f3 con el bronce (48.19).<\/p>\n<p>La de Paulino, campeona ol\u00edmpica, fue la tercera mejor marca de todos los tiempos, superando la de la checoslovaca Jarmila Kratochvilova (47.99 en 1983), pero ni esa haza\u00f1a le permiti\u00f3 revalidar el t\u00edtulo mundial que hab\u00eda logrado hace dos a\u00f1os en Budapest.<\/p>\n<p>\u2013 \u00bfCu\u00e1ndo el 47.60? \u2013<\/p>\n<p>Lo que s\u00ed dejaron claro tanto McLaughlin-Levrone como la dominicana es que el viejo r\u00e9cord mundial de la alemana Marita Koch (47.60, en pie desde 1985) puede empezar a tambalearse.<\/p>\n<p>\u00abEs un inmenso honor. Sab\u00eda que pod\u00eda correr hoy r\u00e1pido, sab\u00eda que pod\u00eda conseguir algo grande\u00bb, admiti\u00f3 McLaughlin-Levrone, plusmarquista mundial y campeona ol\u00edmpica de los 400 metros vallas que esta temporada se propuso ser la mejor tambi\u00e9n en los 400 metros planos.<\/p>\n<p>Marileidy Paulino, vigente campeona ol\u00edmpica de la prueba y que hab\u00eda logrado el oro mundial hace dos a\u00f1os, confi\u00f3 en poder batir el r\u00e9cord mundial en el futuro.<\/p>\n<p>\u00abHoy fue algo excepcional. Sigo teniendo fe en que alg\u00fan d\u00eda lograr\u00e9 ese r\u00e9cord del mundo. Ya entr\u00e9 dentro de los 47, as\u00ed que alg\u00fan d\u00eda lo voy a conseguir\u00bb, asegur\u00f3.<\/p>\n<p>\u2013 Bronce agridulce \u2013<\/p>\n<p>La otra mujer que atra\u00eda las miradas este jueves en Tokio era la venezolana Yulimar Rojas, que despu\u00e9s de dos a\u00f1os sin competir en su prueba-fetiche por una grave lesi\u00f3n en el tend\u00f3n de Aquiles aspiraba a un in\u00e9dito quinto t\u00edtulo mundial consecutivo en el triple salto.<\/p>\n<p>Pero no hubo milagro para la caraque\u00f1a de 29 a\u00f1os, cuyo resultado estuvo alejado de sus est\u00e1ndares: 14,76 metros (casi un metro por detr\u00e1s de su r\u00e9cord mundial de 15,74 m) y un bronce, inusual para una carrera en la que encadenaba oro tras oro antes de la lesi\u00f3n de abril de 2024.<\/p>\n<p>\u00abHace meses no pod\u00eda ni caminar, no sab\u00eda si iba a volver a un escenario como \u00e9ste. Tener una medalla en el cuello, es un bronce, pero es una victoria personal\u00bb, dijo Rojas, que no pod\u00eda ocultar las l\u00e1grimas de decepci\u00f3n tras el final del concurso.<\/p>\n<p>Leyanis P\u00e9rez, que domin\u00f3 el concurso de principio a fin, fue la vencedora con 14,94 metros, mientras que la medalla de plata fue para la campeona ol\u00edmpica dominiquesa Thea LaFond (14,89 metros).<\/p>\n<p>\u2013 Botsuana, doble alegr\u00eda \u2013<\/p>\n<p>En las otras finales del jueves en Tokio, Botsuana, que hab\u00eda colocado a tres representantes por sorpresa en la final de 400 metros masculino, triunf\u00f3 gracias a Busang Collen Kebinatshipi (43.53), que domin\u00f3 una carrera en la que el trinitense Jereem Richards (43.72) fue plata y el tambi\u00e9n botsuano Bayapo Ndori (44.20) bronce.<\/p>\n<p>El pa\u00eds africano sue\u00f1a ahora con otra alegr\u00eda el viernes por medio de su estrella nacional, el campe\u00f3n ol\u00edmpico de 200 metros Letsile Tebogo, que se clasific\u00f3 este jueves para la final de esa prueba, donde tendr\u00e1 a Noah Lyles como duro competidor.<\/p>\n<p>La otra final del jueves fue la de lanzamiento de jabalina y all\u00ed el veterano trinitense Keshorn Walcott sorprendi\u00f3 venciendo con 88 metros y 16 cent\u00edmetros.<\/p>\n<p>Volv\u00eda as\u00ed a un gran podio internacional despu\u00e9s de haber sido el campe\u00f3n ol\u00edmpico en Londres 2012 y de haberse colgado el bronce ol\u00edmpico en Rio 2016.<\/p>\n<p>dr\/iga<\/p>\n","protected":false},"excerpt":{"rendered":"afp_tickers Este contenido fue publicado en 18 septiembre 2025 &#8211; 18:38 El atletismo vibr\u00f3 este jueves en el&hellip;\n","protected":false},"author":2,"featured_media":123516,"comment_status":"","ping_status":"","sticky":false,"template":"","format":"standard","meta":{"footnotes":""},"categories":[93],"tags":[40461,168,25,24,23,3020,167,28841,90,40462,35245],"class_list":{"0":"post-123515","1":"post","2":"type-post","3":"status-publish","4":"format-standard","5":"has-post-thumbnail","7":"category-deportes","8":"tag-athletics","9":"tag-deportes","10":"tag-es","11":"tag-espana","12":"tag-spain","13":"tag-sport","14":"tag-sports","15":"tag-sports-event","16":"tag-ticker","17":"tag-track-and-field","18":"tag-world-championship"},"share_on_mastodon":{"url":"","error":""},"_links":{"self":[{"href":"https:\/\/www.europesays.com\/es\/wp-json\/wp\/v2\/posts\/123515","targetHints":{"allow":["GET"]}}],"collection":[{"href":"https:\/\/www.europesays.com\/es\/wp-json\/wp\/v2\/posts"}],"about":[{"href":"https:\/\/www.europesays.com\/es\/wp-json\/wp\/v2\/types\/post"}],"author":[{"embeddable":true,"href":"https:\/\/www.europesays.com\/es\/wp-json\/wp\/v2\/users\/2"}],"replies":[{"embeddable":true,"href":"https:\/\/www.europesays.com\/es\/wp-json\/wp\/v2\/comments?post=123515"}],"version-history":[{"count":0,"href":"https:\/\/www.europesays.com\/es\/wp-json\/wp\/v2\/posts\/123515\/revisions"}],"wp:featuredmedia":[{"embeddable":true,"href":"https:\/\/www.europesays.com\/es\/wp-json\/wp\/v2\/media\/123516"}],"wp:attachment":[{"href":"https:\/\/www.europesays.com\/es\/wp-json\/wp\/v2\/media?parent=123515"}],"wp:term":[{"taxonomy":"category","embeddable":true,"href":"https:\/\/www.europesays.com\/es\/wp-json\/wp\/v2\/categories?post=123515"},{"taxonomy":"post_tag","embeddable":true,"href":"https:\/\/www.europesays.com\/es\/wp-json\/wp\/v2\/tags?post=123515"}],"curies":[{"name":"wp","href":"https:\/\/api.w.org\/{rel}","templated":true}]}}