{"id":123525,"date":"2025-09-18T17:47:08","date_gmt":"2025-09-18T17:47:08","guid":{"rendered":"https:\/\/www.europesays.com\/es\/123525\/"},"modified":"2025-09-18T17:47:08","modified_gmt":"2025-09-18T17:47:08","slug":"la-comision-europea-quiere-ejercer-presion-sobre-israel-dw-18-09-2025","status":"publish","type":"post","link":"https:\/\/www.europesays.com\/es\/123525\/","title":{"rendered":"La Comisi\u00f3n Europea quiere ejercer presi\u00f3n sobre Israel \u2013 DW \u2013 18\/09\/2025"},"content":{"rendered":"<p>\u00abQuiero decirlo muy claramente. El objetivo no es castigar a Israel. El objetivo es mejorar la situaci\u00f3n en Gaza\u00bb, declar\u00f3 la alta representante para Pol\u00edtica Exterior de la UE, <a class=\"internal-link\" href=\"https:\/\/www.dw.com\/es\/kallas-kaja\/t-69497867\" rel=\"nofollow noopener\" target=\"_blank\">Kaja Kallas<\/a>, la v\u00edspera en Bruselas. Kallas, junto con otros dos comisarios, <a class=\"internal-link\" href=\"https:\/\/www.dw.com\/es\/europa-propone-paquete-de-sanciones-contra-israel\/a-74026178\" rel=\"nofollow noopener\" target=\"_blank\">present\u00f3 un nuevo paquete de medidas contra Israel<\/a>.<\/p>\n<p>La semana pasada, la presidenta de la Comisi\u00f3n Europea, <a class=\"internal-link\" href=\"https:\/\/www.dw.com\/es\/ue-propone-suspensi\u00f3n-parcial-de-pacto-comercial-con-israel\/a-73947830\" rel=\"nofollow noopener\" target=\"_blank\">Ursula von der Leyen, anunci\u00f3 medidas contra Israel<\/a>, lo que marca un <a class=\"internal-link\" href=\"https:\/\/www.dw.com\/es\/ursula-von-der-leyen-exhibe-inesperada-firmeza-con-israel\/a-73965392\" rel=\"nofollow noopener\" target=\"_blank\">cambio de rumbo para la Comisi\u00f3n<\/a>.<\/p>\n<p>Estas propuestas son la implementaci\u00f3n de dicho anuncio. Seg\u00fan Kallas, la \u00faltima incursi\u00f3n del Gobierno israel\u00ed en la Ciudad de Gaza supone una \u00abnueva escalada de la guerra, que agrava a\u00fan m\u00e1s la crisis humanitaria\u00bb.<\/p>\n<p>El nuevo paquete de medidas de la Uni\u00f3n Europea abarca tres aspectos.<\/p>\n<p>Sanciones contra \u00abministros extremistas\u00bb y \u00abcolonos violentos\u00bb<\/p>\n<p>La jefa de la diplomacia europea ha presentado lo que ella denomina un \u00abrobusto paquete de sanciones\u00bb. Este incluye sanciones contra \u00abterroristas de Ham\u00e1s\u00bb, \u00abministros extremistas\u00bb del Gobierno de <a class=\"internal-link\" href=\"https:\/\/www.dw.com\/es\/israel\/t-17412656\" rel=\"nofollow noopener\" target=\"_blank\">Israel<\/a> y \u00abcolonos violentos\u00bb, as\u00ed como contra entidades que apoyan la impunidad en <a class=\"internal-link\" href=\"https:\/\/www.dw.com\/es\/cisjordania\/t-42115134\" rel=\"nofollow noopener\" target=\"_blank\">Cisjordania<\/a>.<\/p>\n<p><a class=\"internal-link\" href=\"https:\/\/www.dw.com\/es\/ham\u00e1s\/t-17412524\" rel=\"nofollow noopener\" target=\"_blank\">Ham\u00e1s<\/a>, clasificado como organizaci\u00f3n terrorista por la UE, Estados Unidos y otros pa\u00edses occidentales, es responsable del ataque contra Israel del 7 de octubre de 2023. Seg\u00fan fuentes israel\u00edes, alrededor de 1.200 personas murieron y m\u00e1s de 250 fueron tomadas como rehenes. Seg\u00fan la autoridad sanitaria de <a class=\"internal-link\" href=\"https:\/\/www.dw.com\/es\/franja-de-gaza\/t-67111647\" rel=\"nofollow noopener\" target=\"_blank\">Gaza<\/a>, controlada por Ham\u00e1s, el contraataque militar israel\u00ed <a class=\"internal-link\" href=\"https:\/\/www.dw.com\/es\/ya-son-m\u00e1s-de-65000-los-palestinos-muertos-en-gaza\/a-74030694\" rel=\"nofollow noopener\" target=\"_blank\">ha causado hasta la fecha la muerte de m\u00e1s de 65.000 personas<\/a>.<\/p>\n<p><a class=\"internal-link\" href=\"https:\/\/www.dw.com\/es\/nuevas-sanciones-contra-colonos-israel\u00edes-en-cisjordania\/a-68874839\" rel=\"nofollow noopener\" target=\"_blank\">La UE ya ha sancionado a colonos en el pasado<\/a> y ahora quiere intensificar estas medidas. Seg\u00fan una funcionaria de la UE, la propuesta de sancionar a dos ministros israel\u00edes lleva tiempo sobre la mesa. Se trata del ministro de Finanzas, Bezalel Smotrich, y del ministro de Seguridad P\u00fablica, Itamar Ben-Gvir. Para que estas sanciones entren en vigor, se requerir\u00e1 la aprobaci\u00f3n de los 27 Estados miembros de la UE. Hasta ahora, esto se consideraba improbable, ya que no existe una postura com\u00fan entre los 27 Estados miembros de la UE en lo que respecta a la relaci\u00f3n con Israel.<\/p>\n<p>Suspensi\u00f3n parcial de las regulaciones comerciales<\/p>\n<p>La Comisi\u00f3n Europea tambi\u00e9n ha propuesto suspender algunas disposiciones de la secci\u00f3n comercial del Acuerdo de Asociaci\u00f3n UE-Israel. \u00abEn la pr\u00e1ctica, esto significa que las importaciones procedentes de Israel a la UE perder\u00e1n su acceso privilegiado al mercado comunitario\u00bb, explic\u00f3 el comisario de Comercio de la UE, Maros Sefcovic, en Bruselas. Estos productos recibir\u00edan entonces el mismo trato que los productos procedentes de pa\u00edses con los que no existen acuerdos comerciales.<\/p>\n<p>Seg\u00fan funcionarios de la UE, esta regulaci\u00f3n afectar\u00eda al 37\u2009% de todas las exportaciones israel\u00edes a la UE. En total, la UE importa productos de Israel por un valor de casi 16.000 millones de euros; productos por un valor de 5.800 millones de euros se ver\u00edan afectados por las medidas. Si el tr\u00e1fico comercial se mantuviera igual, los importadores de la UE tendr\u00edan que pagar 227 millones de euros m\u00e1s por los productos israel\u00edes, seg\u00fan c\u00e1lculos de la UE.<\/p>\n<p>Seg\u00fan la Comisi\u00f3n Europea, la UE es el socio comercial m\u00e1s importante de Israel, mientras que Israel ocupa el puesto 31 en la UE.<\/p>\n<p>Sin embargo, seg\u00fan Maros Sefcovic, no se trata s\u00f3lo de cifras concretas, sino tambi\u00e9n de una \u00abdecisi\u00f3n pol\u00edtica\u00bb. Para que esta decisi\u00f3n surta efecto, tendr\u00eda que estar de acuerdo una mayor\u00eda cualificada de los Estados miembros (es decir, 15 Estados miembros que representen al menos al 65\u00a0% de los ciudadanos de la UE).<\/p>\n<p>Las medidas contra Israel han fracasado hasta la fecha, <a class=\"internal-link\" href=\"https:\/\/www.dw.com\/es\/cambiar\u00e1-alemania-de-postura-sobre-sanciones-hacia-israel-por-gaza\/a-73898403\" rel=\"nofollow noopener\" target=\"_blank\">especialmente en Alemania<\/a>. El Gobierno alem\u00e1n no se ha pronunciado directamente sobre las \u00faltimas propuestas. Sin embargo, seg\u00fan varias agencias de noticias, un portavoz gubernamental enfatiz\u00f3 que la postura fundamental hacia Israel no ha cambiado.<\/p>\n<p>En Bruselas, la jefa de la diplomacia europea reconoci\u00f3 que, si bien la opini\u00f3n p\u00fablica en los Estados miembros hab\u00eda cambiado a la luz del sufrimiento en Gaza, las l\u00edneas pol\u00edticas en las capitales europeas no se han modificado. Las medidas se debatir\u00e1n ahora. Dadas las posiciones actuales, probablemente ser\u00e1 muy dif\u00edcil que se alcance la mayor\u00eda necesaria.<\/p>\n<p>Recorte de fondos de la UE<\/p>\n<p>Como tercer punto, la Comisi\u00f3n Europea retendr\u00e1 los pagos de la UE procedentes de un fondo para la cooperaci\u00f3n internacional con Israel. Seg\u00fan otro funcionario de la UE, esto supondr\u00eda unos 6 millones de euros para 2025, destinados tanto a programas de asociaci\u00f3n como a financiaci\u00f3n regional para la aplicaci\u00f3n de los <a class=\"internal-link\" href=\"https:\/\/www.dw.com\/es\/qu\u00e9-ha-cambiado-en-el-medio-oriente-a-cinco-a\u00f1os-de-los-acuerdos-de-abraham\/a-74002220\" rel=\"nofollow noopener\" target=\"_blank\">Acuerdos de Abraham<\/a>.<\/p>\n<p>Adem\u00e1s, se retrendr\u00e1n tambi\u00e9n otros 9,5 millones de euros de proyectos ya en marcha. Seg\u00fan el alto funcionario, no se ver\u00e1n afectados unos 20 millones de euros para el Memorial del Holocausto Yad Vashem, ni otros fondos para la sociedad civil y las iniciativas de paz entre israel\u00edes y palestinos.<\/p>\n<p>Estas decisiones entrar\u00edan en vigor de inmediato. La UE puede tomar la decisi\u00f3n unilateralmente en circunstancias especiales, subraya Dubravka Suica, comisaria de la UE responsable de la regi\u00f3n mediterr\u00e1nea.<\/p>\n<p>Fuertes cr\u00edticas de Israel<\/p>\n<p>El Gobierno israel\u00ed ha criticado duramente las propuestas de la Comisi\u00f3n Europea. El ministro de Exteriores israel\u00ed, Gideon Saar, calific\u00f3 en la <a rel=\"noopener follow nofollow\" target=\"_blank\" class=\"external-link\" href=\"https:\/\/x.com\/gidonsaar\/status\/1965714142985114021\" title=\"Enlace externo \u2014 red social X\">red social X<\/a> los anuncios de la semana pasada de \u00ablamentables\u00bb y acus\u00f3 a Von der Leyen de repetir la propaganda de Ham\u00e1s.<\/p>\n<p>Este mi\u00e9rcoles, fue m\u00e1s all\u00e1, calificando <a rel=\"noopener follow nofollow\" target=\"_blank\" class=\"external-link\" href=\"https:\/\/x.com\/gidonsaar\/status\/1968301314447651027\" title=\"Enlace externo \u2014 tambi\u00e9n en X\">tambi\u00e9n en X<\/a> las propuestas de \u00abmoral y pol\u00edticamente distorsionadas\u00bb. Esperan que no se implementen, como ha sucedido hasta ahora. \u00abLas medidas contra Israel recibir\u00edan la respuesta correspondiente\u00bb, advirti\u00f3 Saar. Sin embargo, Israel espera\u00a0no tener que tomarlas.<\/p>\n<p>(lgc\/rml)\u00a0<\/p>\n","protected":false},"excerpt":{"rendered":"\u00abQuiero decirlo muy claramente. El objetivo no es castigar a Israel. El objetivo es mejorar la situaci\u00f3n en&hellip;\n","protected":false},"author":2,"featured_media":123526,"comment_status":"","ping_status":"","sticky":false,"template":"","format":"standard","meta":{"footnotes":""},"categories":[42],"tags":[17,18,13,14,11,61,62,63,64,19,20,9,10,15,16,12,21,22,65,66,67],"class_list":{"0":"post-123525","1":"post","2":"type-post","3":"status-publish","4":"format-standard","5":"has-post-thumbnail","7":"category-internacional","8":"tag-breaking-news","9":"tag-breakingnews","10":"tag-featured-news","11":"tag-featurednews","12":"tag-headlines","13":"tag-internacional","14":"tag-international","15":"tag-international-news","16":"tag-internationalnews","17":"tag-latest-news","18":"tag-latestnews","19":"tag-news","20":"tag-noticias","21":"tag-noticias-destacadas","22":"tag-noticiasdestacadas","23":"tag-titulares","24":"tag-ultimas-noticias","25":"tag-ultimasnoticias","26":"tag-world","27":"tag-world-news","28":"tag-worldnews"},"share_on_mastodon":{"url":"","error":""},"_links":{"self":[{"href":"https:\/\/www.europesays.com\/es\/wp-json\/wp\/v2\/posts\/123525","targetHints":{"allow":["GET"]}}],"collection":[{"href":"https:\/\/www.europesays.com\/es\/wp-json\/wp\/v2\/posts"}],"about":[{"href":"https:\/\/www.europesays.com\/es\/wp-json\/wp\/v2\/types\/post"}],"author":[{"embeddable":true,"href":"https:\/\/www.europesays.com\/es\/wp-json\/wp\/v2\/users\/2"}],"replies":[{"embeddable":true,"href":"https:\/\/www.europesays.com\/es\/wp-json\/wp\/v2\/comments?post=123525"}],"version-history":[{"count":0,"href":"https:\/\/www.europesays.com\/es\/wp-json\/wp\/v2\/posts\/123525\/revisions"}],"wp:featuredmedia":[{"embeddable":true,"href":"https:\/\/www.europesays.com\/es\/wp-json\/wp\/v2\/media\/123526"}],"wp:attachment":[{"href":"https:\/\/www.europesays.com\/es\/wp-json\/wp\/v2\/media?parent=123525"}],"wp:term":[{"taxonomy":"category","embeddable":true,"href":"https:\/\/www.europesays.com\/es\/wp-json\/wp\/v2\/categories?post=123525"},{"taxonomy":"post_tag","embeddable":true,"href":"https:\/\/www.europesays.com\/es\/wp-json\/wp\/v2\/tags?post=123525"}],"curies":[{"name":"wp","href":"https:\/\/api.w.org\/{rel}","templated":true}]}}