{"id":123535,"date":"2025-09-18T17:55:12","date_gmt":"2025-09-18T17:55:12","guid":{"rendered":"https:\/\/www.europesays.com\/es\/123535\/"},"modified":"2025-09-18T17:55:12","modified_gmt":"2025-09-18T17:55:12","slug":"el-psoe-presiona-y-traslada-a-sus-alcaldes-el-boicot-a-la-vuelta-a-espana-en-tenerife","status":"publish","type":"post","link":"https:\/\/www.europesays.com\/es\/123535\/","title":{"rendered":"El PSOE presiona y traslada a sus alcaldes el boicot a la Vuelta a Espa\u00f1a en Tenerife"},"content":{"rendered":"<p class=\"ft-text ft-helper-closenews\">La secretaria de Organizaci\u00f3n del PSOE de Canarias, <strong>Nira Fierro<\/strong>, reta al presidente del Gobierno regional, <strong>Fernando Clavijo<\/strong>, y a la presidenta del Cabildo de Tenerife, <strong>Rosa D\u00e1vila<\/strong>, a evitar que l<a class=\"ft-link ft-link--decoration\" href=\"https:\/\/www.eldia.es\/tenerife\/2025\/09\/16\/tenerife-brete-amenaza-renuncia-gran-121627188.html\" rel=\"nofollow noopener\" target=\"_blank\">a Vuelta Ciclista a Espa\u00f1a del a\u00f1o pr\u00f3ximo <\/a>celebre en las Islas las etapas finales de la prueba si participa un equipo israel\u00ed, en el caso de que el Ejecutivo canario y las corporaciones insulares tinerfe\u00f1a y grancanaria lo acuerden con la organizaci\u00f3n.<\/p>\n<p class=\"ft-text\">Los socialistas trasladar\u00e1n su <strong>oposici\u00f3n al paso de la competici\u00f3n por Tenerife<\/strong> a trav\u00e9s de una <strong>moci\u00f3n que tambi\u00e9n presentar\u00e1n en los municipios<\/strong> en los que gobiernan como f\u00f3rmula para boicotear la prueba. El primero en manifestar su \u00abrechazo total y absoluto\u00bb al paso de La Vuelta por su localidad es el alcalde de La Laguna, <strong>Luis Yeray Guti\u00e9rrez<\/strong>.<\/p>\n<p>La condici\u00f3n: garant\u00edas de seguridad<\/p>\n<p class=\"ft-text\">Es la reacci\u00f3n del PSOE a las palabras del vicepresidente primero de la Corporaci\u00f3n insular, <strong>Lope Afonso (PP)<\/strong>, quien anteayer dijo que \u00ab<strong>ser\u00eda de locos no aprovechar la oportunidad<\/strong> de traer a Tenerife una prueba de la relevancia de la Vuelta a Espa\u00f1a\u00bb. Entonces, como ayer, asegur\u00f3 que <strong>si no se garantizan las condiciones<\/strong> de \u00abseguridad, organizaci\u00f3n y difusi\u00f3n, <strong>probablemente no nos interese<\/strong>\u00ab.<\/p>\n<p class=\"ft-text\">Posicionamiento que secund\u00f3 el vicepresidente segundo del Cabildo, <strong>Jos\u00e9 Miguel Ruano (CC)<\/strong>, quien se mostr\u00f3 <strong>\u00ababsolutamente de acuerdo\u00bb<\/strong> con lo expresado por su compa\u00f1ero de gobierno. \u00abNo estamos para crear problemas donde no los hay\u00bb, sentenci\u00f3 el dirigente &#8216;popular&#8217; a rengl\u00f3n seguido.<\/p>\n<p><img decoding=\"async\" src=\"https:\/\/www.europesays.com\/es\/wp-content\/uploads\/2025\/09\/57c41ccf-0f15-476a-b649-92245d7bf327_alta-libre-aspect-ratio_default_0.jpg\" width=\"1200\" height=\"800\" alt=\"Lope Afonso (i) y Jos\u00e9 Miguel Ruano, ayer.\" class=\"ft-helper-img-rd\" loading=\"lazy\" hasdataaida=\"true\"\/><\/p>\n<p class=\"ft-helper-fontColor-quaternary ft-helper-fontSize-body-S ft-helper-spacer-t-xxs\">Lope Afonso (i) y Jos\u00e9 Miguel Ruano, ayer.  \/ El D\u00eda \/ Juanjo Vel\u00c3\u00a1zquez Fot\u00c3\u00b3grafo<\/p>\n<p>Genocidio, barbarie y masacre<\/p>\n<p class=\"ft-text\">El movimiento de <strong>protestas contra la destrucci\u00f3n de Gaza por Israel<\/strong> y por la presencia en la prueba del equipo isarel\u00ed Premier Tech que <a class=\"ft-link ft-link--decoration\" href=\"https:\/\/www.eldia.es\/vuelta-espana\/2025\/09\/15\/lograron-manifestantes-suspender-final-vuelta-121579014.html\" rel=\"nofollow noopener\" target=\"_blank\">impidi\u00f3 la finalizaci\u00f3n de la \u00faltima etapa de la Vuelta Ciclista a Espa\u00f1a<\/a> el domingo pasado, en Madrid, genera este debate pol\u00edtico p\u00fablico en el que los socialistas no dudan en calificar de <strong>genocidio<\/strong> la acci\u00f3n isarel\u00ed, t\u00e9rmino que eludieron Afonso y Ruano durante su comparecencia ayer para dar cuenta de los acuerdos del Consejo de Gobierno Insular. Se limitaron a hablar de \u00abmasacre\u00bb y \u00abbarbarie\u00bb. Cabe recordar que una intervenci\u00f3n independiente de la <strong>ONU<\/strong>, encargada por el Consejo de Derechos Humanos, destaca la <strong>\u00abintencionalidad genocida\u00bb<\/strong> del gobierno israel\u00ed.<\/p>\n<p class=\"ft-text\">Aunque arranc\u00f3 expresando que \u00abno nos negamos a que la Vuelta a Espa\u00f1a se celebre en el municipio. Al contrario. Nos encantar\u00eda\u00bb, el alcalde de Santa Cruz de Tenerife, <strong>Jos\u00e9 Manuel Berm\u00fadez<\/strong>, sostuvo que \u00abno tiene sentido estar en contra por motivos pol\u00edticos cuando todav\u00eda no se sabe qu\u00e9 equipos estar\u00e1n\u00bb. En el caso de que se confirme la presencia de rusos y\/o isreael\u00eds, el regidor termin\u00f3 mostr\u00e1ndose prudente: \u00abEn ese caso, <strong>deber\u00edamos hacer una reflexi\u00f3n en el grupo de gobierno<\/strong> sobre nuestra posici\u00f3n, pero estas decisiones hay que tomarlas cuando se sepa el listado. Hasta no conocerlo, <strong>Santa Cruz sigue siendo opci\u00f3n<\/strong>. No tiene sentido decir no sin conocer el listado\u00bb.<\/p>\n<p>Las negociaciones continuar\u00e1n<\/p>\n<p class=\"ft-text\">En este marco, ayer Lope Afonso incidi\u00f3 en que <strong>la intenci\u00f3n es continuar las negociaciones<\/strong> tanto con la organizaci\u00f3n de la Vuelva como con las entidades federativas, <strong>si se garantizan los criterios de seguridad, de capacidad organizativa, de log\u00edstica y de asociaci\u00f3n a la imagen de la isla<\/strong>. Afonso expres\u00f3 su posici\u00f3n personal de <strong>condena \u00ababsoluta\u00bb y sin \u00abpaliativos\u00bb a lo que sucede en Gaza<\/strong>, y defendi\u00f3 que no blanquea \u00abni a Israel, ni a Ham\u00e1s, ni al r\u00e9gimen de Maduro, ni a Rusia\u00bb.<\/p>\n<p class=\"ft-text\">Sin cita expresa, el vicepresidente del Cabildo <strong>respondi\u00f3 as\u00ed a los socialistas<\/strong>. Ya entonces el alcalde de La Laguna hab\u00eda manifestado que \u00ablo que est\u00e1 sucediendo en Gaza es, sin lugar a dudas, un genocidio y <strong>blanquear el genocidio me parece aterrador<\/strong>\u00ab. Al tiempo, critic\u00f3 a las \u00abformaciones de derecha\u00bb por su \u00abutilizaci\u00f3n tendenciosa de mensajes crispados y de odio\u00bb.<\/p>\n<blockquote class=\"ft-mol-quote\" data-aida-quote=\"\"><p>\u00abLas instituciones canarias no pueden blanquear ning\u00fan tipo de actitud belicista ni el genocidio y barbarie que se est\u00e1 cometiendo en el pueblo palestino\u201d<\/p>\n<p class=\"ft-mol-quote__author--name\">Nira Fierro<\/p>\n<p class=\"ft-mol-quote__author--status\">\u2014 Secretaria de Organizaci\u00f3n del PSOE de Canarias<\/p>\n<\/blockquote>\n<p class=\"ft-text\">El PSOE de Canarias, por voz de Nira Fierro, incidi\u00f3 en que \u00ablas instituciones canarias <strong>no pueden blanquear ning\u00fan tipo de actitud belicista <\/strong>ni el genocidio y barbarie que se est\u00e1 cometiendo en el pueblo palestino\u201d.<\/p>\n<p>Blanquear desde el deporte<\/p>\n<p class=\"ft-text\">La celebraci\u00f3n de la Vuelta Ciclista a Espa\u00f1a en Canarias \u201ccuesta dinero\u201d. Su financiaci\u00f3n requiere la aportaci\u00f3n econ\u00f3mica de las instituciones canarias como los cabildos de Gran Canaria, de Tenerife y del Gobierno de Canarias. \u201cPor lo tanto, tambi\u00e9n el presidente del Gobierno, Fernando Clavijo, junto a Rosa D\u00e1vila, <strong>deber\u00e1n decir si van a apostar por blanquear a trav\u00e9s del deporte<\/strong> a lo que est\u00e1 pasando en Palestina con la participaci\u00f3n del equipo de Israel\u201d.<\/p>\n<p>La claridad de Gran Canaria<\/p>\n<p class=\"ft-text\">La Corpopraci\u00f3n insular de <strong>Gran Canaria anunci\u00f3 el lunes pasado que no permitir\u00e1 el desarrollo de la Vuelta en la Isla<\/strong> en el caso de que el pelot\u00f3n incluya la presencia de un equipo israel\u00ed. Hasta el momento, el Cabildo de Tenerife no se ha expresado con tanta rotundidad ni claridad.<\/p>\n<p class=\"ft-text\">En esta l\u00ednea, Tamara Raya exigi\u00f3 a la presidenta de la Corporaci\u00f3n insular que aclare <strong>\u201cde forma rotunda\u201d<\/strong> a la sociedad tinerfe\u00f1a \u00absi est\u00e1 dispuesta a que la isla participe en la Vuelta Ciclista con la participaci\u00f3n de Israel\u00bb, e insisti\u00f3 en que las organizaciones internacionales <strong>\u00abdeben excluir a Israel de los eventos deportivos<\/strong>, como as\u00ed lo hicieron con Rusia\u00bb.<\/p>\n<p><img decoding=\"async\" src=\"https:\/\/www.europesays.com\/es\/wp-content\/uploads\/2025\/09\/95223227-cfc4-4549-ab40-60af172c714f_alta-libre-aspect-ratio_default_0.jpg\" width=\"1200\" height=\"800\" alt=\"Un grupo de pro palestinoa a la llegada a la Universidad de Las Palmas de Gran Canaria.\" class=\"ft-helper-img-rd\" loading=\"lazy\" hasdataaida=\"true\"\/><\/p>\n<p class=\"ft-helper-fontColor-quaternary ft-helper-fontSize-body-S ft-helper-spacer-t-xxs\">Un grupo de pro palestinoa a la llegada a la Universidad de Las Palmas de Gran Canaria.  \/ El D\u00eda<\/p>\n<p>Una respuesta internacional<\/p>\n<p class=\"ft-text\">Este es un argumento al que tambi\u00e9n aludi\u00f3 el vicepresidente segundo insular, Jos\u00e9 Miguel Ruano, quien consider\u00f3 que la \u00abmasacre\u00bb que se registra en Gaza \u00abes imputable a Israel\u00bb, pero <strong>la respuesta debe proceder del \u00e1mbito internacional y sus organismos<\/strong> as\u00ed como de la Uni\u00f3n Europea, \u00aben nuestro caso\u00bb. La condena de la \u00abbarbarie\u00bb por parte de ambos vicepresidentes es <strong>\u00absin paliativos\u00bb<\/strong>.<\/p>\n<p class=\"ft-text\">Para la diputada socialista Tamara Raya, el Partido Popular en Canarias \u201clleva demostrando desde el inicio de esta legislatura que no est\u00e1 en absoluto <strong>comprometido con los derechos humanos<\/strong>, y aqu\u00ed lo hemos vivido en primera persona con lo que ha ocurrido con los menores migrantes. Y Coalici\u00f3n Canaria, si no hace algo, va a seguir siendo c\u00f3mplice de esa actitud que reitero y repito, <strong>no representa el sentir de la mayor\u00eda de la sociedad canaria<\/strong>, ni siquiera de la de Tenerife\u201d.<\/p>\n<p>Por toda la Isla<\/p>\n<p class=\"ft-text\">Raya anunci\u00f3 que el Grupo Socialista presentar\u00e1 <strong>una moci\u00f3n en el Cabildo de Tenerife<\/strong> para que se pronuncien todas las formaciones pol\u00edticas \u201cy digan si est\u00e1n a favor o no\u201d. <strong>Moci\u00f3n que trasladar\u00e1n a los ayuntamientos de la Isla<\/strong>, donde cuentan con una decena de alcaldes y gobiernan en otros dos.<\/p>\n<p data-close=\"closedContent\" class=\"subscribeHideForDisplay\">Suscr\u00edbete para seguir leyendo<\/p>\n","protected":false},"excerpt":{"rendered":"La secretaria de Organizaci\u00f3n del PSOE de Canarias, Nira Fierro, reta al presidente del Gobierno regional, Fernando Clavijo,&hellip;\n","protected":false},"author":2,"featured_media":123536,"comment_status":"","ping_status":"","sticky":false,"template":"","format":"standard","meta":{"footnotes":""},"categories":[273],"tags":[20529,35163,1896,313,312,168,25,24,694,3643,74,40466,40464,6335,1699,23,167,40465,1370,13200,5411],"class_list":{"0":"post-123535","1":"post","2":"type-post","3":"status-publish","4":"format-standard","5":"has-post-thumbnail","7":"category-ciclismo","8":"tag-alcaldes","9":"tag-boicot","10":"tag-canarias","11":"tag-ciclismo","12":"tag-cycling","13":"tag-deportes","14":"tag-es","15":"tag-espana","16":"tag-gaza","17":"tag-isla","18":"tag-israel","19":"tag-lope-afonso","20":"tag-nira-fierro","21":"tag-presiona","22":"tag-psoe","23":"tag-spain","24":"tag-sports","25":"tag-tamara-raya","26":"tag-tenerife","27":"tag-traslada","28":"tag-vuelta-a-espana"},"share_on_mastodon":{"url":"","error":""},"_links":{"self":[{"href":"https:\/\/www.europesays.com\/es\/wp-json\/wp\/v2\/posts\/123535","targetHints":{"allow":["GET"]}}],"collection":[{"href":"https:\/\/www.europesays.com\/es\/wp-json\/wp\/v2\/posts"}],"about":[{"href":"https:\/\/www.europesays.com\/es\/wp-json\/wp\/v2\/types\/post"}],"author":[{"embeddable":true,"href":"https:\/\/www.europesays.com\/es\/wp-json\/wp\/v2\/users\/2"}],"replies":[{"embeddable":true,"href":"https:\/\/www.europesays.com\/es\/wp-json\/wp\/v2\/comments?post=123535"}],"version-history":[{"count":0,"href":"https:\/\/www.europesays.com\/es\/wp-json\/wp\/v2\/posts\/123535\/revisions"}],"wp:featuredmedia":[{"embeddable":true,"href":"https:\/\/www.europesays.com\/es\/wp-json\/wp\/v2\/media\/123536"}],"wp:attachment":[{"href":"https:\/\/www.europesays.com\/es\/wp-json\/wp\/v2\/media?parent=123535"}],"wp:term":[{"taxonomy":"category","embeddable":true,"href":"https:\/\/www.europesays.com\/es\/wp-json\/wp\/v2\/categories?post=123535"},{"taxonomy":"post_tag","embeddable":true,"href":"https:\/\/www.europesays.com\/es\/wp-json\/wp\/v2\/tags?post=123535"}],"curies":[{"name":"wp","href":"https:\/\/api.w.org\/{rel}","templated":true}]}}