{"id":123549,"date":"2025-09-18T18:04:10","date_gmt":"2025-09-18T18:04:10","guid":{"rendered":"https:\/\/www.europesays.com\/es\/123549\/"},"modified":"2025-09-18T18:04:10","modified_gmt":"2025-09-18T18:04:10","slug":"matt-reeves-pone-fin-de-una-vez-por-todas-al-debate-de-si-the-batman-2-es-canon-en-el-dcu-de-james-gunn","status":"publish","type":"post","link":"https:\/\/www.europesays.com\/es\/123549\/","title":{"rendered":"Matt Reeves pone fin de una vez por todas al debate de si \u2018The Batman 2\u2019 es canon en el DCU de James Gunn"},"content":{"rendered":"<p class=\"\">La canonicidad \u2014o no\u2014 de <b>\u2018The Batman\u2019<\/b> y <a href=\"https:\/\/as.com\/meristation\/cine\/the-batman-2-dara-un-importante-giro-al-superheroe-no-se-ha-hecho-nunca-de-esta-manera-n\/\" target=\"_blank\" rel=\"nofollow noopener\" title=\"https:\/\/as.com\/meristation\/cine\/the-batman-2-dara-un-importante-giro-al-superheroe-no-se-ha-hecho-nunca-de-esta-manera-n\/\">su esperada segunda parte<\/a> ha sido uno de los grandes misterios del <a href=\"https:\/\/as.com\/meristation\/2019\/07\/15\/noticias\/1563187625_893025.html\" target=\"_blank\" rel=\"nofollow noopener\" title=\"https:\/\/as.com\/meristation\/2019\/07\/15\/noticias\/1563187625_893025.html\">DCEU<\/a>, y ahora, tambi\u00e9n del <b>nuevo DCU<\/b> de <b>James Gunn<\/b>. El hecho de que ciertos personajes y obras como <a href=\"https:\/\/as.com\/meristation\/series\/el-pacificador-temporada-2-rescata-a-un-personaje-que-murio-en-el-dceu-pero-hay-truco-n\/\" target=\"_blank\" rel=\"nofollow noopener\" title=\"https:\/\/as.com\/meristation\/series\/el-pacificador-temporada-2-rescata-a-un-personaje-que-murio-en-el-dceu-pero-hay-truco-n\/\">\u2018El Pacificador\u2019<\/a> sobreviviesen a la transici\u00f3n entre universos no ha hecho sino a\u00f1adir m\u00e1s le\u00f1a a tan candente debate, pero <b>Matt Reeves<\/b>, el director de las pel\u00edculas m\u00e1s recientes de <b>Batman<\/b>, ha sido tajante al respecto: \u201c<b>son Elseworlds<\/b>\u201d, lo que significa que <b>forman parte de su propia continuidad<\/b> al margen del Universo DC.<\/p>\n<p>Matt Reeves insiste en que \u2018The Batman 2\u2032 es una historia de los Elseworlds de DC, y no forma parte del DCU<\/p>\n<p class=\"\">En una entrevista reciente a un podcast (v\u00eda <a href=\"https:\/\/comicbook.com\/movies\/news\/the-batman-part-2-director-just-revealed-films-dcu-status-and-one-penguin-star-whos-not-in-the-sequel\/\" target=\"_blank\" rel=\"nofollow noopener\" title=\"https:\/\/comicbook.com\/movies\/news\/the-batman-part-2-director-just-revealed-films-dcu-status-and-one-penguin-star-whos-not-in-the-sequel\/\">ComicBook<\/a>), <b>Matt Reeves<\/b>, <b>director de \u2018The Batman\u2019 y \u2018The Batman 2\u2032<\/b>, <b>ha puesto punto y final a uno de los debates m\u00e1s recurrentes<\/b> sobre estas obras del Caballero Oscuro: <b>su estatus dentro del Universo DC<\/b>. <b>El cineasta siempre lo ha tenido claro<\/b>: <b>son historias que corresponden a los Elseworlds de DC<\/b>. Esto es, <b>continuidades encapsuladas dentro de s\u00ed mismas<\/b>, y que no tienen nada que ver con la transici\u00f3n del antiguo DCEU al actual DCU de James Gunn.<\/p>\n<p><img decoding=\"async\" src=\"https:\/\/www.europesays.com\/es\/wp-content\/uploads\/2025\/09\/1758218649_827_M4KREZGNR5EO5CNJVPO3EBW2ZY.jpg\" alt=\"Superman Batman Tyler Hoechlin James Gunn DCU\" class=\"mm__img\"   width=\"1200\" height=\"675\" loading=\"lazy\"\/><\/p>\n<p>Ampliar<\/p>\n<p>El Batman de Robert Pattinson no es canon dentro del DCU, y tampoco lo era para el anterior DCEU<\/p>\n<p class=\"\">\u201c<b>No he hablado con James Gunn sobre un proyecto del DCU<\/b>, <b>sino sobre c\u00f3mo funcionar\u00edan las cosas en general<\/b>. Primero quiero poder contar las historias que comenzamos, y llegar a la conclusi\u00f3n que ten\u00edamos en mente. Me siento halagado de que James Gunn quiera trabajar conmigo en otro proyecto, pero <b>por ahora nos centramos en Batman<\/b>. <b>Es DC<\/b>, <b>es Elseworlds<\/b>, <b>pero sigue siendo DC<\/b>, as\u00ed que lo que traiga el futuro y lo que estoy haciendo quedar\u00e1 claro cuando llegue\u201d, revelaba Reeves.<\/p>\n<p>Noticias relacionadas<\/p>\n<p class=\"\">De esta manera, <b>Reeves da por zanjado un debate que se reabri\u00f3 tras el nacimiento del nuevo universo DC de James Gunn<\/b>. Si bien es cierto que <b>muchos fans pensaron que se integrar\u00eda al Batman de Robert Pattinson como el Cruzado con Capa de esta nueva continuidad<\/b>, en ning\u00fan momento lleg\u00f3 a haber una confirmaci\u00f3n oficial. Por lo pronto, <b>se desconoce qui\u00e9n ser\u00e1 el actor encargado de dar vida al nuevo Batman del DCU<\/b>, pero <b>se espera que se revele en <\/b><a href=\"https:\/\/as.com\/meristation\/cine\/parece-el-mapa-de-gta-6-pero-es-el-de-la-gotham-del-dcu-de-james-gunn-se-filtra-el-plano-de-la-ciudad-de-la-pelicula-clayface-n\/\" target=\"_blank\" rel=\"nofollow noopener\" title=\"https:\/\/as.com\/meristation\/cine\/parece-el-mapa-de-gta-6-pero-es-el-de-la-gotham-del-dcu-de-james-gunn-se-filtra-el-plano-de-la-ciudad-de-la-pelicula-clayface-n\/\"><b>\u2018Clayface\u2019<\/b><\/a>, pel\u00edcula ambientada en Gotham que se estrenar\u00e1 en 2026.<\/p>\n<p><img decoding=\"async\" src=\"https:\/\/www.europesays.com\/es\/wp-content\/uploads\/2025\/09\/1758218650_565_IYLFV657G5EH3CEUNRANHKKCAY.jpg\" alt=\"Superman 2 confirmada fecha de estreno cines\" class=\"mm__img\"   width=\"1280\" height=\"720\" loading=\"lazy\"\/><\/p>\n<p>Ampliar<\/p>\n<p>El DCU, capitaneado por el Superman de David Corenswet, tendr\u00e1 a su nuevo Batman pr\u00f3ximamente<\/p>\n<p class=\"\">En definitiva, con estas declaraciones, Matt Reeves ha querido aclarar <b>la relaci\u00f3n que guardan tanto \u2018The Batman\u2019 como \u2018El Ping\u00fcino\u2019 y la pr\u00f3xima \u2018The Batman 2\u2032 con respecto al DCU de James Gunn<\/b>: <b>no forman parte del mismo canon que la <\/b><a href=\"https:\/\/as.com\/meristation\/cine\/critica-de-superman-el-inicio-del-universo-dc-de-james-gunn-comienza-con-muy-buen-pie-r\/\" target=\"_blank\" rel=\"nofollow noopener\" title=\"https:\/\/as.com\/meristation\/cine\/critica-de-superman-el-inicio-del-universo-dc-de-james-gunn-comienza-con-muy-buen-pie-r\/\"><b>\u2018Superman\u2019<\/b><\/a><b> protagonizada por David Corenswet<\/b>. Aunque hay f\u00f3rmulas para hacer que estas versiones de los personajes se encuentren \u2014siempre est\u00e1 ah\u00ed la excusa de las dimensiones alternativas\u2014, <b>Reeves concibi\u00f3 desde su origen a su versi\u00f3n de Batman como su propia interpretaci\u00f3n de su mitolog\u00eda<\/b>, obviando a otros superh\u00e9roes de DC. Aun as\u00ed, <b>el futuro de este canon podr\u00eda estar en entredicho con la llegada del nuevo Batman del DCU<\/b>, ya que <b>DC Studios podr\u00eda darle el tijeretazo definitivo al Batman de Pattinson<\/b> para evitar alienar o confundir a las audiencias.<\/p>\n","protected":false},"excerpt":{"rendered":"La canonicidad \u2014o no\u2014 de \u2018The Batman\u2019 y su esperada segunda parte ha sido uno de los grandes&hellip;\n","protected":false},"author":2,"featured_media":123550,"comment_status":"","ping_status":"","sticky":false,"template":"","format":"standard","meta":{"footnotes":""},"categories":[169],"tags":[177,146,147,25,24,176,175,23],"class_list":{"0":"post-123549","1":"post","2":"type-post","3":"status-publish","4":"format-standard","5":"has-post-thumbnail","7":"category-cine","8":"tag-cine","9":"tag-entertainment","10":"tag-entretenimiento","11":"tag-es","12":"tag-espana","13":"tag-film","14":"tag-movies","15":"tag-spain"},"share_on_mastodon":{"url":"","error":""},"_links":{"self":[{"href":"https:\/\/www.europesays.com\/es\/wp-json\/wp\/v2\/posts\/123549","targetHints":{"allow":["GET"]}}],"collection":[{"href":"https:\/\/www.europesays.com\/es\/wp-json\/wp\/v2\/posts"}],"about":[{"href":"https:\/\/www.europesays.com\/es\/wp-json\/wp\/v2\/types\/post"}],"author":[{"embeddable":true,"href":"https:\/\/www.europesays.com\/es\/wp-json\/wp\/v2\/users\/2"}],"replies":[{"embeddable":true,"href":"https:\/\/www.europesays.com\/es\/wp-json\/wp\/v2\/comments?post=123549"}],"version-history":[{"count":0,"href":"https:\/\/www.europesays.com\/es\/wp-json\/wp\/v2\/posts\/123549\/revisions"}],"wp:featuredmedia":[{"embeddable":true,"href":"https:\/\/www.europesays.com\/es\/wp-json\/wp\/v2\/media\/123550"}],"wp:attachment":[{"href":"https:\/\/www.europesays.com\/es\/wp-json\/wp\/v2\/media?parent=123549"}],"wp:term":[{"taxonomy":"category","embeddable":true,"href":"https:\/\/www.europesays.com\/es\/wp-json\/wp\/v2\/categories?post=123549"},{"taxonomy":"post_tag","embeddable":true,"href":"https:\/\/www.europesays.com\/es\/wp-json\/wp\/v2\/tags?post=123549"}],"curies":[{"name":"wp","href":"https:\/\/api.w.org\/{rel}","templated":true}]}}