{"id":123562,"date":"2025-09-18T18:18:10","date_gmt":"2025-09-18T18:18:10","guid":{"rendered":"https:\/\/www.europesays.com\/es\/123562\/"},"modified":"2025-09-18T18:18:10","modified_gmt":"2025-09-18T18:18:10","slug":"la-empresa-pages-y-las-hermandades-de-san-bernardo-y-el-amor-presentan-un-rematado-cartel-para-el-festival-que-cerrara-la-temporada-en-sevilla-plaza-de-toros-de-la-maestranza","status":"publish","type":"post","link":"https:\/\/www.europesays.com\/es\/123562\/","title":{"rendered":"La Empresa Pag\u00e9s y las hermandades de San Bernardo y El Amor presentan un rematado cartel para el festival que cerrar\u00e1 la temporada en Sevilla | Plaza de Toros de la Maestranza"},"content":{"rendered":"<p>Jos\u00e9 Mar\u00eda Manzanares, Alejandro Talavante, Juan Ortega, Pablo Aguado, Manolo V\u00e1zquez, Javier Zulueta y el novillero Manuel Dom\u00ednguez lidiar\u00e1n reses de distintas ganader\u00edas en un festejo que rendir\u00e1 homenaje a la dinast\u00eda V\u00e1zquez<\/p>\n<p>El Sal\u00f3n de Carteles de la plaza de toros de Sevilla ha acogido este mediod\u00eda la presentaci\u00f3n del festival taurino que se celebrar\u00e1 el pr\u00f3ximo 13 de octubre como cierre de la temporada 2025 en el coso maestrante.<\/p>\n<p>El festejo ha sido organizado por la Empresa Pag\u00e9s y ser\u00e1 a beneficio de la acci\u00f3n social de las Hermandades de San Bernardo y El Amor. Este a\u00f1o el festival homenajear\u00e1 a la dinast\u00eda V\u00e1zquez, una de las m\u00e1s importantes de la historia en nuestra ciudad.<\/p>\n<p>El cartel es el siguiente: astados de distintas ganader\u00edas para <strong>Jos\u00e9 Mari Manzanares<\/strong>,<strong> Talavante<\/strong>, <strong>Juan Ortega<\/strong>,<strong> Pablo Aguado<\/strong>,<strong> Manolo V\u00e1zquez<\/strong>,<strong> Javier Zulueta <\/strong>y<strong> Manuel Dom\u00ednguez.<\/strong><\/p>\n<p>El ganado a lidiar en este festejo ser\u00e1 de <strong>Puerto de San Lorenzo<\/strong>, <strong>Domingo Hern\u00e1ndez<\/strong> (dos), <strong>Talavante<\/strong> (dos), <strong>Espartaco<\/strong> y <strong>El Parralejo<\/strong>.<\/p>\n<p>En el acto han intervenido en representaci\u00f3n de la Empresa Pag\u00e9s <strong>Ram\u00f3n Valencia Pastor<\/strong> y <strong>Ram\u00f3n Valencia Canorea<\/strong>; el hermano Mayor de la Hermandad de San Bernardo,\u00a0<strong>Jos\u00e9 Garc\u00eda Rodr\u00edguez;\u00a0<\/strong>el<strong>\u00a0<\/strong>hermano Mayor de la Hermandad del Amor,\u00a0<strong>Juan Cruzado Candau; <\/strong>y<strong>\u00a0<\/strong>el coordinador del Festival,\u00a0<strong>Manuel V\u00e1zquez Gago<\/strong>.<\/p>\n<p><strong>Ram\u00f3n Valencia<\/strong> consider\u00f3 un acierto dedicar el festival a la Dinast\u00eda V\u00e1zquez, \u201cuna de las m\u00e1s importantes del toreo con Pepe Luis V\u00e1zquez padre e hijo y Manolo V\u00e1zquez como m\u00e1s relevantes\u201d, resaltando tambi\u00e9n su v\u00ednculo con la hermandad de San Bernardo. En cuanto al cartel logrado lo defini\u00f3 como \u201cmuy del gusto de Sevilla, muy atractivo con la presencia de toreros importantes del escalaf\u00f3n y el novillero sin picadores Manuel Dom\u00ednguez que ha levantado expectaci\u00f3n entre los aficionados\u201d. Su hijo, Ram\u00f3n Valencia Canorea, fue el encargado de dar toda la informaci\u00f3n sobre precios y venta de entradas.<\/p>\n<p>El hermano Mayor de la Hermandad de San Bernardo,\u00a0<strong>Jos\u00e9 Garc\u00eda Rodr\u00edguez<\/strong>, agradeci\u00f3 la colaboraci\u00f3n de la empresa Pag\u00e9s, Real Maestranza, toreros y ganaderos y defini\u00f3 el festival como \u201cuna vieja aspiraci\u00f3n de la Hermandad\u201d y explic\u00f3 que la intenci\u00f3n ha sido \u201corganizarlo como merece la afici\u00f3n m\u00e1s importante del mundo\u201d. Aludi\u00f3 a la historia de San Bernardo y a la importancia en ella del torero Curro C\u00fachares, que la salv\u00f3 en momentos de problemas econ\u00f3micos. Tambi\u00e9n explic\u00f3 el fuerte v\u00ednculo con los V\u00e1zquez a trav\u00e9s de Pepe Luis y Manolo, que lleg\u00f3 a ser Hermano Mayor.<\/p>\n<p>Por su parte, el<strong>\u00a0<\/strong>hermano Mayor de la Hermandad del Amor,\u00a0<strong>Juan Cruzado Candau<\/strong>, incluy\u00f3 en agradecimientos a Terrats y Caja Rural, patrocinadores del festival, y habl\u00f3 del compromiso de \u201cllenar la plaza y cumplir el objetivo de los aficionados, toreros y ganaderos\u201d. Tambi\u00e9n se refiri\u00f3 al compromiso de las hermandades a trav\u00e9s de su acci\u00f3n social. En este sentido explic\u00f3 que \u201clos beneficios reforzar\u00e1n la\u00a0actividad que las hermandades llevan a cabo d\u00eda a d\u00eda\u201d.<\/p>\n<p>El coordinador del festival, <strong>Manuel V\u00e1zquez Gago,\u00a0<\/strong>dej\u00f3 claro en su intervenci\u00f3n que \u201ctodos los toreros han querido torear y eso me llena de orgullo. Cuando he llamado a sus puertas no he tenido ning\u00fan problema, algo que les agradezco profundamente\u201d.<\/p>\n<p>Tambi\u00e9n intervinieron <strong>Nacho Sabater <\/strong>y <strong>Javier S\u00e1nchez Dalp<\/strong>, autores del cartel en esta edici\u00f3n, que explicaron que la obra presenta en primer plano la figura de Pepe Luis V\u00e1zquez, pero engloba a los m\u00e1ximos exponentes de la familia, con referencias tambi\u00e9n a las dos hermandades y a la plaza de toros de la Real Maestranza. Nacho Sabater ha ideado el concepto creativo y Javier S\u00e1nchez Dalp lo ha desarrollado.<\/p>\n<p><strong>Entradas<\/strong><\/p>\n<p>El precio de las localidades es el mismo que el a\u00f1o pasado, oscilando entre los 16 euros de un Sol Alto y los 74 Euros de la Barrera 1\u00aa Fila de Sombra. El Tendido de Sombra cuesta 42 euros, de Sol y Sombra 40 euros y el de Sol 21 euros.<\/p>\n<p>Precio Especial de 14 Euros para Jubilados, Pensionistas y Menores de 21 a\u00f1os (entradas limitadas), todas ellas ubicadas en el Sol Alto 12.<\/p>\n<p><strong>Taquillas<\/strong><\/p>\n<p>Las taquillas estar\u00e1n abiertas desde el lunes 6 al s\u00e1bado 11 de octubre de 10 a 14 horas y de 17 a 20 horas (excepto el domingo d\u00eda 6). El del espect\u00e1culo, las taqulllas abrir\u00e1n ininterrumpidamente desde las 10 de la ma\u00f1ana hasta la hora del comienzo del mismo.<\/p>\n<p>Los abonados tendr\u00e1n reservadas sus localidades desde el lunes 22 al domingo 28 de septiembre de 10 a 14 horas y de 17 a 20 horas. Los d\u00edas de la Feria de San Miguel las taquillas estar\u00e1n abiertas ininterrumpidamente desde las 10 de la ma\u00f1ana hasta la hora de comienzo de las corridas.<\/p>\n<p>VENTA ANTICIPADA POR INTERNET EN www.lamaestranza.es (A partir del 19 de Septiembre a las 10,00 horas).<\/p>\n<p>Se ha dispuesto una<strong> FILA CERO<\/strong>:\u00a0\u00a0BIZUM\u00a0\u00a000562<\/p>\n<p>\u00a0<\/p>\n<p>\u00a0<\/p>\n","protected":false},"excerpt":{"rendered":"Jos\u00e9 Mar\u00eda Manzanares, Alejandro Talavante, Juan Ortega, Pablo Aguado, Manolo V\u00e1zquez, Javier Zulueta y el novillero Manuel Dom\u00ednguez&hellip;\n","protected":false},"author":2,"featured_media":123563,"comment_status":"","ping_status":"","sticky":false,"template":"","format":"standard","meta":{"footnotes":""},"categories":[277],"tags":[373,168,25,24,23,167,374],"class_list":{"0":"post-123562","1":"post","2":"type-post","3":"status-publish","4":"format-standard","5":"has-post-thumbnail","7":"category-toreo","8":"tag-bullfighting","9":"tag-deportes","10":"tag-es","11":"tag-espana","12":"tag-spain","13":"tag-sports","14":"tag-toreo"},"share_on_mastodon":{"url":"","error":""},"_links":{"self":[{"href":"https:\/\/www.europesays.com\/es\/wp-json\/wp\/v2\/posts\/123562","targetHints":{"allow":["GET"]}}],"collection":[{"href":"https:\/\/www.europesays.com\/es\/wp-json\/wp\/v2\/posts"}],"about":[{"href":"https:\/\/www.europesays.com\/es\/wp-json\/wp\/v2\/types\/post"}],"author":[{"embeddable":true,"href":"https:\/\/www.europesays.com\/es\/wp-json\/wp\/v2\/users\/2"}],"replies":[{"embeddable":true,"href":"https:\/\/www.europesays.com\/es\/wp-json\/wp\/v2\/comments?post=123562"}],"version-history":[{"count":0,"href":"https:\/\/www.europesays.com\/es\/wp-json\/wp\/v2\/posts\/123562\/revisions"}],"wp:featuredmedia":[{"embeddable":true,"href":"https:\/\/www.europesays.com\/es\/wp-json\/wp\/v2\/media\/123563"}],"wp:attachment":[{"href":"https:\/\/www.europesays.com\/es\/wp-json\/wp\/v2\/media?parent=123562"}],"wp:term":[{"taxonomy":"category","embeddable":true,"href":"https:\/\/www.europesays.com\/es\/wp-json\/wp\/v2\/categories?post=123562"},{"taxonomy":"post_tag","embeddable":true,"href":"https:\/\/www.europesays.com\/es\/wp-json\/wp\/v2\/tags?post=123562"}],"curies":[{"name":"wp","href":"https:\/\/api.w.org\/{rel}","templated":true}]}}