{"id":123564,"date":"2025-09-18T18:19:04","date_gmt":"2025-09-18T18:19:04","guid":{"rendered":"https:\/\/www.europesays.com\/es\/123564\/"},"modified":"2025-09-18T18:19:04","modified_gmt":"2025-09-18T18:19:04","slug":"artes-marciales-mixtas-alberto-cruz-la-joya-tinerfena-que-aspira-a-un-contrato-en-la-ufc","status":"publish","type":"post","link":"https:\/\/www.europesays.com\/es\/123564\/","title":{"rendered":"ARTES MARCIALES MIXTAS | Alberto Cruz, la joya tinerfe\u00f1a que aspira a un contrato en la UFC"},"content":{"rendered":"<p class=\"ft-text ft-helper-closenews\">El tinerfe\u00f1o<a class=\"ft-link ft-link--decoration\" href=\"https:\/\/www.eldia.es\/deportes-canarias\/2024\/05\/20\/alberto-mena-tinerfeno-pasos-topuria-102662106.html\" target=\"_blank\" rel=\"nofollow noopener\"> Alberto Cruz Mena<\/a> sigue escalando hacia la <strong>UFC (Ultimate Fighting Championship)<\/strong>, la empresa de artes marciales mixtas m\u00e1s importante del mundo, el circuito cerrado que ha coronado a<strong> Ilia Topuria<\/strong> como una leyenda y al que acaba de dar el salto <strong>el canario Hecher Sosa. <\/strong><\/p>\n<p class=\"ft-text\">Cruz, de 18 a\u00f1os y natural de El Rosario, es <strong>hermano del campe\u00f3n mundial de kickboxing<\/strong> Goyo Dom\u00ednguez, que fue quien lo llev\u00f3 a The Fighter\u2019s Club (Taco) por primera vez cuando ten\u00eda 13 a\u00f1os. Formado en la cuna del TFC, Alberto se coron\u00f3 en 2024<strong> campe\u00f3n de Espa\u00f1a<\/strong> en grappling y mordi\u00f3 el bronce en grappling gi (ejercicio con kimono).<\/p>\n<p><img decoding=\"async\" src=\"https:\/\/www.europesays.com\/es\/wp-content\/uploads\/2025\/09\/2984ada0-ac89-4e93-ab71-f2562c808fdd_alta-libre-aspect-ratio_default_0_x537y698.jpg\" width=\"1200\" height=\"2133\" alt=\"La medalla de bronce del Mundial de Kazajist\u00e1n de Alberto Cruz Mena.\" class=\"ft-helper-img-rd\" loading=\"lazy\" hasdataaida=\"true\"\/><\/p>\n<p class=\"ft-helper-fontColor-quaternary ft-helper-fontSize-body-S ft-helper-spacer-t-xxs\">La medalla de bronce del Mundial de Kazajist\u00e1n de Alberto Cruz Mena.  \/ E.D.<\/p>\n<p>Gij\u00f3n 2024, su trampol\u00edn<\/p>\n<p class=\"ft-text\">Dos distinciones que pusieron de manifiesto la pujante trayectoria de un joven t\u00edmido en el trato, pero con una ambici\u00f3n salvaje cuando pisa el tatami. Fue en Gij\u00f3n 2024 donde Alberto se consolid\u00f3 como una de las<strong> promesas del contacto nacional<\/strong> y, desde entonces, no ha parado de cosechar \u00e9xitos: bronce en el <a class=\"ft-link ft-link--decoration\" href=\"https:\/\/www.eldia.es\/deportes-canarias\/2024\/10\/13\/angelica-nieto-alberto-mena-brillan-109273350.html\" target=\"_blank\" rel=\"nofollow noopener\">Mundial de Kazajist\u00e1n 2024<\/a>, doble plata en el Nacional de 2025 (en categor\u00eda U 20 teniendo \u00e9l 18 a\u00f1os), victorias en K1 (kickboxing, karate, muay thai y taekwondo) en el Fighting From The Sea y, el pasado 18 de mayo, campe\u00f3n de Canarias J\u00fanior en MMA. Alberto gan\u00f3 por <strong>KO en menos de 30 segundos<\/strong>.<\/p>\n<p class=\"ft-text\">Su talento y versatilidad, no obstante, no han desviado su foco. \u00abNo renuncio a nada y me gusta competir en otras modalidades, pero <strong>lo m\u00e1s importante est\u00e1 en las MMA<\/strong>\u00ab, apunta.<\/p>\n<p>Tibilisi, siguiente parada<\/p>\n<p class=\"ft-text\">Ahora, el tinerfe\u00f1o pone su mira en los<strong> Campeonatos del Mundo<\/strong> de la <a class=\"ft-link ft-link--decoration\" href=\"https:\/\/immaf.org\/championship\/2025-immaf-world-championships\/\" rel=\"nofollow noopener\" target=\"_blank\">Federaci\u00f3n Internacional de Artes Marciales Mixtas (IMMAF)<\/a> que se celebran la pr\u00f3xima semana en<strong> Tibilisi, Georgia.<\/strong> Con m\u00e1s de 600 atletas inscritos, se trata del <strong>mayor evento de MMA celebrado hasta la fecha<\/strong>. \u201cEs el campeonato m\u00e1s importante del mundo, no solo en el apartado del MMA, sino en general de todas las artes marciales. Por eso este a\u00f1o hay r\u00e9cord de participantes y es probable que el pr\u00f3ximo lo vuelva a haber. La Federaci\u00f3n est\u00e1 creciendo mucho\u201d, advierte el deportista.<\/p>\n<p class=\"ft-text\">Cruz explica con detenimiento que competir\u00e1 contra <strong>adversarios de hasta 21 a\u00f1os y en el peso de 79,4 kilos<\/strong>. Una medida que le ha obligado a hacer un gran esfuerzo en el recorte, pero el premio valdr\u00eda la pena. \u201cEl torneo est\u00e1<strong> patrocinado por la UFC, que lo ofrece incluso en &#8216;streaming&#8217;<\/strong>. Hay mucha gente que ha ganado el campeonato y ha dado el salto a profesional. Con dos o tres peleas, acaban fichando por la UFC. Es un gran escaparate\u201d, afirma ilusionado el nuestro.<\/p>\n<p>Objetivo podio<\/p>\n<p class=\"ft-text\">Con<strong> un pesaje por d\u00eda, tantos como combates de forma consecutiva<\/strong> (desde treintaidosavos hasta una hipot\u00e9tica y deseada final entre el s\u00e1bado 27 de septiembre y el jueves 2 de octubre), la exigencia ser\u00e1 descomunal. El cuadro no est\u00e1 a\u00fan definido, aunque Alberto conoce a algunos de sus potenciales obst\u00e1culos en el camino hacia la gloria mundial. \u201cContra algunos ya he luchado en el Campeonato del Mundo de Grappling. Tengo buenas expectativas y me siento muy bien f\u00edsicamente.<strong> Tengo el potencial suficiente como para quedar entre los tres primeros<\/strong>. Ese es mi objetivo\u201d, manifiesta convencido el joven.<\/p>\n<p>Un estudiante excelente<\/p>\n<p class=\"ft-text\">Al margen de su descomunal talento para los deportes de contacto y de la voracidad de la que hace gala, Cruz es mucho m\u00e1s que un diamante en bruto desde el punto de vista deportivo, es un joven con un <strong>brillante curr\u00edculum acad\u00e9mico<\/strong>. Tanto, que<strong> cursa Medicina en la Universidad de Sevilla.<\/strong> En la capital andaluza se ejercita, c\u00f3mo no, en el<a class=\"ft-link ft-link--decoration\" href=\"https:\/\/www.instagram.com\/sutemimma\/?hl=es\" rel=\"nofollow noopener\" target=\"_blank\"> Sutemi<\/a>, uno de los mejores centros de Espa\u00f1a.<\/p>\n<p data-close=\"closedContent\" class=\"subscribeHideForDisplay\">Suscr\u00edbete para seguir leyendo<\/p>\n<p><script async src=\"\/\/www.instagram.com\/embed.js\"><\/script><\/p>\n","protected":false},"excerpt":{"rendered":"El tinerfe\u00f1o Alberto Cruz Mena sigue escalando hacia la UFC (Ultimate Fighting Championship), la empresa de artes marciales&hellip;\n","protected":false},"author":2,"featured_media":123565,"comment_status":"","ping_status":"","sticky":false,"template":"","format":"standard","meta":{"footnotes":""},"categories":[276],"tags":[40477,40478,168,25,24,743,23,167,27847,343],"class_list":{"0":"post-123564","1":"post","2":"type-post","3":"status-publish","4":"format-standard","5":"has-post-thumbnail","7":"category-ufc","8":"tag-alberto-cruz","9":"tag-campeonatos-del-mundo-immaf","10":"tag-deportes","11":"tag-es","12":"tag-espana","13":"tag-mma","14":"tag-spain","15":"tag-sports","16":"tag-tinerfeno","17":"tag-ufc"},"share_on_mastodon":{"url":"","error":""},"_links":{"self":[{"href":"https:\/\/www.europesays.com\/es\/wp-json\/wp\/v2\/posts\/123564","targetHints":{"allow":["GET"]}}],"collection":[{"href":"https:\/\/www.europesays.com\/es\/wp-json\/wp\/v2\/posts"}],"about":[{"href":"https:\/\/www.europesays.com\/es\/wp-json\/wp\/v2\/types\/post"}],"author":[{"embeddable":true,"href":"https:\/\/www.europesays.com\/es\/wp-json\/wp\/v2\/users\/2"}],"replies":[{"embeddable":true,"href":"https:\/\/www.europesays.com\/es\/wp-json\/wp\/v2\/comments?post=123564"}],"version-history":[{"count":0,"href":"https:\/\/www.europesays.com\/es\/wp-json\/wp\/v2\/posts\/123564\/revisions"}],"wp:featuredmedia":[{"embeddable":true,"href":"https:\/\/www.europesays.com\/es\/wp-json\/wp\/v2\/media\/123565"}],"wp:attachment":[{"href":"https:\/\/www.europesays.com\/es\/wp-json\/wp\/v2\/media?parent=123564"}],"wp:term":[{"taxonomy":"category","embeddable":true,"href":"https:\/\/www.europesays.com\/es\/wp-json\/wp\/v2\/categories?post=123564"},{"taxonomy":"post_tag","embeddable":true,"href":"https:\/\/www.europesays.com\/es\/wp-json\/wp\/v2\/tags?post=123564"}],"curies":[{"name":"wp","href":"https:\/\/api.w.org\/{rel}","templated":true}]}}