{"id":123594,"date":"2025-09-18T18:38:08","date_gmt":"2025-09-18T18:38:08","guid":{"rendered":"https:\/\/www.europesays.com\/es\/123594\/"},"modified":"2025-09-18T18:38:08","modified_gmt":"2025-09-18T18:38:08","slug":"la-jep-sanciona-con-hasta-ocho-anos-a-12-exmilitares-por-el-caso-de-falsos-positivos-en-la-costa-caribe","status":"publish","type":"post","link":"https:\/\/www.europesays.com\/es\/123594\/","title":{"rendered":"La JEP sanciona con hasta ocho a\u00f1os a 12 exmilitares por el caso de falsos positivos en la Costa Caribe"},"content":{"rendered":"<p class=\"\">La Jurisdicci\u00f3n Especial para la Paz (JEP), la justicia transicional en Colombia, ha emitido este jueves su segunda sentencia de fondo, tras <a href=\"https:\/\/elpais.com\/america-colombia\/2025-09-16\/la-jep-sanciona-con-ocho-anos-al-ultimo-secretariado-de-las-farc-por-miles-de-secuestros-en-colombia.html\" target=\"_blank\" rel=\"noreferrer nofollow noopener\" title=\"https:\/\/elpais.com\/america-colombia\/2025-09-16\/la-jep-sanciona-con-ocho-anos-al-ultimo-secretariado-de-las-farc-por-miles-de-secuestros-en-colombia.html\">la condena por secuestro a siete antiguos integrantes<\/a> de la c\u00fapula de las extintas FARC. Esta vez los sancionados son 12 antiguos militares, que pertenecieron al batall\u00f3n de Infanter\u00eda La Popa, de Valledupar (Cesar), y que reconocieron haber cometido falsos positivos, el nombre que reciben en el pa\u00eds los asesinatos de civiles a los que hicieron pasar como guerrilleros o paramilitares muertos en combate. El Tribunal ha determinado que, por la gravedad de los cr\u00edmenes, deber\u00e1n pagar la m\u00e1s alta de las sanciones a quienes han colaborado con el sistema de justicia transicional: deber\u00e1n participar durante ocho a\u00f1os en proyectos de memoria, dignificaci\u00f3n y reparaci\u00f3n de las v\u00edctimas del conflicto armado. Seg\u00fan este tribunal, por lo menos 6.402 personas fueron v\u00edctimas directas de este patr\u00f3n criminal. <\/p>\n<p class=\"\">Los sancionados no eran altos mandos militares, sino mandos medios, pues los oficiales de mayor rango no han aceptado su responsabilidad y enfrentan un juicio con penas m\u00e1s altas, de hasta 20 a\u00f1os de c\u00e1rcel. Los sancionados este jueves son Hern\u00e1n G\u00f3mez Naranjo, Guillermo Guti\u00e9rrez Riveros, Efra\u00edn Andrade Perea, Manuel Valent\u00edn Padilla Espitia, Elkin Leonardo Burgos, Eduart \u00c1lvarez Mej\u00eda, Jos\u00e9 de Jes\u00fas Rueda Quintero, Carlos Andr\u00e9s Lora Cabrales, Yeris Andr\u00e9s G\u00f3mez Coronel, Juan Carlos Soto Sep\u00falveda, Alex Jos\u00e9 Mercado Sierra y Elkin Rojas. Algunos de ellos han pasado tiempo en prisi\u00f3n por procesos judiciales en la Fiscal\u00eda. Por ello, la JEP aplic\u00f3 sanciones diferenciadas que descuentan el tiempo ya cumplido en prisi\u00f3n: mientras algunos deber\u00e1n completar cinco o seis a\u00f1os de sanci\u00f3n, otros tendr\u00e1n que cumplir siete u ocho.<\/p>\n<p class=\"\">En este caso, todos aceptaron su responsabilidad en el asesinato y desaparici\u00f3n de 135 personas entre 2002 y 2005 en los departamentos caribes de Cesar y La Guajira. Son cr\u00edmenes que, seg\u00fan la JEP, respondieron a patrones de macrocriminalidad y alianzas con grupos paramilitares en esa regi\u00f3n del pa\u00eds, una de las cinco en las que el tribunal ha dividido su proceso de los falsos positivos. Como sanci\u00f3n que deber\u00e1n participar en seis proyectos restaurativos. <\/p>\n<p class=\"\">El primero es <a href=\"https:\/\/elpais.com\/america-colombia\/2025-09-17\/el-modelo-restaurativo-de-la-jep-pone-el-trabajo-comunitario-por-encima-de-la-carcel-en-colombia.html\" target=\"_blank\" rel=\"noreferrer nofollow noopener\" title=\"https:\/\/elpais.com\/america-colombia\/2025-09-17\/el-modelo-restaurativo-de-la-jep-pone-el-trabajo-comunitario-por-encima-de-la-carcel-en-colombia.html\">un plan integral de memoria para la Costa Caribe<\/a>; el segundo, es su trabajo en un centro de armonizaci\u00f3n para el buen vivir del pueblo kankuamo, en el que deber\u00e1n participar de obras de infraestructura cultural, adecuar v\u00edas de acceso y restaurar bosque seco tropical. El tercer lugar donde deben trabajar es en un centro integral cultural de memoria del pueblo Wiwa; el cuarto escenario es un espacio de fortalecimiento al prop\u00f3sito urbano y rural del Consejo Comunitario Kusuto Ma Gende. <\/p>\n<p class=\"\">El quinto, la construcci\u00f3n de una casa multiprop\u00f3sito para la memoria de otras v\u00edctimas individuales. Tambi\u00e9n deben participar de la construcci\u00f3n y adecuaci\u00f3n de infraestructura de un Parque Memorial al interior del Batall\u00f3n La Popa, y en otras ciudades definidas por las v\u00edctimas. El \u00faltimo escenario en el que se desarrollar\u00e1n las actividades y trabajos en la casa cultural del consejo comunitario afro Jos\u00e9 Prudencio Padilla. <\/p>\n<p class=\"\">De acuerdo con la magistrada Ana Manuela Ochoa, abogada del pueblo kankuamo, trabajar\u00e1n en labores de construcci\u00f3n e infraestructura y en la construcci\u00f3n de un mausoleo de la memoria con 700 osarios y l\u00e1pidas con los nombres de las v\u00edctimas asesinadas en el municipio de Valledupar, en el departamento del Cesar. All\u00ed deben trasladar su lugar de domicilio durante los a\u00f1os de sanci\u00f3n. <\/p>\n<p class=\"\">Entre 2002 y 2005, cuando se registraron los hechos atribuidos al Batall\u00f3n La Popa, la presi\u00f3n por mostrar resultados en la lucha contrainsurgente llev\u00f3 a que decenas de militares asesinaran a civiles \u2014especialmente a campesinos, ind\u00edgenas, afrodescendientes y personas en condici\u00f3n de vulnerabilidad\u2014 para presentarlos como muertos en combate, logros que se conoc\u00edan como \u201cpositivos\u201d. Pero eran falsos, de ah\u00ed el nombre de ese patr\u00f3n de asesinatos. La JEP concluy\u00f3 que estos cr\u00edmenes no fueron actos aislados, sino parte de un patr\u00f3n sistem\u00e1tico en el que algunos militares actuaron en connivencia con grupos paramilitares para inflar las cifras oficiales y obtener beneficios institucionales. <\/p>\n<p class=\"\">La magistrada Ochoa, ha explicado que algunas de las personas asesinadas y desaparecidas viv\u00edan en el \u00e1rea de jurisdicci\u00f3n del batall\u00f3n La Popa, lo que facilit\u00f3 que las detuvieran arbitrariamente\u201d. Otras, sin embargo, fueron tra\u00eddas desde otras zonas del pa\u00eds, como Soacha, en Cundinamarca, mediante falsas promesas de trabajo o de negocios. \u201cFueron cr\u00edmenes sistem\u00e1ticos orientados a generar reportes operacionales en un contexto de presi\u00f3n institucional por resultados\u201d, se\u00f1ala. <\/p>\n<p class=\"\">En este caso, a diferencia de los procesos en contra de los antiguos miembros de las FARC, <a href=\"https:\/\/elpais.com\/america-colombia\/2025-09-18\/colombia-revive-la-polarizacion-por-el-acuerdo-de-paz.html\" target=\"_blank\" rel=\"noreferrer nofollow noopener\" title=\"https:\/\/elpais.com\/america-colombia\/2025-09-18\/colombia-revive-la-polarizacion-por-el-acuerdo-de-paz.html\">no todos los militares han reconocido su responsabilidad<\/a>. Por fuera de esta sentencia est\u00e1n excomandantes del Batall\u00f3n La Popa como Publio Hern\u00e1n Mej\u00eda Guti\u00e9rrez, quien estuvo al mando de la unidad entre 2002 y 2003, Juan Carlos Figueroa Su\u00e1rez, jefe en 2004, y Jos\u00e9 Pastor Ruiz Mahecha. Los tres fueron remitidos a la Secci\u00f3n de Ausencia de Reconocimiento, donde enfrentan un juicio tradicional, con acusaci\u00f3n y defensa y con sentencias en prisi\u00f3n de hasta 20 a\u00f1os.<\/p>\n<p class=\"\">El fallo se conoce apenas dos d\u00edas despu\u00e9s de que la JEP sancionara a la antigua c\u00fapula de las FARC en otro proceso de alto impacto: el caso de secuestros cometidos en el que exjefes de esa guerrilla fueron sancionados a ocho a\u00f1os de trabajos reparadores para las v\u00edctimas por la retenci\u00f3n de miles de personas durante m\u00e1s de cinco d\u00e9cadas, pero tambi\u00e9n por la desaparici\u00f3n forzada de algunas de ellas, homicidios, torturas y violencia sexual.<\/p>\n","protected":false},"excerpt":{"rendered":"La Jurisdicci\u00f3n Especial para la Paz (JEP), la justicia transicional en Colombia, ha emitido este jueves su segunda&hellip;\n","protected":false},"author":2,"featured_media":123595,"comment_status":"","ping_status":"","sticky":false,"template":"","format":"standard","meta":{"footnotes":""},"categories":[42],"tags":[17709,889,1154,17,18,1803,26131,13,14,40484,40485,11,61,62,63,64,40483,19,20,1804,9,10,15,16,12,21,22,65,66,67],"class_list":{"0":"post-123594","1":"post","2":"type-post","3":"status-publish","4":"format-standard","5":"has-post-thumbnail","7":"category-internacional","8":"tag-acuerdos-paz","9":"tag-america","10":"tag-asesinatos","11":"tag-breaking-news","12":"tag-breakingnews","13":"tag-colombia","14":"tag-farc","15":"tag-featured-news","16":"tag-featurednews","17":"tag-guerrillas","18":"tag-guerrilleros","19":"tag-headlines","20":"tag-internacional","21":"tag-international","22":"tag-international-news","23":"tag-internationalnews","24":"tag-jep","25":"tag-latest-news","26":"tag-latestnews","27":"tag-latinoamerica","28":"tag-news","29":"tag-noticias","30":"tag-noticias-destacadas","31":"tag-noticiasdestacadas","32":"tag-titulares","33":"tag-ultimas-noticias","34":"tag-ultimasnoticias","35":"tag-world","36":"tag-world-news","37":"tag-worldnews"},"share_on_mastodon":{"url":"","error":""},"_links":{"self":[{"href":"https:\/\/www.europesays.com\/es\/wp-json\/wp\/v2\/posts\/123594","targetHints":{"allow":["GET"]}}],"collection":[{"href":"https:\/\/www.europesays.com\/es\/wp-json\/wp\/v2\/posts"}],"about":[{"href":"https:\/\/www.europesays.com\/es\/wp-json\/wp\/v2\/types\/post"}],"author":[{"embeddable":true,"href":"https:\/\/www.europesays.com\/es\/wp-json\/wp\/v2\/users\/2"}],"replies":[{"embeddable":true,"href":"https:\/\/www.europesays.com\/es\/wp-json\/wp\/v2\/comments?post=123594"}],"version-history":[{"count":0,"href":"https:\/\/www.europesays.com\/es\/wp-json\/wp\/v2\/posts\/123594\/revisions"}],"wp:featuredmedia":[{"embeddable":true,"href":"https:\/\/www.europesays.com\/es\/wp-json\/wp\/v2\/media\/123595"}],"wp:attachment":[{"href":"https:\/\/www.europesays.com\/es\/wp-json\/wp\/v2\/media?parent=123594"}],"wp:term":[{"taxonomy":"category","embeddable":true,"href":"https:\/\/www.europesays.com\/es\/wp-json\/wp\/v2\/categories?post=123594"},{"taxonomy":"post_tag","embeddable":true,"href":"https:\/\/www.europesays.com\/es\/wp-json\/wp\/v2\/tags?post=123594"}],"curies":[{"name":"wp","href":"https:\/\/api.w.org\/{rel}","templated":true}]}}