{"id":123600,"date":"2025-09-18T18:43:08","date_gmt":"2025-09-18T18:43:08","guid":{"rendered":"https:\/\/www.europesays.com\/es\/123600\/"},"modified":"2025-09-18T18:43:08","modified_gmt":"2025-09-18T18:43:08","slug":"intenta-que-creamos-que-es-rico","status":"publish","type":"post","link":"https:\/\/www.europesays.com\/es\/123600\/","title":{"rendered":"Intenta que creamos que es rico"},"content":{"rendered":"<p data-gtm-element-container=\"modulo-texto-link\" class=\"paragraph\"><strong>Arman Tsarukyan<\/strong> sigue calentando su rivalidad con<strong> Ilia Topuria<\/strong> en una reciente entrevista con Sport24. El armenio insiste y aprieta para poder ser el primer rival del hispano-georgiano en la defensa del t\u00edtulo mundial de peso ligero de la <strong>UFC<\/strong>, provocaci\u00f3n que no parece que vaya a tener mucho efecto para el actual campe\u00f3n. \u00abNo va a querer pelear conmigo porque puede ganar m\u00e1s dinero con <strong>Makhachev<\/strong>\u00bb dijo el retador. Esta supuesta pelea dar\u00eda la oportunidad a &#8216;El Matador&#8217; de ser por primera vez en la historia\u00a0 <strong>triple campe\u00f3n<\/strong>.<\/p>\n<p data-gtm-element-container=\"modulo-texto-link\" class=\"paragraph\">El entrevistado tambi\u00e9n fue preguntado por las \u00faltimas im\u00e1genes que se han visto de <strong>Topuria<\/strong>, en las que se le ve viajando en jet privado, y de si \u00e9l tambi\u00e9n se lo podr\u00eda permitir. \u00abIntenta que creamos que es rico, pero en realidad vuela en l\u00edneas regulares, no gana tanto dinero como para hacerlo en jets privados desde Estados Unidos a Europa o Georgia. Un viaje de ida y vuelta en jet puede costar 400.000 o 500.000 d\u00f3lares\u00bb, afirm\u00f3\u00a0<strong>Tsarukyan<\/strong>.\u00a0<\/p>\n<blockquote class=\"twitter-tweet\" data-lang=\"es\"><p>\n<a href=\"https:\/\/twitter.com\/ChampRDS\/status\/1968506731601776962\" rel=\"nofollow noopener\" target=\"_blank\">\n<\/p><\/blockquote>\n<p data-gtm-element-container=\"modulo-texto-link\" class=\"paragraph\">Se lanz\u00f3 y predijo qui\u00e9n cree que ser\u00e1 el pr\u00f3ximo rival del campe\u00f3n invicto, y descar\u00f3 a Justin Gaethje: \u00abno, Gaethje no pelear\u00e1 contra <strong>Topuria<\/strong>. La UFC podr\u00eda hacer lo que quiera. Veo m\u00e1s probable a Pimblett que a Gaethje\u00bb.<\/p>\n<p>    Lee tambi\u00e9n<\/p>\n<p data-gtm-element-container=\"modulo-texto-link\" class=\"paragraph\">Aunque el armenio no tiene fecha de regreso para volver a la UFC, se quiso postular como el aspirante n\u00famero uno al t\u00edtulo contra <strong>Topuria<\/strong>. Esta semana tendr\u00e1 un combate de grappling frente\u00a0Benson Henderson en Mosc\u00fa, escenario que no ha privado a\u00a0<strong>Tsarukyan <\/strong>de arremeter contra el actual campe\u00f3n de la <strong>UFC<\/strong>.\u00a0<\/p>\n<p><script async src=\"https:\/\/platform.twitter.com\/widgets.js\" charset=\"utf-8\"><\/script><\/p>\n","protected":false},"excerpt":{"rendered":"Arman Tsarukyan sigue calentando su rivalidad con Ilia Topuria en una reciente entrevista con Sport24. El armenio insiste&hellip;\n","protected":false},"author":2,"featured_media":123601,"comment_status":"","ping_status":"","sticky":false,"template":"","format":"standard","meta":{"footnotes":""},"categories":[276],"tags":[168,25,24,23,167,343],"class_list":{"0":"post-123600","1":"post","2":"type-post","3":"status-publish","4":"format-standard","5":"has-post-thumbnail","7":"category-ufc","8":"tag-deportes","9":"tag-es","10":"tag-espana","11":"tag-spain","12":"tag-sports","13":"tag-ufc"},"share_on_mastodon":{"url":"","error":""},"_links":{"self":[{"href":"https:\/\/www.europesays.com\/es\/wp-json\/wp\/v2\/posts\/123600","targetHints":{"allow":["GET"]}}],"collection":[{"href":"https:\/\/www.europesays.com\/es\/wp-json\/wp\/v2\/posts"}],"about":[{"href":"https:\/\/www.europesays.com\/es\/wp-json\/wp\/v2\/types\/post"}],"author":[{"embeddable":true,"href":"https:\/\/www.europesays.com\/es\/wp-json\/wp\/v2\/users\/2"}],"replies":[{"embeddable":true,"href":"https:\/\/www.europesays.com\/es\/wp-json\/wp\/v2\/comments?post=123600"}],"version-history":[{"count":0,"href":"https:\/\/www.europesays.com\/es\/wp-json\/wp\/v2\/posts\/123600\/revisions"}],"wp:featuredmedia":[{"embeddable":true,"href":"https:\/\/www.europesays.com\/es\/wp-json\/wp\/v2\/media\/123601"}],"wp:attachment":[{"href":"https:\/\/www.europesays.com\/es\/wp-json\/wp\/v2\/media?parent=123600"}],"wp:term":[{"taxonomy":"category","embeddable":true,"href":"https:\/\/www.europesays.com\/es\/wp-json\/wp\/v2\/categories?post=123600"},{"taxonomy":"post_tag","embeddable":true,"href":"https:\/\/www.europesays.com\/es\/wp-json\/wp\/v2\/tags?post=123600"}],"curies":[{"name":"wp","href":"https:\/\/api.w.org\/{rel}","templated":true}]}}