{"id":123606,"date":"2025-09-18T18:47:07","date_gmt":"2025-09-18T18:47:07","guid":{"rendered":"https:\/\/www.europesays.com\/es\/123606\/"},"modified":"2025-09-18T18:47:07","modified_gmt":"2025-09-18T18:47:07","slug":"un-ex-de-mercedes-pide-que-fichen-a-carlos-sainz-para-ocupar-el-asiento-de-antonelli-formula-1","status":"publish","type":"post","link":"https:\/\/www.europesays.com\/es\/123606\/","title":{"rendered":"Un ex de Mercedes pide que fichen a Carlos Sainz para ocupar el asiento de Antonelli | F\u00f3rmula 1"},"content":{"rendered":"<p>La parrilla de la F\u00f3rmula 1 es una fuente de rumores constante y el mercado parece no acabar nunca. Un expiloto de Mercedes como Ralf Schumacher ha alzado la voz para pedir a Carlos Sainz como nuevo piloto de la escuder\u00eda en lugar de Antonelli. El equipo de F\u00f3rmula 1 apost\u00f3 por el joven brasile\u00f1o de manera sorpresiva por delante del espa\u00f1ol despu\u00e9s de la decisi\u00f3n de Lewis Hamilton de marcharse a Ferrari.<\/p>\n<p>M\u00e1s informaci\u00f3n<\/p>\n<p>El hijo de Michael Schumacher fue piloto de F\u00f3rmula 1 hace un par de a\u00f1os pero su experiencia termin\u00f3 al no encontrar otro asiento. A pesar de ello, tiene experiencia en el equipo Mercedes y es una voz autorizada que critica la elecci\u00f3n de Antonelli como sustituto de Hamilton en la escuder\u00eda. \u00abUn novato para Mercedes est\u00e1 bien en cualquier caso, digamos que ahora, en el momento en el que est\u00e1n, puedes hacerlo. Pero no hay nadie grande en el mercado en este momento que diga: &#8216;Necesito tenerlo ya\u00bb, critica Schumacher sobre el momento para elegir a esta joven promesa del automovilismo. Elegir esta opci\u00f3n les obliga a extenderlo m\u00ednimo durante un a\u00f1o m\u00e1s. \u00abNo hay alternativa, as\u00ed que tendr\u00e1n que mantenerlo durante otro a\u00f1o, y luego tendr\u00e1n que ver c\u00f3mo van las cosas\u00bb, asegur\u00f3.<\/p>\n<p>Es por ello que Schumacher tiene claro qui\u00e9n debe ser la opci\u00f3n para sentarse en el Mercedes de cara a la pr\u00f3xima temporada y es espa\u00f1ol. \u00abCreo que Carlos Sainz estar\u00eda disponible en cualquier momento. Quiero decir, parece que hay algunas cl\u00e1usulas, no lo s\u00e9 exactamente, al menos eso es lo que escuchas. Sin duda, ser\u00eda la primera persona que me viene a la mente\u00bb, asegur\u00f3 tajante Schumacher en favor del piloto madrile\u00f1o.<\/p>\n<p>Carlos Sainz no est\u00e1 viviendo su mejor temporada, al igual que tampoco Antonelli o Hamilton en sus primeras carreras de la temporada. Sin embargo, el espa\u00f1ol est\u00e1 muy concentrado en triunfar con Williams, sobre todo, enfocado de cara al a\u00f1o que viene. En 2026 las fuerzas se igualan y todo parece indicar que el motor de Williams ser\u00e1 mucho m\u00e1s competitivo que en la actualidad, por lo que se espera que Sainz no se mueva a corto plazo de la escuder\u00eda que confi\u00f3 en \u00e9l para esta temporada. A pesar de que los n\u00fameros no est\u00e1n cuadrando para el ex de Ferrari, su fama dentro de la parrilla sigue siendo muy alta y todo puede pasar en el baile de asientos en la F\u00f3rmula 1 actual.<\/p>\n","protected":false},"excerpt":{"rendered":"La parrilla de la F\u00f3rmula 1 es una fuente de rumores constante y el mercado parece no acabar&hellip;\n","protected":false},"author":2,"featured_media":123607,"comment_status":"","ping_status":"","sticky":false,"template":"","format":"standard","meta":{"footnotes":""},"categories":[270],"tags":[168,25,24,306,271,272,23,167],"class_list":{"0":"post-123606","1":"post","2":"type-post","3":"status-publish","4":"format-standard","5":"has-post-thumbnail","7":"category-formula-1","8":"tag-deportes","9":"tag-es","10":"tag-espana","11":"tag-f1","12":"tag-formula-1","13":"tag-formula1","14":"tag-spain","15":"tag-sports"},"share_on_mastodon":{"url":"","error":""},"_links":{"self":[{"href":"https:\/\/www.europesays.com\/es\/wp-json\/wp\/v2\/posts\/123606","targetHints":{"allow":["GET"]}}],"collection":[{"href":"https:\/\/www.europesays.com\/es\/wp-json\/wp\/v2\/posts"}],"about":[{"href":"https:\/\/www.europesays.com\/es\/wp-json\/wp\/v2\/types\/post"}],"author":[{"embeddable":true,"href":"https:\/\/www.europesays.com\/es\/wp-json\/wp\/v2\/users\/2"}],"replies":[{"embeddable":true,"href":"https:\/\/www.europesays.com\/es\/wp-json\/wp\/v2\/comments?post=123606"}],"version-history":[{"count":0,"href":"https:\/\/www.europesays.com\/es\/wp-json\/wp\/v2\/posts\/123606\/revisions"}],"wp:featuredmedia":[{"embeddable":true,"href":"https:\/\/www.europesays.com\/es\/wp-json\/wp\/v2\/media\/123607"}],"wp:attachment":[{"href":"https:\/\/www.europesays.com\/es\/wp-json\/wp\/v2\/media?parent=123606"}],"wp:term":[{"taxonomy":"category","embeddable":true,"href":"https:\/\/www.europesays.com\/es\/wp-json\/wp\/v2\/categories?post=123606"},{"taxonomy":"post_tag","embeddable":true,"href":"https:\/\/www.europesays.com\/es\/wp-json\/wp\/v2\/tags?post=123606"}],"curies":[{"name":"wp","href":"https:\/\/api.w.org\/{rel}","templated":true}]}}