{"id":123614,"date":"2025-09-18T18:51:25","date_gmt":"2025-09-18T18:51:25","guid":{"rendered":"https:\/\/www.europesays.com\/es\/123614\/"},"modified":"2025-09-18T18:51:25","modified_gmt":"2025-09-18T18:51:25","slug":"jardines-calder-en-filadelfia-herzog-de-meuron","status":"publish","type":"post","link":"https:\/\/www.europesays.com\/es\/123614\/","title":{"rendered":"Jardines Calder en Filadelfia &#8211; Herzog &#038; de Meuron\u00a0"},"content":{"rendered":"<p class=\"mdm_block\">El 21 de septiembre se inauguran los Jardines Calder, un nuevo espacio cultural en el coraz\u00f3n de Filadelfia dedicado al escultor estadounidense Alexander Calder. Lejos de ser un museo tradicional, este proyecto propone un recorrido que fusiona arte, paisaje y arquitectura. Obra del estudio suizo <a href=\"https:\/\/arquitecturaviva.com\/etiqueta\/herzog-de-meuron\" rel=\"nofollow noopener\" target=\"_blank\">Herzog &amp; de Meuron<\/a> y el paisajista neerland\u00e9s Piet Oudolf, el conjunto evita la monumentalidad de los museos cercanos y opta por un enfoque m\u00e1s \u00edntimo e inmersivo.<\/p>\n<p class=\"mdm_block\">El edificio de dos plantas, parcialmente subterr\u00e1neo, se integra con el entorno mediante un revestimiento met\u00e1lico reflectante, que diluye sus l\u00edmites con la vegetaci\u00f3n circundante. A su alrededor, los jardines dise\u00f1ados por Oudolf generan una secuencia espacial al aire libre, como galer\u00edas naturales esculpidas en el terreno triangular, ubicado entre las transitadas v\u00edas de Vine Street y Benjamin Franklin Parkway.<\/p>\n<p class=\"mdm_block\">El acceso se realiza por senderos que conducen a una plaza circular donde la entrada se define por una cubierta de madera. A ambos lados de este patio central, que protege las galer\u00edas inferiores, se excavaron dos jardines: el \u2018Sunken Garden\u2019, con una forma geom\u00e9trica pura, y el \u2018Vestige Garden\u2019, con una disposici\u00f3n irregular que revela trazos del pasado urbano del lugar. Estos patios resguardan las esculturas m\u00e1s delicadas, a la vez que aportan luz natural a las galer\u00edas circundantes.<\/p>\n<p class=\"mdm_block\">Los Jardines Calder ofrecen una experiencia, donde la forma, el color y el movimiento que definen las obras del escultor no se reproducen en un museo convencional. Se trata de un jard\u00edn con un edificio en su interior que se revela gradualmente como una serie de espacios diferenciados, con lugares inesperados como los jardines rehundidos. Los criterios expositivos huyen de la concepci\u00f3n cl\u00e1sica de las galer\u00edas, y cada rinc\u00f3n \u2014desde la escalera hasta los pasillos\u2014 se aprovecha para colocar las piezas de arte.<\/p>\n<p><img decoding=\"async\" class=\"graf-image\" src=\"https:\/\/www.europesays.com\/es\/wp-content\/uploads\/2025\/09\/av_medium__av_300539.jpeg\" data-db-id=\"300539\" src-normal=\"\/assets\/uploads\/obras\/58134\/av_medium__av_300539.jpeg\" src-full=\"\/assets\/uploads\/obras\/58134\/av_300539.jpeg\" style=\"\" data-fotografo=\"Iwan Baan\" title=\"Jardines Calder en Filadelfia\"\/><img decoding=\"async\" class=\"graf-image\" src=\"https:\/\/www.europesays.com\/es\/wp-content\/uploads\/2025\/09\/av_medium__av_300541.jpeg\" data-db-id=\"300541\" src-normal=\"\/assets\/uploads\/obras\/58134\/av_medium__av_300541.jpeg\" src-full=\"\/assets\/uploads\/obras\/58134\/av_300541.jpeg\" data-fotografo=\"Iwan Baan\" title=\"Jardines Calder en Filadelfia\"\/><img decoding=\"async\" class=\"graf-image\" src=\"https:\/\/www.europesays.com\/es\/wp-content\/uploads\/2025\/09\/av_medium__av_300546.jpeg\" data-db-id=\"300546\" src-normal=\"\/assets\/uploads\/obras\/58134\/av_medium__av_300546.jpeg\" src-full=\"\/assets\/uploads\/obras\/58134\/av_300546.jpeg\" data-fotografo=\"Iwan Baan\" title=\"Jardines Calder en Filadelfia\"\/><img decoding=\"async\" class=\"graf-image\" src=\"https:\/\/www.europesays.com\/es\/wp-content\/uploads\/2025\/09\/av_medium__av_300544.jpeg\" data-db-id=\"300544\" src-normal=\"\/assets\/uploads\/obras\/58134\/av_medium__av_300544.jpeg\" src-full=\"\/assets\/uploads\/obras\/58134\/av_300544.jpeg\" style=\"\" data-fotografo=\"Iwan Baan\" title=\"Jardines Calder en Filadelfia\"\/><img decoding=\"async\" class=\"graf-image\" src=\"https:\/\/www.europesays.com\/es\/wp-content\/uploads\/2025\/09\/av_medium__av_300543.jpeg\" data-db-id=\"300543\" src-normal=\"\/assets\/uploads\/obras\/58134\/av_medium__av_300543.jpeg\" src-full=\"\/assets\/uploads\/obras\/58134\/av_300543.jpeg\" style=\"\" data-fotografo=\"Iwan Baan\" title=\"Jardines Calder en Filadelfia\"\/><img decoding=\"async\" class=\"graf-image\" src=\"https:\/\/www.europesays.com\/es\/wp-content\/uploads\/2025\/09\/av_medium__av_300545.jpeg\" data-db-id=\"300545\" src-normal=\"\/assets\/uploads\/obras\/58134\/av_medium__av_300545.jpeg\" src-full=\"\/assets\/uploads\/obras\/58134\/av_300545.jpeg\" data-fotografo=\"Iwan Baan\" title=\"Jardines Calder en Filadelfia\"\/><img decoding=\"async\" class=\"graf-image\" src=\"https:\/\/www.europesays.com\/es\/wp-content\/uploads\/2025\/09\/av_medium__av_300537.jpeg\" data-db-id=\"300537\" src-normal=\"\/assets\/uploads\/obras\/58134\/av_medium__av_300537.jpeg\" src-full=\"\/assets\/uploads\/obras\/58134\/av_300537.jpeg\" style=\"\" data-fotografo=\"Iwan Baan\" title=\"Jardines Calder en Filadelfia\"\/><img decoding=\"async\" class=\"graf-image\" src=\"https:\/\/www.europesays.com\/es\/wp-content\/uploads\/2025\/09\/av_medium__av_300538.jpeg\" data-db-id=\"300538\" src-normal=\"\/assets\/uploads\/obras\/58134\/av_medium__av_300538.jpeg\" src-full=\"\/assets\/uploads\/obras\/58134\/av_300538.jpeg\" style=\"\" data-fotografo=\"Iwan Baan\" title=\"Jardines Calder en Filadelfia\"\/><img decoding=\"async\" class=\"graf-image\" src=\"https:\/\/www.europesays.com\/es\/wp-content\/uploads\/2025\/09\/av_medium__av_300555.jpeg\" data-db-id=\"300555\" src-normal=\"\/assets\/uploads\/obras\/58134\/av_medium__av_300555.jpeg\" src-full=\"\/assets\/uploads\/obras\/58134\/av_300555.jpeg\" style=\"\" data-fotografo=\"Iwan Baan\" title=\"Jardines Calder en Filadelfia\"\/><img decoding=\"async\" class=\"graf-image\" src=\"https:\/\/www.europesays.com\/es\/wp-content\/uploads\/2025\/09\/av_medium__av_300553.jpeg\" data-db-id=\"300553\" src-normal=\"\/assets\/uploads\/obras\/58134\/av_medium__av_300553.jpeg\" src-full=\"\/assets\/uploads\/obras\/58134\/av_300553.jpeg\" data-fotografo=\"Iwan Baan\" title=\"Jardines Calder en Filadelfia\"\/><img decoding=\"async\" class=\"graf-image\" src=\"https:\/\/www.europesays.com\/es\/wp-content\/uploads\/2025\/09\/av_medium__av_300556.jpeg\" data-db-id=\"300556\" src-normal=\"\/assets\/uploads\/obras\/58134\/av_medium__av_300556.jpeg\" src-full=\"\/assets\/uploads\/obras\/58134\/av_300556.jpeg\" style=\"\" data-fotografo=\"Iwan Baan\" title=\"Jardines Calder en Filadelfia\"\/><img decoding=\"async\" class=\"graf-image\" src=\"https:\/\/www.europesays.com\/es\/wp-content\/uploads\/2025\/09\/av_medium__av_300551.jpeg\" data-db-id=\"300551\" src-normal=\"\/assets\/uploads\/obras\/58134\/av_medium__av_300551.jpeg\" src-full=\"\/assets\/uploads\/obras\/58134\/av_300551.jpeg\" style=\"\" data-fotografo=\"Iwan Baan\" title=\"Jardines Calder en Filadelfia\"\/><img decoding=\"async\" class=\"graf-image\" src=\"https:\/\/www.europesays.com\/es\/wp-content\/uploads\/2025\/09\/av_medium__av_300554.jpeg\" data-db-id=\"300554\" src-normal=\"\/assets\/uploads\/obras\/58134\/av_medium__av_300554.jpeg\" src-full=\"\/assets\/uploads\/obras\/58134\/av_300554.jpeg\" style=\"\" data-fotografo=\"Iwan Baan\" title=\"Jardines Calder en Filadelfia\"\/><img decoding=\"async\" class=\"graf-image\" src=\"https:\/\/www.europesays.com\/es\/wp-content\/uploads\/2025\/09\/av_medium__av_300549.jpeg\" data-db-id=\"300549\" src-normal=\"\/assets\/uploads\/obras\/58134\/av_medium__av_300549.jpeg\" src-full=\"\/assets\/uploads\/obras\/58134\/av_300549.jpeg\" style=\"\" data-fotografo=\"Iwan Baan\" title=\"Jardines Calder en Filadelfia\"\/><img decoding=\"async\" class=\"graf-image\" src=\"https:\/\/www.europesays.com\/es\/wp-content\/uploads\/2025\/09\/av_medium__av_300552.jpeg\" data-db-id=\"300552\" src-normal=\"\/assets\/uploads\/obras\/58134\/av_medium__av_300552.jpeg\" src-full=\"\/assets\/uploads\/obras\/58134\/av_300552.jpeg\" style=\"\" data-fotografo=\"Iwan Baan\" title=\"Jardines Calder en Filadelfia\"\/><img decoding=\"async\" class=\"graf-image\" src=\"https:\/\/www.europesays.com\/es\/wp-content\/uploads\/2025\/09\/av_medium__av_300548.jpeg\" data-db-id=\"300548\" src-normal=\"\/assets\/uploads\/obras\/58134\/av_medium__av_300548.jpeg\" src-full=\"\/assets\/uploads\/obras\/58134\/av_300548.jpeg\" style=\"\" data-fotografo=\"Iwan Baan\" title=\"Jardines Calder en Filadelfia\"\/><img decoding=\"async\" class=\"graf-image\" src=\"https:\/\/www.europesays.com\/es\/wp-content\/uploads\/2025\/09\/av_medium__av_300550.jpeg\" data-db-id=\"300550\" src-normal=\"\/assets\/uploads\/obras\/58134\/av_medium__av_300550.jpeg\" src-full=\"\/assets\/uploads\/obras\/58134\/av_300550.jpeg\" style=\"\" data-fotografo=\"Iwan Baan\" title=\"Jardines Calder en Filadelfia\"\/><img decoding=\"async\" class=\"graf-image\" src=\"https:\/\/www.europesays.com\/es\/wp-content\/uploads\/2025\/09\/av_medium__av_300558.jpeg\" data-db-id=\"300558\" src-normal=\"\/assets\/uploads\/obras\/58134\/av_medium__av_300558.jpeg\" src-full=\"\/assets\/uploads\/obras\/58134\/av_300558.jpeg\" title=\"Jardines Calder en Filadelfia\"\/><img decoding=\"async\" class=\"graf-image\" src=\"https:\/\/www.europesays.com\/es\/wp-content\/uploads\/2025\/09\/av_medium__av_300559.jpeg\" data-db-id=\"300559\" src-normal=\"\/assets\/uploads\/obras\/58134\/av_medium__av_300559.jpeg\" src-full=\"\/assets\/uploads\/obras\/58134\/av_300559.jpeg\" style=\"\" title=\"Jardines Calder en Filadelfia\"\/><img decoding=\"async\" class=\"graf-image\" src=\"https:\/\/www.europesays.com\/es\/wp-content\/uploads\/2025\/09\/av_medium__av_300557.jpeg\" data-db-id=\"300557\" src-normal=\"\/assets\/uploads\/obras\/58134\/av_medium__av_300557.jpeg\" src-full=\"\/assets\/uploads\/obras\/58134\/av_300557.jpeg\" title=\"Jardines Calder en Filadelfia\"\/><img decoding=\"async\" class=\"graf-image\" src=\"https:\/\/www.europesays.com\/es\/wp-content\/uploads\/2025\/09\/av_medium__av_300565.jpeg\" data-db-id=\"300565\" src-normal=\"\/assets\/uploads\/obras\/58134\/av_medium__av_300565.jpeg\" src-full=\"\/assets\/uploads\/obras\/58134\/av_300565.jpeg\" style=\"\" title=\"Jardines Calder en Filadelfia\"\/><img decoding=\"async\" class=\"graf-image\" src=\"https:\/\/www.europesays.com\/es\/wp-content\/uploads\/2025\/09\/av_medium__av_300564.jpeg\" data-db-id=\"300564\" src-normal=\"\/assets\/uploads\/obras\/58134\/av_medium__av_300564.jpeg\" src-full=\"\/assets\/uploads\/obras\/58134\/av_300564.jpeg\" style=\"\" title=\"Jardines Calder en Filadelfia\"\/><img decoding=\"async\" class=\"graf-image\" src=\"https:\/\/www.europesays.com\/es\/wp-content\/uploads\/2025\/09\/av_medium__av_300563.jpeg\" data-db-id=\"300563\" src-normal=\"\/assets\/uploads\/obras\/58134\/av_medium__av_300563.jpeg\" src-full=\"\/assets\/uploads\/obras\/58134\/av_300563.jpeg\" style=\"\" title=\"Jardines Calder en Filadelfia\"\/><img decoding=\"async\" class=\"graf-image\" src=\"https:\/\/www.europesays.com\/es\/wp-content\/uploads\/2025\/09\/av_medium__av_300562.jpeg\" data-db-id=\"300562\" src-normal=\"\/assets\/uploads\/obras\/58134\/av_medium__av_300562.jpeg\" src-full=\"\/assets\/uploads\/obras\/58134\/av_300562.jpeg\" style=\"\" title=\"Jardines Calder en Filadelfia\"\/><img decoding=\"async\" class=\"graf-image\" src=\"https:\/\/www.europesays.com\/es\/wp-content\/uploads\/2025\/09\/av_medium__av_300561.jpeg\" data-db-id=\"300561\" src-normal=\"\/assets\/uploads\/obras\/58134\/av_medium__av_300561.jpeg\" src-full=\"\/assets\/uploads\/obras\/58134\/av_300561.jpeg\" title=\"Jardines Calder en Filadelfia\"\/><img decoding=\"async\" class=\"graf-image\" src=\"https:\/\/www.europesays.com\/es\/wp-content\/uploads\/2025\/09\/av_medium__av_300560.jpeg\" data-db-id=\"300560\" src-normal=\"\/assets\/uploads\/obras\/58134\/av_medium__av_300560.jpeg\" src-full=\"\/assets\/uploads\/obras\/58134\/av_300560.jpeg\" style=\"\" title=\"Jardines Calder en Filadelfia\"\/><\/p>\n","protected":false},"excerpt":{"rendered":"El 21 de septiembre se inauguran los Jardines Calder, un nuevo espacio cultural en el coraz\u00f3n de Filadelfia&hellip;\n","protected":false},"author":2,"featured_media":123615,"comment_status":"","ping_status":"","sticky":false,"template":"","format":"standard","meta":{"footnotes":""},"categories":[173],"tags":[229,233,231,230,232,234,146,147,25,24,23],"class_list":{"0":"post-123614","1":"post","2":"type-post","3":"status-publish","4":"format-standard","5":"has-post-thumbnail","7":"category-arte-y-diseno","8":"tag-arte","9":"tag-arte-y-diseno","10":"tag-arts","11":"tag-arts-and-design","12":"tag-design","13":"tag-diseno","14":"tag-entertainment","15":"tag-entretenimiento","16":"tag-es","17":"tag-espana","18":"tag-spain"},"share_on_mastodon":{"url":"","error":""},"_links":{"self":[{"href":"https:\/\/www.europesays.com\/es\/wp-json\/wp\/v2\/posts\/123614","targetHints":{"allow":["GET"]}}],"collection":[{"href":"https:\/\/www.europesays.com\/es\/wp-json\/wp\/v2\/posts"}],"about":[{"href":"https:\/\/www.europesays.com\/es\/wp-json\/wp\/v2\/types\/post"}],"author":[{"embeddable":true,"href":"https:\/\/www.europesays.com\/es\/wp-json\/wp\/v2\/users\/2"}],"replies":[{"embeddable":true,"href":"https:\/\/www.europesays.com\/es\/wp-json\/wp\/v2\/comments?post=123614"}],"version-history":[{"count":0,"href":"https:\/\/www.europesays.com\/es\/wp-json\/wp\/v2\/posts\/123614\/revisions"}],"wp:featuredmedia":[{"embeddable":true,"href":"https:\/\/www.europesays.com\/es\/wp-json\/wp\/v2\/media\/123615"}],"wp:attachment":[{"href":"https:\/\/www.europesays.com\/es\/wp-json\/wp\/v2\/media?parent=123614"}],"wp:term":[{"taxonomy":"category","embeddable":true,"href":"https:\/\/www.europesays.com\/es\/wp-json\/wp\/v2\/categories?post=123614"},{"taxonomy":"post_tag","embeddable":true,"href":"https:\/\/www.europesays.com\/es\/wp-json\/wp\/v2\/tags?post=123614"}],"curies":[{"name":"wp","href":"https:\/\/api.w.org\/{rel}","templated":true}]}}