{"id":123625,"date":"2025-09-18T18:59:08","date_gmt":"2025-09-18T18:59:08","guid":{"rendered":"https:\/\/www.europesays.com\/es\/123625\/"},"modified":"2025-09-18T18:59:08","modified_gmt":"2025-09-18T18:59:08","slug":"djmariio-nuevo-entrenador-virtual-para-el-malaga-cf","status":"publish","type":"post","link":"https:\/\/www.europesays.com\/es\/123625\/","title":{"rendered":"DjMariio, nuevo entrenador virtual para el M\u00e1laga CF"},"content":{"rendered":"<p><a href=\"https:\/\/www.merchanendirecto.es\/wp-content\/uploads\/2025\/09\/djmariio-malaga-cf-ea-fc-26.webp\" data-caption=\"\" rel=\"nofollow noopener\" target=\"_blank\"><img loading=\"lazy\" decoding=\"async\" width=\"696\" height=\"400\" class=\"entry-thumb td-modal-image\" src=\"https:\/\/www.europesays.com\/es\/wp-content\/uploads\/2025\/09\/djmariio-malaga-cf-ea-fc-26-696x400.webp.webp\"   alt=\"\" title=\"djmariio m\u00e1laga cf ea fc 26\"\/><\/a><\/p>\n<p>Nuevo entrenador virtual para el M\u00e1laga CF, evidentemente no hablamos de la vida real sino del videojuego <strong>EA FC 26<\/strong>. Se trata de DjMaRiiO. <strong>El conocido youtuber y comentarista del propio videojuego estuvo hace poco en M\u00e1laga grabando un v\u00eddeo en La Rosaleda<\/strong>. En el mismo, se ve como lo presentan como nuevo entrenador del M\u00e1laga CF en la sala de prensa del estadio de Martiricos. Y es que DjMaRiiO va a realizar un \u2018modo carrera\u2019 con el cuadro boquer\u00f3n en el que el objetivo es lograr devolver al M\u00e1laga a Primera Divisi\u00f3n. De cara al club malaguista, esta es una gran promoci\u00f3n tanto del equipo de f\u00fatbol como de la ciudad. Aunque sea un videojuego, DjMaRiiO mueve a millones de usuarios en Youtube y en sus redes sociales.\u00a0 <\/p>\n<p><a href=\"https:\/\/www.merchanendirecto.es\/malaga-cf\/estas-son-las-medias-que-tendra-el-malaga-cf-en-el-ea-fc-26\/\" target=\"_blank\" rel=\"noreferrer noopener nofollow\">Conoce las medias de valoraci\u00f3n del M\u00e1laga CF en EA FC 26<\/a><\/p>\n<p>ENLACE PARA VER EL MODO CARRERA DEL M\u00c1LAGA CF: <a href=\"https:\/\/www.youtube.com\/watch?v=hAeFKQSsqSA&amp;t=1494s\" rel=\"nofollow noopener\" target=\"_blank\">https:\/\/www.youtube.com\/watch?v=hAeFKQSsqSA&amp;t=1494s<\/a><\/p>\n<p>Art\u00edculo anterior<a href=\"https:\/\/www.merchanendirecto.es\/variedades\/este-septiembre-er-pichi-de-cai-repite-y-lo-hace-con-una-nueva-apertura-en-el-centro-historico-de-malaga\/\" rel=\"nofollow noopener\" target=\"_blank\">Este septiembre Er Pichi de C\u00e1i repite y lo hace con una nueva apertura en el centro hist\u00f3rico de M\u00e1laga<\/a>Art\u00edculo siguiente<a href=\"https:\/\/www.merchanendirecto.es\/variedades\/el-consejo-escolar-municipal-de-benalmadena-refuerza-su-compromiso-con-la-educacion-publica\/\" rel=\"nofollow noopener\" target=\"_blank\">El Consejo Escolar Municipal de Benalm\u00e1dena refuerza su compromiso con la educaci\u00f3n p\u00fablica<\/a>            <a href=\"https:\/\/www.merchanendirecto.es\/author\/radiomarca\/\" aria-label=\"author-photo\" rel=\"nofollow noopener\" target=\"_blank\"><img loading=\"lazy\" width=\"96\" height=\"96\" src=\"https:\/\/www.europesays.com\/es\/wp-content\/uploads\/2025\/08\/IMG-20211216-WA0011-96x96.jpg\" class=\"avatar avatar-96 photo\" alt=\"Radio Marca M\u00e1laga\" decoding=\"async\"  \/><\/a>                    <\/p>\n","protected":false},"excerpt":{"rendered":"Nuevo entrenador virtual para el M\u00e1laga CF, evidentemente no hablamos de la vida real sino del videojuego EA&hellip;\n","protected":false},"author":2,"featured_media":123626,"comment_status":"","ping_status":"","sticky":false,"template":"","format":"standard","meta":{"footnotes":""},"categories":[81],"tags":[119,123,124,40489,40490,25,24,117,121,122,23,118,120],"class_list":{"0":"post-123625","1":"post","2":"type-post","3":"status-publish","4":"format-standard","5":"has-post-thumbnail","7":"category-ciencia-y-tecnologia","8":"tag-ciencia","9":"tag-ciencia-y-tecnologia","10":"tag-cienciaytecnologia","11":"tag-djmariio","12":"tag-ea-fc-26","13":"tag-es","14":"tag-espana","15":"tag-science","16":"tag-science-and-technology","17":"tag-scienceandtechnology","18":"tag-spain","19":"tag-technology","20":"tag-tecnologia"},"share_on_mastodon":{"url":"","error":""},"_links":{"self":[{"href":"https:\/\/www.europesays.com\/es\/wp-json\/wp\/v2\/posts\/123625","targetHints":{"allow":["GET"]}}],"collection":[{"href":"https:\/\/www.europesays.com\/es\/wp-json\/wp\/v2\/posts"}],"about":[{"href":"https:\/\/www.europesays.com\/es\/wp-json\/wp\/v2\/types\/post"}],"author":[{"embeddable":true,"href":"https:\/\/www.europesays.com\/es\/wp-json\/wp\/v2\/users\/2"}],"replies":[{"embeddable":true,"href":"https:\/\/www.europesays.com\/es\/wp-json\/wp\/v2\/comments?post=123625"}],"version-history":[{"count":0,"href":"https:\/\/www.europesays.com\/es\/wp-json\/wp\/v2\/posts\/123625\/revisions"}],"wp:featuredmedia":[{"embeddable":true,"href":"https:\/\/www.europesays.com\/es\/wp-json\/wp\/v2\/media\/123626"}],"wp:attachment":[{"href":"https:\/\/www.europesays.com\/es\/wp-json\/wp\/v2\/media?parent=123625"}],"wp:term":[{"taxonomy":"category","embeddable":true,"href":"https:\/\/www.europesays.com\/es\/wp-json\/wp\/v2\/categories?post=123625"},{"taxonomy":"post_tag","embeddable":true,"href":"https:\/\/www.europesays.com\/es\/wp-json\/wp\/v2\/tags?post=123625"}],"curies":[{"name":"wp","href":"https:\/\/api.w.org\/{rel}","templated":true}]}}