{"id":123627,"date":"2025-09-18T19:00:07","date_gmt":"2025-09-18T19:00:07","guid":{"rendered":"https:\/\/www.europesays.com\/es\/123627\/"},"modified":"2025-09-18T19:00:07","modified_gmt":"2025-09-18T19:00:07","slug":"el-grupo-aleman-scout24-compra-los-portales-fotocasa-y-habitaclia-por-153-millones","status":"publish","type":"post","link":"https:\/\/www.europesays.com\/es\/123627\/","title":{"rendered":"El grupo alem\u00e1n Scout24 compra los portales Fotocasa y Habitaclia por 153 millones"},"content":{"rendered":"\n<p> El grupo alem\u00e1n<strong> Scout24<\/strong> ha anunciado este jueves la adquisici\u00f3n de los portales inmobiliarios espa\u00f1oles <strong>Fotocasa y Habitaclia <\/strong>en una transacci\u00f3n valorada en cerca de<strong> 153 millones de euros.<\/strong> <\/p>\n<p> El grupo, que opera Alemania y Austria a trav\u00e9s de<strong> ImmoScout24<\/strong>, ha se\u00f1alado en un comunicado que espera crear un ecosistema con <strong>28 millones<\/strong> de visitantes \u00fanicos al mes que facilitar\u00e1 a los agentes del <a href=\"https:\/\/www.elconfidencial.com\/vivienda\/2025-01-27\/este-es-el-distrito-mas-barato-de-cataluna-para-comprar-una-casa-este-ano_4051554\/\" target=\"_self\" rel=\"nofollow noopener\">sector inmobiliario<\/a> alemanes y espa\u00f1oles el acceso a sus respectivos mercados. <\/p>\n<p> La operaci\u00f3n est\u00e1 sujeta a que se complete en los pr\u00f3ximos meses la compra por parte del fondo de inversi\u00f3n sueco <strong>EQT<\/strong> del negocio de<a href=\"https:\/\/www.elconfidencial.com\/inmobiliario\/2025-07-21\/eqt-fotocasa-milanuncios-infojobs_4177120\/\" target=\"_self\" rel=\"nofollow noopener\"> Adevinta<\/a>, acordada en julio, que incluye portales como <strong>Milanuncios, InfoJobs, Coches.net, Fotocasa y Habitaclia<\/strong>, entre otros activos. <\/p>\n<p> Scout24, <strong>cotizada en la <a href=\"https:\/\/blogs.elconfidencial.com\/mercados\/bolsagora\/2025-09-17\/el-dax-como-canario-en-la-mina_4211225\/\" target=\"_self\" rel=\"nofollow noopener\">Bolsa de Fr\u00e1ncfort<\/a><\/strong>, ha subrayado que Espa\u00f1a es en estos momentos uno de los mercados inmobiliarios m\u00e1s atractivos de Europa y uno de los principales focos de la demanda internacional de propiedades. <\/p>\n<p> Fotocasa, fundada en 1999 y con sede en Barcelona, y Habitaclia, fundada en 2001 y con oficinas en<a href=\"https:\/\/www.elconfidencial.com\/espana\/cataluna\/2025-03-10\/investigan-agresion-sexual-usuarios-albergue-mataro-1tna_4082693\/\" target=\"_self\" rel=\"nofollow noopener\"> Matar\u00f3<\/a> (Barcelona), generan combinados <strong>m\u00e1s de 8 millones de usuarios activos al mes<\/strong> y listan cerca de un mill\u00f3n de propiedades inmobiliarias, ha se\u00f1alado Scout24. <\/p>\n<p> Mientras que Fotocasa opera en el conjunto del mercado espa\u00f1ol, <strong>Habitaclia est\u00e1 m\u00e1s centrada en regiones costeras<\/strong>, incluidas Catalu\u00f1a y Baleares, zonas particularmente populares para los compradores internacionales. <\/p>\n<p> Ambos portales continuar\u00e1n operando bajo sus actuales denominaciones y se mantendr\u00e1 el equipo de gesti\u00f3n a fin de asegurar su \u00ab<strong>profunda experiencia en el mercado local<\/strong>\u00ab, ha detallado Scout24. El grupo proyecta que ambos portales generen en torno a 60 millones de euros en ingresos este a\u00f1o y un beneficio bruto de explotaci\u00f3n (ebitda) proforma de unos<strong> 11 millones. <\/strong> <\/p>\n<p> El grupo alem\u00e1n<strong> Scout24<\/strong> ha anunciado este jueves la adquisici\u00f3n de los portales inmobiliarios espa\u00f1oles <strong>Fotocasa y Habitaclia <\/strong>en una transacci\u00f3n valorada en cerca de<strong> 153 millones de euros.<\/strong> <\/p>\n","protected":false},"excerpt":{"rendered":"El grupo alem\u00e1n Scout24 ha anunciado este jueves la adquisici\u00f3n de los portales inmobiliarios espa\u00f1oles Fotocasa y Habitaclia&hellip;\n","protected":false},"author":2,"featured_media":123628,"comment_status":"","ping_status":"","sticky":false,"template":"","format":"standard","meta":{"footnotes":""},"categories":[80],"tags":[82,95,94,25,24,23],"class_list":{"0":"post-123627","1":"post","2":"type-post","3":"status-publish","4":"format-standard","5":"has-post-thumbnail","7":"category-economia","8":"tag-business","9":"tag-economia","10":"tag-economy","11":"tag-es","12":"tag-espana","13":"tag-spain"},"share_on_mastodon":{"url":"","error":""},"_links":{"self":[{"href":"https:\/\/www.europesays.com\/es\/wp-json\/wp\/v2\/posts\/123627","targetHints":{"allow":["GET"]}}],"collection":[{"href":"https:\/\/www.europesays.com\/es\/wp-json\/wp\/v2\/posts"}],"about":[{"href":"https:\/\/www.europesays.com\/es\/wp-json\/wp\/v2\/types\/post"}],"author":[{"embeddable":true,"href":"https:\/\/www.europesays.com\/es\/wp-json\/wp\/v2\/users\/2"}],"replies":[{"embeddable":true,"href":"https:\/\/www.europesays.com\/es\/wp-json\/wp\/v2\/comments?post=123627"}],"version-history":[{"count":0,"href":"https:\/\/www.europesays.com\/es\/wp-json\/wp\/v2\/posts\/123627\/revisions"}],"wp:featuredmedia":[{"embeddable":true,"href":"https:\/\/www.europesays.com\/es\/wp-json\/wp\/v2\/media\/123628"}],"wp:attachment":[{"href":"https:\/\/www.europesays.com\/es\/wp-json\/wp\/v2\/media?parent=123627"}],"wp:term":[{"taxonomy":"category","embeddable":true,"href":"https:\/\/www.europesays.com\/es\/wp-json\/wp\/v2\/categories?post=123627"},{"taxonomy":"post_tag","embeddable":true,"href":"https:\/\/www.europesays.com\/es\/wp-json\/wp\/v2\/tags?post=123627"}],"curies":[{"name":"wp","href":"https:\/\/api.w.org\/{rel}","templated":true}]}}